{"id":14454,"date":"2025-08-21T17:32:11","date_gmt":"2025-08-21T17:32:11","guid":{"rendered":"https:\/\/www.europesays.com\/no\/14454\/"},"modified":"2025-08-21T17:32:11","modified_gmt":"2025-08-21T17:32:11","slug":"helse-kvinnehelse-tordner-mot-harald-eia-kanskje-vi-bare-burde-holde-kjeft","status":"publish","type":"post","link":"https:\/\/www.europesays.com\/no\/14454\/","title":{"rendered":"Helse, Kvinnehelse | Tordner mot Harald Eia: \u2013 Kanskje vi bare burde holde kjeft"},"content":{"rendered":"\n<p>Komikeren og samfunnsviteren Harald Eia har hisset p\u00e5 seg flere influensere etter sin opptreden hos Wolfgang Wee tidligere i uken.<\/p>\n<p>I podkasten prater Eia om sin kommende dokumentarserie \u00abHarald og sytepavene\u00bb p\u00e5 VGTV, der han ser p\u00e5 hvordan hjernen p\u00e5virker kroppens kroniske smerter.<\/p>\n<p>Der kommer han inn p\u00e5 hvordan det \u00e5 ofte snakke om helse, kan gj\u00f8re personer sykere \u2013 og han peker spesielt p\u00e5 kvinner.<\/p>\n<p>Mener kvinner sykeliggj\u00f8r seg selv<\/p>\n<p>\u2013 N\u00e5 vandrer jeg ut i et minefelt, sier Eia selv, f\u00f8r han trekker p\u00e5 det.<\/p>\n<p>\u2013 Damer synes det er j\u00e6vlig interessant \u00e5 snakke om helse. Alle ukebladene er fulle av helsestoff og VG vet jo dette og er fulle av helsestoff. Damer er interessert i helse, de er familiens sykepleier, begynner han.<\/p>\n<p>Han mener pratet og annerkjennelsen av sykdom og lidelse kan ha tydelige baksider.<\/p>\n<p>\u2013 Jeg tror kvinners helsefokus kan ha mange gode sider, de g\u00e5r ofte til legen. Men kanskje g\u00e5r de litt for ofte til legen? Og kanskje blir de litt sykere av denne helsepraten, forteller han i studioet til Wee.<\/p>\n<p>      \u2013 For et artig perspektiv<\/p>\n<p>Det har blant annet f\u00e5tt \u00ab16 ukers helvete\u00bb-profilen Frida Grande til \u00e5 reagere.<\/p>\n<p>I en innlegg p\u00e5 Instagram tordner livstilinfluenseren:<\/p>\n<p>\u2013 For et artig perspektiv du har p\u00e5 kvinnehelse, Harald Eia. At vi feeder p\u00e5 \u00e5 snakke om sykdom og at det nesten er en hobby for oss damer \u00e5 lese om det i ukebladene, sier hun til kamera etter \u00e5 ha spilt av klippet av Eia fra Wolfgang Wee.<\/p>\n<p>Les Harald Eias tilsvar lenger nede i saken. <\/p>\n<p>Deretter trekker hun frem at det tar i gjennomsnitt syv \u00e5r for kvinner \u00e5 f\u00e5 diagnosen endometriose. At  ofte ikke blir oppdaget f\u00f8r kvinner er i 30-\u00e5rene.<\/p>\n<p>\u2013 Fordi ingen i helsevesenet kan noe som helst om det og hvorfor vi en gang i m\u00e5neden f\u00e5r lyst til \u00e5 ta livet av oss? Nei, vi feeder p\u00e5 \u00e5 snakke om denne grusomme helsen v\u00e5r, sier hun videre.<\/p>\n<p><b>\u2013 Kanskje vi bare burde holde kjeft og skjerpe oss, legger hun til. <\/b><\/p>\n<p>\u2013 For lite kunnskap og for lite forskning<\/p>\n<p>Komiker og samfunnsdebattant Sofie Fr\u00f8ysaa og Sunniva Tillson er blant de som st\u00f8tter Grande i kommentarfeltet.<\/p>\n<p>\u2013 Aaaaah, s\u00e5 det er ikke det at vi ikke f\u00e5r hjelp eller at kvinnehelse blir tatt p\u00e5 alvor som gj\u00f8r oss syke, det er all PRATEN om det! Tenk at vi har driti oss ut s\u00e5 mye og ikke skj\u00f8nt dette f\u00f8r, damer. Skal heretter klappe igjen nebbet jeg, og h\u00e5pe at det g\u00e5r over av seg selv, kommenterer Fr\u00f8ysaa.<\/p>\n<p>P\u00e5 LinkedIn engasjerer ogs\u00e5 Madeleine Bj\u00f8rnestad R\u00f8e, gr\u00fcnder og daglig leder i Stack x me seg, og skriver om problemstillingen. Hun peker p\u00e5 at det er manglende kunnskap om kvinnehelse i det norske helsevesenet.<\/p>\n<p>\u2013 S\u00e5 ja, kanskje det feiler damene noe ekte. Som kunne v\u00e6rt l\u00f8st. Men det er for lite kunnskap, for lite forskning, skriver <a href=\"https:\/\/www.linkedin.com\/posts\/madeleine-bj%C3%B8rnestad-r%C3%B8ed_podkast-helse-mennass-activity-7364174479658311680-TCXZ?utm_medium=ios_app&amp;rcm=ACoAAC5hP5UBF4i8Kdx3q9l4JR9YFtVeybU9CPU&amp;utm_source=social_share_send&amp;utm_campaign=copy_link\" rel=\"Follow nofollow noopener\" target=\"_blank\">hun<\/a>.<\/p>\n<p>Eia: \u2013 Interessant \u00e5 diskutere<\/p>\n<p>Nettavisen har forelagt Harald Eia for kritikken. I en tekstmelding skriver han:<\/p>\n<p>\u2013 Det er veldig viktig og bra at flere enn f\u00f8r er opptatt av kvinnehelse. Mitt poeng er at det kanskje ogs\u00e5 er noen negative sider ved fokuset p\u00e5 helse og kroppslige plager.<\/p>\n<p>   <img decoding=\"async\" width=\"5709\" height=\"3806\" fetchpriority=\"low\"  loading=\"lazy\"  src=\"https:\/\/www.europesays.com\/no\/wp-content\/uploads\/2025\/08\/25-08-21+Harald+Eia.bin\" alt=\"Harald Eia i Oslo torsdag 21. august 2025.\" class=\"brick-c-cFOWSL\" style=\"--brick-image-ratio: 5709 \/ 3806;\"\/><\/p>\n<p>    SVARER: Harald Eia svarer kritikerne etter kvinnehelse-utspillet.<br \/>\n    Foto: Thomas Bl\u00f8ndal (Nettavisen)\n  <\/p>\n<p>Han understreker det han sier i podkasten: Snakker man mye om, tenker mye p\u00e5 eller bekymrer seg mye for ryggen, vil man kunne f\u00e5 mer vondt i ryggen, trekker han frem som et eksempel.<\/p>\n<p>\u2013 Det betyr ikke at de som har vondt skal holde kjeft eller ta seg sammen eller at de kan skylde seg selv. Men at fokus p\u00e5 skader og sykdom, kan forsterke folks smerter og plager. Hva skal vi gj\u00f8re med det? Jeg vet ikke. Men jeg synes det er interessant \u00e5 diskutere det, skriver han videre.<\/p>\n","protected":false},"excerpt":{"rendered":"Komikeren og samfunnsviteren Harald Eia har hisset p\u00e5 seg flere influensere etter sin opptreden hos Wolfgang Wee tidligere&hellip;\n","protected":false},"author":2,"featured_media":14455,"comment_status":"","ping_status":"","sticky":false,"template":"","format":"standard","meta":{"footnotes":""},"categories":[10],"tags":[36,20,21,24,25,15,736,2796,22,23,13,30,28,29,14,16,2797,1510,26,27],"class_list":{"0":"post-14454","1":"post","2":"type-post","3":"status-publish","4":"format-standard","5":"has-post-thumbnail","7":"category-norge","8":"tag-art","9":"tag-breaking-news","10":"tag-breakingnews","11":"tag-featured-news","12":"tag-featurednews","13":"tag-headlines","14":"tag-helse","15":"tag-kvinnehelse","16":"tag-latest-news","17":"tag-latestnews","18":"tag-news","19":"tag-no","20":"tag-norge","21":"tag-norway","22":"tag-nyheter","23":"tag-overskrifter","24":"tag-pmdd","25":"tag-story","26":"tag-top-stories","27":"tag-topstories"},"share_on_mastodon":{"url":"","error":""},"_links":{"self":[{"href":"https:\/\/www.europesays.com\/no\/wp-json\/wp\/v2\/posts\/14454","targetHints":{"allow":["GET"]}}],"collection":[{"href":"https:\/\/www.europesays.com\/no\/wp-json\/wp\/v2\/posts"}],"about":[{"href":"https:\/\/www.europesays.com\/no\/wp-json\/wp\/v2\/types\/post"}],"author":[{"embeddable":true,"href":"https:\/\/www.europesays.com\/no\/wp-json\/wp\/v2\/users\/2"}],"replies":[{"embeddable":true,"href":"https:\/\/www.europesays.com\/no\/wp-json\/wp\/v2\/comments?post=14454"}],"version-history":[{"count":0,"href":"https:\/\/www.europesays.com\/no\/wp-json\/wp\/v2\/posts\/14454\/revisions"}],"wp:featuredmedia":[{"embeddable":true,"href":"https:\/\/www.europesays.com\/no\/wp-json\/wp\/v2\/media\/14455"}],"wp:attachment":[{"href":"https:\/\/www.europesays.com\/no\/wp-json\/wp\/v2\/media?parent=14454"}],"wp:term":[{"taxonomy":"category","embeddable":true,"href":"https:\/\/www.europesays.com\/no\/wp-json\/wp\/v2\/categories?post=14454"},{"taxonomy":"post_tag","embeddable":true,"href":"https:\/\/www.europesays.com\/no\/wp-json\/wp\/v2\/tags?post=14454"}],"curies":[{"name":"wp","href":"https:\/\/api.w.org\/{rel}","templated":true}]}}