{"id":144711,"date":"2026-01-22T22:14:17","date_gmt":"2026-01-22T22:14:17","guid":{"rendered":"https:\/\/www.europesays.com\/no\/144711\/"},"modified":"2026-01-22T22:14:17","modified_gmt":"2026-01-22T22:14:17","slug":"rbk-sport-ny-hverdag-for-rasmus-etter-kameratens-rbk-exit-far-se-hvordan-det-utspiller-seg","status":"publish","type":"post","link":"https:\/\/www.europesays.com\/no\/144711\/","title":{"rendered":"RBK, Sport | Ny hverdag for Rasmus etter kameratens RBK-exit: \u2013 F\u00e5r se hvordan det utspiller seg"},"content":{"rendered":"\n<p>Sander Tangvik har offisielt forlatt Rosenborg i en overgang til tyske Hamburg. Det <a href=\"https:\/\/www.nidaros.no\/rbk-bekrefter-tangvik-solgt-hamburg\/s\/5-113-806720\" rel=\"Follow nofollow noopener\" target=\"_blank\">bekreftet klubben<\/a> torsdag formiddag.<\/p>\n<p>For Rasmus Sandberg var det mer enn en lagkamerat som dro fra Lerkendal.<\/p>\n<p>\u2013 Det er litt rart. Det er det jeg har v\u00e6rt vant med. Vi er veldig gode kompiser, og det er naturlig etter \u00e5 ha v\u00e6rt sammen i et team s\u00e5 lenge, sier Sandberg etter tirsdagens \u00f8kt.<\/p>\n<p>Tangvik kom til RBK-akademiet i 2017, \u00e5ret etter Sandberg, og duoen tok stegene sammen. Etter Sandbergs retur fra Stj\u00f8rdals-Blink i 2024 har de v\u00e6rt et team sammen med keepertrener Alexander Lund Hansen, og samtidig konkurrert om plassen mellom stengene.<\/p>\n<p>\u2013 Jeg er veldig glad p\u00e5 Sander sin vegne. Vi har v\u00e6rt sammen i rundt ti \u00e5r og startet som 15-16-\u00e5ringer med \u00abLunna\u00bb. Vi har jobbet som et team i lang tid. Jeg er stolt jeg ogs\u00e5, for jeg f\u00f8ler jeg har v\u00e6rt med p\u00e5 den reisen. Det viser hva \u00e5 vokse opp i Tr\u00f8ndelag og riktig milj\u00f8 kan gj\u00f8re, og det er akkurat det samme milj\u00f8et jeg har vokst opp i, sier Sandberg.<\/p>\n<p><b>I forrige uke kunne <a href=\"https:\/\/www.nidaros.no\/nidaros-erfarer-denne-klubben-vil-ha-tangvik-rbk-med-bud-pa-erstatter\/s\/5-113-806156\" rel=\"Follow nofollow noopener\" target=\"_blank\">Nidaros melde<\/a> at Leopold Wahlstedt er p\u00e5 listen til Finnbogason, og n\u00e5 skal ogs\u00e5 RBK ha presentert et bud p\u00e5 den svenske keeperen. Uansett vil dynamikken rundt keeperplassen ha endret seg med Tangvik-salget. <\/b><\/p>\n<p>  <a href=\"https:\/\/www.nidaros.no\/5-113-806316\" class=\"related-teaser has-image default-story-teaser article--c-eRUmMG article--c-eRUmMG-jKCPdD-design-default\" rel=\"nofollow noopener\" target=\"_blank\"><\/p>\n<p>    <img decoding=\"async\" loading=\"lazy\"  src=\"https:\/\/www.europesays.com\/no\/wp-content\/uploads\/2026\/01\/NTB_ymjk9b-_u3U.jpg\" alt=\"\" class=\"brick-c-cFOWSL\" style=\"\"\/><\/p>\n<p>\n            Les ogs\u00e5<\/p>\n<p>              RBK-sjefen bekrefter: Akseptert bud\n        <\/p>\n<p>  <\/a><br \/>\n  \u2013 Mentaliteten min er den samme<\/p>\n<p>Etter kun to cupkamper i m\u00e5l forrige sesong, s\u00e5 har Sandberg v\u00e6rt klar p\u00e5 at det har blitt for lite spilletid. Dersom Wahlstedt kommer inn er det ny konkurranse om keeperplassen.<\/p>\n<p>\u2013 Ser du ogs\u00e5 dette som en mulighet for mer spilletid?<\/p>\n<p>\u2013 Ikke n\u00f8dvendigvis, men mentaliteten min er den samme. Jeg g\u00e5r med innstillingen om at jeg skal spille hver eneste kamp, og den har jeg hatt i to \u00e5r. N\u00e5 blir dynamikken litt annerledes, men mentaliteten min er helt lik. Jeg skal spille hver kamp, og det er det jeg alltid trener for, s\u00e5 f\u00e5r vi se hvordan det utspiller seg, sier Sandberg.<\/p>\n<p>\u2013 Du er RBK-spiller denne sesongen?<\/p>\n<p>\u2013 Ja, det er jeg. Jeg har ikke f\u00e5tt noen indikasjoner p\u00e5 noe annet. Jeg er interessert i \u00e5 rette opp det inntrykket Rosenborg har lagt bak seg, for det mener jeg ikke er Rosenborg verdig, sier keeperen.<\/p>\n<p>  <a href=\"https:\/\/www.nidaros.no\/5-113-806156\" class=\"related-teaser has-image default-story-teaser article--c-eRUmMG article--c-eRUmMG-jKCPdD-design-default\" rel=\"nofollow noopener\" target=\"_blank\"><\/p>\n<p>    <img decoding=\"async\" loading=\"lazy\"  src=\"https:\/\/www.europesays.com\/no\/wp-content\/uploads\/2026\/01\/1769120056_55_20251211_122958.jpg\" alt=\"\" class=\"brick-c-cFOWSL\" style=\"\"\/><\/p>\n<p>\n            Les ogs\u00e5<\/p>\n<p>              Nidaros erfarer: Denne klubben vil ha Tangvik \u2013 RBK med bud p\u00e5 erstatter\n        <\/p>\n<p>  <\/a><br \/>\n  \u2013 Bittert \u00e5 gi seg etter fjor\u00e5ret<\/p>\n<p>Etter samling p\u00e5 Fr\u00f8ya forrige helg er Koteng Arena treningsarena denne uken. L\u00f8rdag setter laget kursen mot Portugal og Quinta do Lago hvor de skal tilbringe dr\u00f8ye to uker.<\/p>\n<p>Etter avslutningen i fjor leverte Sandberg en <a href=\"https:\/\/www.nidaros.no\/rbk-keeperen-har-hatt-det-virkelig-vondt-inni-meg\/s\/5-113-791360\" rel=\"Follow nofollow noopener\" target=\"_blank\">hard dom over 2025<\/a> i Rosenborg. N\u00e5 er han fast bestemt p\u00e5 at klubben skal vise seg fra en bedre side.<\/p>\n<p>\u2013 Det var litt bittert \u00e5 gi seg etter fjor\u00e5ret, for vi har ikke mye \u00e5 vise til. B\u00e5de som klubb utad og p\u00e5 matta. Det er mye vi m\u00e5 rette opp i. Fjor\u00e5ret var ikke det inntrykket Rosenborg skal gi, og det var ikke representativt for oss, mener jeg. N\u00e5 er det deilig \u00e5 kunne begynne \u00e5 dra i tr\u00e5dene og rette opp det inntrykket igjen, sier han om oppkj\u00f8ringen s\u00e5 langt.<\/p>\n<p>  <a href=\"https:\/\/www.nidaros.no\/5-113-805402\" class=\"related-teaser has-image default-story-teaser article--c-eRUmMG article--c-eRUmMG-jKCPdD-design-default\" rel=\"nofollow noopener\" target=\"_blank\"><\/p>\n<p>    <img decoding=\"async\" loading=\"lazy\"  src=\"https:\/\/www.europesays.com\/no\/wp-content\/uploads\/2026\/01\/1769120056_878_260115-victor.jpg\" alt=\"\" class=\"brick-c-cFOWSL\" style=\"\"\/><\/p>\n<p>\n            Les ogs\u00e5<\/p>\n<p>              Han er RBKs nye ansettelse\n        <\/p>\n<p>  <\/a><\/p>\n<p>  <a href=\"https:\/\/www.nidaros.no\/5-113-804857\" class=\"related-teaser has-image default-story-teaser article--c-eRUmMG article--c-eRUmMG-jKCPdD-design-default\" rel=\"nofollow noopener\" target=\"_blank\"><\/p>\n<p>    <img decoding=\"async\" loading=\"lazy\"  src=\"https:\/\/www.europesays.com\/no\/wp-content\/uploads\/2026\/01\/20260115_093201.jpg\" alt=\"\" class=\"brick-c-cFOWSL\" style=\"\"\/><\/p>\n<p>\n            Les ogs\u00e5<\/p>\n<p>              RBK-sjefen offensivt tilbake fra juleferie i Australia. Peker p\u00e5 fire punkter \u00e5 forbedre i 2026\n        <\/p>\n<p>  <\/a><\/p>\n","protected":false},"excerpt":{"rendered":"Sander Tangvik har offisielt forlatt Rosenborg i en overgang til tyske Hamburg. Det bekreftet klubben torsdag formiddag. For&hellip;\n","protected":false},"author":2,"featured_media":144712,"comment_status":"","ping_status":"","sticky":false,"template":"","format":"standard","meta":{"footnotes":"","_share_on_mastodon":"0"},"categories":[59],"tags":[36,92,16232,30,28,29,16231,586,1889,83,82,1510],"class_list":["post-144711","post","type-post","status-publish","format-standard","has-post-thumbnail","category-sport","tag-art","tag-fotball","tag-leopold-wahlstedt","tag-no","tag-norge","tag-norway","tag-rasmus-sandberg","tag-rbk","tag-sander-tangvik","tag-sport","tag-sports","tag-story"],"share_on_mastodon":{"url":"https:\/\/pubeurope.com\/@no\/115941059044702389","error":""},"_links":{"self":[{"href":"https:\/\/www.europesays.com\/no\/wp-json\/wp\/v2\/posts\/144711","targetHints":{"allow":["GET"]}}],"collection":[{"href":"https:\/\/www.europesays.com\/no\/wp-json\/wp\/v2\/posts"}],"about":[{"href":"https:\/\/www.europesays.com\/no\/wp-json\/wp\/v2\/types\/post"}],"author":[{"embeddable":true,"href":"https:\/\/www.europesays.com\/no\/wp-json\/wp\/v2\/users\/2"}],"replies":[{"embeddable":true,"href":"https:\/\/www.europesays.com\/no\/wp-json\/wp\/v2\/comments?post=144711"}],"version-history":[{"count":0,"href":"https:\/\/www.europesays.com\/no\/wp-json\/wp\/v2\/posts\/144711\/revisions"}],"wp:featuredmedia":[{"embeddable":true,"href":"https:\/\/www.europesays.com\/no\/wp-json\/wp\/v2\/media\/144712"}],"wp:attachment":[{"href":"https:\/\/www.europesays.com\/no\/wp-json\/wp\/v2\/media?parent=144711"}],"wp:term":[{"taxonomy":"category","embeddable":true,"href":"https:\/\/www.europesays.com\/no\/wp-json\/wp\/v2\/categories?post=144711"},{"taxonomy":"post_tag","embeddable":true,"href":"https:\/\/www.europesays.com\/no\/wp-json\/wp\/v2\/tags?post=144711"}],"curies":[{"name":"wp","href":"https:\/\/api.w.org\/{rel}","templated":true}]}}