{"id":14478,"date":"2025-08-21T17:52:08","date_gmt":"2025-08-21T17:52:08","guid":{"rendered":"https:\/\/www.europesays.com\/no\/14478\/"},"modified":"2025-08-21T17:52:08","modified_gmt":"2025-08-21T17:52:08","slug":"nyheter-voss-luftambulansen-rykker-ut-til-atv-ulykke-pa-voss","status":"publish","type":"post","link":"https:\/\/www.europesays.com\/no\/14478\/","title":{"rendered":"Nyheter, Voss | Luftambulansen rykker ut til ATV-ulykke p\u00e5 Voss"},"content":{"rendered":"\n<p>En  er involvert i en ulykke p\u00e5 Voss, melder politiet torsdag kveld. <\/p>\n<p>\u2013 Det fremst\u00e5r som en singelulykke uten andre kj\u00f8ret\u00f8y involvert, opplyser operasjonsleder Knut Dahl-Michelsen.<\/p>\n<p>Alle n\u00f8detatene, inkludert luftambulansen, rykket ut.<\/p>\n<p>Klokken 1828 melder politiet at det p\u00e5g\u00e5r f\u00f8rstehjelp. Hendelsesforl\u00f8pet er fremdeles uklart.<\/p>\n<p>Vaktleder Shahrooz Lahooti ved 110-sentralen sier at de ble varslet om ulykken klokken 1801. <\/p>\n<p>BA oppdaterer saken.<\/p>\n<p>Les mer om: artikkelemnene<\/p>\n","protected":false},"excerpt":{"rendered":"En er involvert i en ulykke p\u00e5 Voss, melder politiet torsdag kveld. \u2013 Det fremst\u00e5r som en singelulykke&hellip;\n","protected":false},"author":2,"featured_media":14479,"comment_status":"","ping_status":"","sticky":false,"template":"","format":"standard","meta":{"footnotes":""},"categories":[12],"tags":[36,20,21,24,25,15,22,23,13,30,28,29,14,16,1510,26,27,51,42,1847,43,44,45],"class_list":{"0":"post-14478","1":"post","2":"type-post","3":"status-publish","4":"format-standard","5":"has-post-thumbnail","7":"category-verden","8":"tag-art","9":"tag-breaking-news","10":"tag-breakingnews","11":"tag-featured-news","12":"tag-featurednews","13":"tag-headlines","14":"tag-latest-news","15":"tag-latestnews","16":"tag-news","17":"tag-no","18":"tag-norge","19":"tag-norway","20":"tag-nyheter","21":"tag-overskrifter","22":"tag-story","23":"tag-top-stories","24":"tag-topstories","25":"tag-ulykke","26":"tag-verden","27":"tag-voss","28":"tag-world","29":"tag-world-news","30":"tag-worldnews"},"share_on_mastodon":{"url":"","error":""},"_links":{"self":[{"href":"https:\/\/www.europesays.com\/no\/wp-json\/wp\/v2\/posts\/14478","targetHints":{"allow":["GET"]}}],"collection":[{"href":"https:\/\/www.europesays.com\/no\/wp-json\/wp\/v2\/posts"}],"about":[{"href":"https:\/\/www.europesays.com\/no\/wp-json\/wp\/v2\/types\/post"}],"author":[{"embeddable":true,"href":"https:\/\/www.europesays.com\/no\/wp-json\/wp\/v2\/users\/2"}],"replies":[{"embeddable":true,"href":"https:\/\/www.europesays.com\/no\/wp-json\/wp\/v2\/comments?post=14478"}],"version-history":[{"count":0,"href":"https:\/\/www.europesays.com\/no\/wp-json\/wp\/v2\/posts\/14478\/revisions"}],"wp:featuredmedia":[{"embeddable":true,"href":"https:\/\/www.europesays.com\/no\/wp-json\/wp\/v2\/media\/14479"}],"wp:attachment":[{"href":"https:\/\/www.europesays.com\/no\/wp-json\/wp\/v2\/media?parent=14478"}],"wp:term":[{"taxonomy":"category","embeddable":true,"href":"https:\/\/www.europesays.com\/no\/wp-json\/wp\/v2\/categories?post=14478"},{"taxonomy":"post_tag","embeddable":true,"href":"https:\/\/www.europesays.com\/no\/wp-json\/wp\/v2\/tags?post=14478"}],"curies":[{"name":"wp","href":"https:\/\/api.w.org\/{rel}","templated":true}]}}