{"id":144790,"date":"2026-01-23T00:38:36","date_gmt":"2026-01-23T00:38:36","guid":{"rendered":"https:\/\/www.europesays.com\/no\/144790\/"},"modified":"2026-01-23T00:38:36","modified_gmt":"2026-01-23T00:38:36","slug":"mann-fraranet-bilen-sin-i-mjondalen","status":"publish","type":"post","link":"https:\/\/www.europesays.com\/no\/144790\/","title":{"rendered":"Mann fraranet bilen sin i Mj\u00f8ndalen"},"content":{"rendered":"\n<p class=\"_lead_o9xde_2 _lead_xtcu6_50 layout-component text-serif-m layout-normal text-serif-l layout-component layout-wide layout-padded _wide_17hqh_1 layout-padded\">Torsdag kveld ble en mann utsatt for vold og fraranet bilen sin i Mj\u00f8ndalen. Politiet leter etter to ranere med store ressurser.<\/p>\n<ul aria-hidden=\"true\" class=\"_images_ntbth_112\">\n<li><a class=\"_link_ntbth_117\" href=\"https:\/\/www.vg.no\/forfatter\/svanhild-boee\" style=\"z-index:2\" title=\"Svanhild B\u00f8e\" rel=\"nofollow noopener\" target=\"_blank\"><img alt=\"Bilde av Svanhild B\u00f8e\" class=\"_image_ntbth_93\" fetchpriority=\"low\" loading=\"lazy\" decoding=\"async\" itemprop=\"image\"  src=\"https:\/\/www.europesays.com\/no\/wp-content\/uploads\/2026\/01\/1769128716_929_2c6a983e-8ef8-4c60-8e5a-75c7e7bc3314.jpeg\"  width=\"480\"\/><\/a><\/li>\n<li><a class=\"_link_ntbth_117\" href=\"https:\/\/www.vg.no\/forfatter\/ntb\" style=\"z-index:1\" title=\"NTB\" rel=\"nofollow noopener\" target=\"_blank\"><img alt=\"Bilde av NTB\" class=\"_image_ntbth_93\" fetchpriority=\"low\" loading=\"lazy\" decoding=\"async\" itemprop=\"image\"  src=\"https:\/\/www.europesays.com\/no\/wp-content\/uploads\/2026\/01\/1769128716_619_c33980b0-5d07-4027-84a1-813f90a7c8d6.png\"  width=\"480\"\/><\/a><\/li>\n<\/ul>\n<p> Oppdatert torsdag 22. januar kl. 21:36     <\/p>\n<p class=\"_paragraph_o9xde_4 _paragraph_xtcu6_10 layout-component text-serif-m layout-normal text-serif-m layout-padded\">Politiet meldte om hendelsen utenfor <a href=\"https:\/\/www.vg.no\/tag\/mjoendalen?utm_source=vg-article&amp;utm_medium=auto-tagger&amp;utm_campaign=7pKEA4\" class=\"_link_o9xde_39\" rel=\"nofollow noopener\" target=\"_blank\">Mj\u00f8ndalen<\/a> jernbanestasjon like f\u00f8r klokken 20 torsdag kveld. <\/p>\n<p class=\"_paragraph_o9xde_4 _paragraph_xtcu6_10 layout-component text-serif-m layout-normal text-serif-m layout-padded\">En mann hadde blitt utsatt for vold fra to personer utenfor stasjonen. S\u00e5 hadde de tatt bilen hans og kj\u00f8rt av g\u00e5rde.<\/p>\n<p class=\"_paragraph_o9xde_4 _paragraph_xtcu6_10 layout-component text-serif-m layout-normal text-serif-m layout-padded\">\u2013 Telefonen var inne i bilen, s\u00e5 bileieren hadde l\u00f8pt til et hus i n\u00e6rheten der han fikk ringt politiet, forteller operasjonsleder St\u00e5le Olstad Fuglaas til NTB.<\/p>\n<p class=\"_paragraph_o9xde_4 _paragraph_xtcu6_10 layout-component text-serif-m layout-normal text-serif-m layout-padded\">Flere politipatruljer rykket til Mj\u00f8ndalen og m\u00f8tte ransofferet. Han sitter torsdag kveld i avh\u00f8r. <\/p>\n<p class=\"_paragraph_o9xde_4 _paragraph_xtcu6_10 layout-component text-serif-m layout-normal text-serif-m layout-padded\">\u2013 Han er fysisk uskadet, men preget av hendelsen. Han har forklart at to menn, formentlig av \u00f8steuropeisk opprinnelse, kom til ham, utsatte ham for vold og stakk av. Vi har satt mange ressurser p\u00e5 dette n\u00e5, sier Fuglaas videre. <\/p>\n<p class=\"_paragraph_o9xde_4 _paragraph_xtcu6_10 layout-component text-serif-m layout-normal text-serif-m layout-padded\">Bilen er en gr\u00e5 Mazda 3 med et kjennemerke som begynner p\u00e5 KH 47. <\/p>\n<p>Ikke brukt v\u00e5pen<\/p>\n<p class=\"_paragraph_o9xde_4 _paragraph_xtcu6_10 layout-component text-serif-m layout-normal text-serif-m layout-padded\">\u2013 Vi har f\u00e5tt innhentet kameraoverv\u00e5kning i omr\u00e5det der ranet skjedde, sier Fuglaas til VG. <\/p>\n<p class=\"_paragraph_o9xde_4 _paragraph_xtcu6_10 layout-component text-serif-m layout-normal text-serif-m layout-padded\">Bildene av hendelsen skal v\u00e6re gode, opplyser operasjonsleder. <\/p>\n<p class=\"_paragraph_o9xde_4 _paragraph_xtcu6_10 layout-component text-serif-m layout-normal text-serif-m layout-padded\">\u2013 Det ikke skal ha blitt brukt v\u00e5pen, men de to mennene ga ransofferet et par slag, for s\u00e5 \u00e5 dytte han inn i siden p\u00e5 bilen. <\/p>\n<p class=\"_paragraph_o9xde_4 _paragraph_xtcu6_10 layout-component text-serif-m layout-normal text-serif-m layout-padded\">Fuglaas forteller at ransofferet sto p\u00e5 utsiden av jernbanestasjonen for \u00e5 plukke opp noen, da de to mennene opps\u00f8kte han. <\/p>\n<p class=\"_paragraph_o9xde_4 _paragraph_xtcu6_10 layout-component text-serif-m layout-normal text-serif-m layout-padded\">\u2013 N\u00e5 opps\u00f8ker vi milj\u00f8 som passer til beskrivelsen av gjerningsmennene, samtidig som vi ser p\u00e5 overv\u00e5kningsbildene, sier Fuglaas. <\/p>\n","protected":false},"excerpt":{"rendered":"Torsdag kveld ble en mann utsatt for vold og fraranet bilen sin i Mj\u00f8ndalen. Politiet leter etter to&hellip;\n","protected":false},"author":2,"featured_media":144791,"comment_status":"","ping_status":"","sticky":false,"template":"","format":"standard","meta":{"footnotes":"","_share_on_mastodon":"0"},"categories":[12],"tags":[20,21,24,25,15,22,23,2070,2946,13,30,28,29,14,16,468,26,27,42,43,44,45],"class_list":["post-144790","post","type-post","status-publish","format-standard","has-post-thumbnail","category-verden","tag-breaking-news","tag-breakingnews","tag-featured-news","tag-featurednews","tag-headlines","tag-latest-news","tag-latestnews","tag-mazda","tag-mjondalen","tag-news","tag-no","tag-norge","tag-norway","tag-nyheter","tag-overskrifter","tag-politiet","tag-top-stories","tag-topstories","tag-verden","tag-world","tag-world-news","tag-worldnews"],"share_on_mastodon":{"url":"https:\/\/pubeurope.com\/@no\/115941625239228697","error":""},"_links":{"self":[{"href":"https:\/\/www.europesays.com\/no\/wp-json\/wp\/v2\/posts\/144790","targetHints":{"allow":["GET"]}}],"collection":[{"href":"https:\/\/www.europesays.com\/no\/wp-json\/wp\/v2\/posts"}],"about":[{"href":"https:\/\/www.europesays.com\/no\/wp-json\/wp\/v2\/types\/post"}],"author":[{"embeddable":true,"href":"https:\/\/www.europesays.com\/no\/wp-json\/wp\/v2\/users\/2"}],"replies":[{"embeddable":true,"href":"https:\/\/www.europesays.com\/no\/wp-json\/wp\/v2\/comments?post=144790"}],"version-history":[{"count":0,"href":"https:\/\/www.europesays.com\/no\/wp-json\/wp\/v2\/posts\/144790\/revisions"}],"wp:featuredmedia":[{"embeddable":true,"href":"https:\/\/www.europesays.com\/no\/wp-json\/wp\/v2\/media\/144791"}],"wp:attachment":[{"href":"https:\/\/www.europesays.com\/no\/wp-json\/wp\/v2\/media?parent=144790"}],"wp:term":[{"taxonomy":"category","embeddable":true,"href":"https:\/\/www.europesays.com\/no\/wp-json\/wp\/v2\/categories?post=144790"},{"taxonomy":"post_tag","embeddable":true,"href":"https:\/\/www.europesays.com\/no\/wp-json\/wp\/v2\/tags?post=144790"}],"curies":[{"name":"wp","href":"https:\/\/api.w.org\/{rel}","templated":true}]}}