{"id":14492,"date":"2025-08-21T18:09:15","date_gmt":"2025-08-21T18:09:15","guid":{"rendered":"https:\/\/www.europesays.com\/no\/14492\/"},"modified":"2025-08-21T18:09:15","modified_gmt":"2025-08-21T18:09:15","slug":"to-norske-bater-til-a-finale-i-padle-vm","status":"publish","type":"post","link":"https:\/\/www.europesays.com\/no\/14492\/","title":{"rendered":"To norske b\u00e5ter til A-finale i padle-VM"},"content":{"rendered":"\n<p class=\"_lead_1bvmi_2 _lead_xtcu6_50 layout-component text-serif-m layout-normal text-serif-l layout-component layout-wide layout-padded _wide_17hqh_1 layout-padded\">Gunnar Eide p\u00e5 K1 200 meter og Norges K4-b\u00e5t p\u00e5 500 meter er klare for finale i VM padling i Milano.<\/p>\n<p><img alt=\"Anna Margrete Sletsj\u00f8e er blant fire norske padlere som skal i aksjon i A-finalen p\u00e5 K4 500 meter.&#10;Foto: Beate Oma Dahle \/ NTB\" class=\"_image_qp4xg_65 layout-component layout-wide\" data-fullscreen- data-track-element-type=\"Article image fullscreen\" data-track-name=\"ImageFullscreen\" fetchpriority=\"high\" decoding=\"sync\" loading=\"eager\" height=\"5139\" itemprop=\"image\"  src=\"https:\/\/www.europesays.com\/no\/wp-content\/uploads\/2025\/08\/0d4b1e4e-25bc-4221-ab4c-bdc1b3520951\"  style=\"object-position:0% 0%\" width=\"7709\"\/>Anna Margrete Sletsj\u00f8e er blant fire norske padlere som skal i aksjon i A-finalen p\u00e5 K4 500 meter.<br \/>\nFoto: Beate Oma Dahle \/ NTB<\/p>\n<ul aria-hidden=\"true\" class=\"_images_1y6fe_106\">\n<li><a class=\"_link_1y6fe_111\" href=\"https:\/\/www.vg.no\/forfatter\/ntb\" style=\"z-index:1\" title=\"NTB\" rel=\"nofollow noopener\" target=\"_blank\"><img alt=\"Bilde av NTB\" class=\"_image_1y6fe_88\" fetchpriority=\"low\" loading=\"lazy\" decoding=\"async\" itemprop=\"image\"  src=\"https:\/\/www.europesays.com\/no\/wp-content\/uploads\/2025\/08\/1755799755_606_c33980b0-5d07-4027-84a1-813f90a7c8d6\"  width=\"480\"\/><\/a><\/li>\n<\/ul>\n<p> Oppdatert torsdag 21. august kl. 15:18     <\/p>\n<p class=\"_paragraph_1bvmi_4 _paragraph_xtcu6_10 layout-component text-serif-m layout-normal text-serif-m layout-padded\">Eide imponerte med 2.-plass i semifinalen og var dr\u00f8ye halvsekundet bak den italienske heatvinneren Andrea Di Liberto. De tre beste i hvert semifinaleheat g\u00e5r til A-finale.<\/p>\n<p class=\"_paragraph_1bvmi_4 _paragraph_xtcu6_10 layout-component text-serif-m layout-normal text-serif-m layout-padded\">Tidligere tok kvartetten Kristine Strand Amundsen, Anna Sletsj\u00f8e, Elsa-Marie Stensholt og Maria Virik seg ogs\u00e5 til A-finale.<\/p>\n<p class=\"_paragraph_1bvmi_4 _paragraph_xtcu6_10 layout-component text-serif-m layout-normal text-serif-m layout-padded\">De norske kvinnene endte p\u00e5 3.-plass i semifinalen bak Spania og Kina. Halvveis l\u00e5 de norske padlerne p\u00e5 4.-plass, men de n\u00e6rmet seg teten for alvor i innspurten og kom i m\u00e5l bare 71 hundredels sekund bak den spanske vinnerb\u00e5ten.<\/p>\n<p class=\"_paragraph_1bvmi_4 _paragraph_xtcu6_10 layout-component text-serif-m layout-normal text-serif-m layout-padded\">Elise Austvoll Erland endte sist i semifinalen p\u00e5 K1 1000 meter og gikk ikke til finale.<\/p>\n","protected":false},"excerpt":{"rendered":"Gunnar Eide p\u00e5 K1 200 meter og Norges K4-b\u00e5t p\u00e5 500 meter er klare for finale i VM&hellip;\n","protected":false},"author":2,"featured_media":14493,"comment_status":"","ping_status":"","sticky":false,"template":"","format":"standard","meta":{"footnotes":""},"categories":[59],"tags":[30,28,29,2802,83,82],"class_list":{"0":"post-14492","1":"post","2":"type-post","3":"status-publish","4":"format-standard","5":"has-post-thumbnail","7":"category-sport","8":"tag-no","9":"tag-norge","10":"tag-norway","11":"tag-padling","12":"tag-sport","13":"tag-sports"},"share_on_mastodon":{"url":"","error":""},"_links":{"self":[{"href":"https:\/\/www.europesays.com\/no\/wp-json\/wp\/v2\/posts\/14492","targetHints":{"allow":["GET"]}}],"collection":[{"href":"https:\/\/www.europesays.com\/no\/wp-json\/wp\/v2\/posts"}],"about":[{"href":"https:\/\/www.europesays.com\/no\/wp-json\/wp\/v2\/types\/post"}],"author":[{"embeddable":true,"href":"https:\/\/www.europesays.com\/no\/wp-json\/wp\/v2\/users\/2"}],"replies":[{"embeddable":true,"href":"https:\/\/www.europesays.com\/no\/wp-json\/wp\/v2\/comments?post=14492"}],"version-history":[{"count":0,"href":"https:\/\/www.europesays.com\/no\/wp-json\/wp\/v2\/posts\/14492\/revisions"}],"wp:featuredmedia":[{"embeddable":true,"href":"https:\/\/www.europesays.com\/no\/wp-json\/wp\/v2\/media\/14493"}],"wp:attachment":[{"href":"https:\/\/www.europesays.com\/no\/wp-json\/wp\/v2\/media?parent=14492"}],"wp:term":[{"taxonomy":"category","embeddable":true,"href":"https:\/\/www.europesays.com\/no\/wp-json\/wp\/v2\/categories?post=14492"},{"taxonomy":"post_tag","embeddable":true,"href":"https:\/\/www.europesays.com\/no\/wp-json\/wp\/v2\/tags?post=14492"}],"curies":[{"name":"wp","href":"https:\/\/api.w.org\/{rel}","templated":true}]}}