{"id":145176,"date":"2026-01-23T12:19:07","date_gmt":"2026-01-23T12:19:07","guid":{"rendered":"https:\/\/www.europesays.com\/no\/145176\/"},"modified":"2026-01-23T12:19:07","modified_gmt":"2026-01-23T12:19:07","slug":"prins-bernhard-og-prinsesse-annette-skilles","status":"publish","type":"post","link":"https:\/\/www.europesays.com\/no\/145176\/","title":{"rendered":"Prins Bernhard og prinsesse Annette skilles"},"content":{"rendered":"\n<p class=\"_lead_o9xde_2 _lead_xtcu6_50 layout-component text-serif-m layout-normal text-serif-l layout-component layout-wide layout-padded _wide_17hqh_1 layout-padded\">Det bekrefter det nederlanske kongehuset. <\/p>\n<p><img alt=\"Prinsesse Annette og prins Bernhard  Foto: Utrecht Robin\/ABACAPRESS.COM \/ Pa Photos \/ NTB\" class=\"_image_qp4xg_65 layout-component layout-wide\" data-fullscreen- data-track-element-type=\"Article image fullscreen\" data-track-name=\"ImageFullscreen\" fetchpriority=\"high\" decoding=\"sync\" loading=\"eager\" height=\"6000\" itemprop=\"image\"  src=\"https:\/\/www.europesays.com\/no\/wp-content\/uploads\/2026\/01\/bcdb84bb-b423-4230-8be2-b72e1c4d9c6e.jpeg\"  style=\"object-position:0% 0%\" width=\"4509\"\/>Prinsesse Annette og prins Bernhard  Foto: Utrecht Robin\/ABACAPRESS.COM \/ Pa Photos \/ NTB<\/p>\n<ul aria-hidden=\"true\" class=\"_images_ntbth_112\">\n<li><a class=\"_link_ntbth_117\" href=\"https:\/\/www.vg.no\/forfatter\/nora-holm-aftret\" style=\"z-index:1\" title=\"Nora Holm Aftret\" rel=\"nofollow noopener\" target=\"_blank\"><img alt=\"Bilde av Nora Holm Aftret\" class=\"_image_ntbth_93\" fetchpriority=\"low\" loading=\"lazy\" decoding=\"async\" itemprop=\"image\"  src=\"https:\/\/www.europesays.com\/no\/wp-content\/uploads\/2026\/01\/1769170747_408_f305139e-f923-41c4-8052-e05527fc0152.jpeg\"  width=\"480\"\/><\/a><\/li>\n<\/ul>\n<p> Oppdatert fredag 23. januar kl. 13:06     <\/p>\n<p class=\"_paragraph_o9xde_4 _paragraph_xtcu6_10 layout-component text-serif-m layout-normal text-serif-m layout-padded\">Etter 25 \u00e5rs ekteskap, skilles prins Bernhard (56) fra prinsesse Anette. <\/p>\n<p class=\"_paragraph_o9xde_4 _paragraph_xtcu6_10 layout-component text-serif-m layout-normal text-serif-m layout-padded\">Det melder prinsen selv i en <a href=\"https:\/\/www.koninklijkhuis.nl\/actueel\/nieuws\/2026\/01\/23\/mededeling-van-de-rijksvoorlichtingsdienst-namens-zijne-hoogheid-prins-bernhard-en-hare-hoogheid-prinses-annette\" class=\"_link_o9xde_39\" rel=\"nofollow noopener\" target=\"_blank\">uttalelse <\/a>fredag. <\/p>\n<p class=\"_paragraph_o9xde_4 _paragraph_xtcu6_10 layout-component text-serif-m layout-normal text-serif-m layout-padded\">\u2013 Vi gj\u00f8r dette etter gjensidig avtale og med gjensidig respekt, skriver han, og legger til at de to vil samarbeide om foreldreansvaret for sine tre barn.<\/p>\n<p class=\"_paragraph_o9xde_4 _paragraph_xtcu6_10 layout-component text-serif-m layout-normal text-serif-m layout-padded\">Prins Bernhard er del av den nederlandske kongefamilien, og b\u00e6rer det fulle navnet Bernard Lucas Emmanuel, prins av Orange-Nassau, van Vollenhoven. <\/p>\n<p class=\"_paragraph_o9xde_4 _paragraph_xtcu6_10 layout-component text-serif-m layout-normal text-serif-m layout-padded\">Han uttrykker at valget om skilsmisse er t\u00f8ft, og kaller det \u00abet vanskelig skritt\u00bb. <\/p>\n<p class=\"_paragraph_o9xde_4 _paragraph_xtcu6_10 layout-component text-serif-m layout-normal text-serif-m layout-padded\">\u2013 Vi ber derfor om alles forst\u00e5else og respekt for v\u00e5rt privatliv. <\/p>\n<p><img alt=\"Prins Bernhard og prinsesse Annette fra bryllupsfesten i 2000.  Foto: DUSAN VRANIC \/ AP \/ NTB\" class=\"_image_qp4xg_65 layout-component layout-normal\" data-fullscreen- data-track-element-type=\"Article image fullscreen\" data-track-name=\"ImageFullscreen\" decoding=\"async\" loading=\"lazy\" height=\"1339\" itemprop=\"image\"  src=\"https:\/\/www.europesays.com\/no\/wp-content\/uploads\/2026\/01\/7eeeb8aa-afed-466d-b49c-f80b1ec93199.png\"  style=\"object-position:0% 0%\" width=\"1600\"\/>Prins Bernhard og prinsesse Annette fra bryllupsfesten i 2000.  Foto: DUSAN VRANIC \/ AP \/ NTB<\/p>\n<p class=\"_paragraph_o9xde_4 _paragraph_xtcu6_10 layout-component text-serif-m layout-normal text-serif-m layout-padded\">Prins Bernhard er fetter til den nederlandske kongen Willem-Alexander. <\/p>\n<p class=\"_paragraph_o9xde_4 _paragraph_xtcu6_10 layout-component text-serif-m layout-normal text-serif-m layout-padded\">Han giftet seg med Annette Sekr\u00e8ve i 2000, if\u00f8lge<a href=\"https:\/\/www.royal-house.nl\/members-royal-house\/royal-family\/prince-bernhard\" class=\"_link_o9xde_39\" rel=\"nofollow noopener\" target=\"_blank\"> det nederlanske kongehuset<\/a>. <\/p>\n<p class=\"_paragraph_o9xde_4 _paragraph_xtcu6_10 layout-component text-serif-m layout-normal text-serif-m layout-padded\">De to har barna Isabella (23), Samuel (22) og Benjamin (17), som alle b\u00e6rer navnet Van Vollenhoven. Familien bor i Amsterdam. <\/p>\n<p class=\"_paragraph_o9xde_4 _paragraph_xtcu6_10 layout-component text-serif-m layout-normal text-serif-m layout-padded\"><a href=\"https:\/\/www.telegraaf.nl\/binnenland\/prins-bernhard-en-prinses-annette-gaan-scheiden-een-moeilijke-stap\/125956196.html\" class=\"_link_o9xde_39\" rel=\"nofollow noopener\" target=\"_blank\">De Telegraaf <\/a>skriver at familien, i motsetning til andre kongelige i deres generasjon, valgte \u00e5 leve et liv \u00abi bakgrunnen\u00bb. De har deltatt p\u00e5 markering av Kongens dag, nasjonaldagen i <a href=\"https:\/\/www.vg.no\/tag\/nederland?utm_source=vg-article&amp;utm_medium=auto-tagger&amp;utm_campaign=L4nyO9\" class=\"_link_o9xde_39\" rel=\"nofollow noopener\" target=\"_blank\">Nederland<\/a>, men har ellers hatt andre jobber og verv.<\/p>\n<p class=\"_paragraph_o9xde_4 _paragraph_xtcu6_10 layout-component text-serif-m layout-normal text-serif-m layout-padded\">Prins Bernhard har studert \u00f8konomi, b\u00e5de i USA og i Nederland. <\/p>\n<p class=\"_paragraph_o9xde_4 _paragraph_xtcu6_10 layout-component text-serif-m layout-normal text-serif-m layout-padded\">Han er selvstendig n\u00e6ringsdrivende, og har startet egne firmaer innen markedsf\u00f8ring, eiendom og aluminiumsb\u00e5ter. <\/p>\n<p class=\"_paragraph_o9xde_4 _paragraph_xtcu6_10 layout-component text-serif-m layout-normal text-serif-m layout-padded\">Han er ogs\u00e5 grunnlegger av Lymph&amp;Co, et fond som samler inn penger for forskning p\u00e5 lymfekreft.<\/p>\n","protected":false},"excerpt":{"rendered":"Det bekrefter det nederlanske kongehuset. Prinsesse Annette og prins Bernhard Foto: Utrecht Robin\/ABACAPRESS.COM \/ Pa Photos \/ NTB&hellip;\n","protected":false},"author":2,"featured_media":145177,"comment_status":"","ping_status":"","sticky":false,"template":"","format":"standard","meta":{"footnotes":"","_share_on_mastodon":"0"},"categories":[12],"tags":[20,21,24,25,15,76,22,23,1442,13,30,28,29,14,16,16261,26,27,42,43,44,45],"class_list":["post-145176","post","type-post","status-publish","format-standard","has-post-thumbnail","category-verden","tag-breaking-news","tag-breakingnews","tag-featured-news","tag-featurednews","tag-headlines","tag-kongelig","tag-latest-news","tag-latestnews","tag-nederland","tag-news","tag-no","tag-norge","tag-norway","tag-nyheter","tag-overskrifter","tag-prinsen","tag-top-stories","tag-topstories","tag-verden","tag-world","tag-world-news","tag-worldnews"],"share_on_mastodon":{"url":"https:\/\/pubeurope.com\/@no\/115944381777044258","error":""},"_links":{"self":[{"href":"https:\/\/www.europesays.com\/no\/wp-json\/wp\/v2\/posts\/145176","targetHints":{"allow":["GET"]}}],"collection":[{"href":"https:\/\/www.europesays.com\/no\/wp-json\/wp\/v2\/posts"}],"about":[{"href":"https:\/\/www.europesays.com\/no\/wp-json\/wp\/v2\/types\/post"}],"author":[{"embeddable":true,"href":"https:\/\/www.europesays.com\/no\/wp-json\/wp\/v2\/users\/2"}],"replies":[{"embeddable":true,"href":"https:\/\/www.europesays.com\/no\/wp-json\/wp\/v2\/comments?post=145176"}],"version-history":[{"count":0,"href":"https:\/\/www.europesays.com\/no\/wp-json\/wp\/v2\/posts\/145176\/revisions"}],"wp:featuredmedia":[{"embeddable":true,"href":"https:\/\/www.europesays.com\/no\/wp-json\/wp\/v2\/media\/145177"}],"wp:attachment":[{"href":"https:\/\/www.europesays.com\/no\/wp-json\/wp\/v2\/media?parent=145176"}],"wp:term":[{"taxonomy":"category","embeddable":true,"href":"https:\/\/www.europesays.com\/no\/wp-json\/wp\/v2\/categories?post=145176"},{"taxonomy":"post_tag","embeddable":true,"href":"https:\/\/www.europesays.com\/no\/wp-json\/wp\/v2\/tags?post=145176"}],"curies":[{"name":"wp","href":"https:\/\/api.w.org\/{rel}","templated":true}]}}