{"id":145284,"date":"2026-01-23T14:45:17","date_gmt":"2026-01-23T14:45:17","guid":{"rendered":"https:\/\/www.europesays.com\/no\/145284\/"},"modified":"2026-01-23T14:45:17","modified_gmt":"2026-01-23T14:45:17","slug":"valentino-garavani-ble-stedt-til-hvile-i-roma","status":"publish","type":"post","link":"https:\/\/www.europesays.com\/no\/145284\/","title":{"rendered":"Valentino Garavani ble stedt til hvile i Roma"},"content":{"rendered":"<p class=\"kicker \" style=\"\">Valentino Garavani er d\u00f8d<\/p>\n<p>    Den italienske motedesigneren er blitt stedt til hvile i Roma. Til stede var flere ber\u00f8mte fjes.\u00a0<\/p>\n<p>\n    PREGET: Hollywood-stjerne Anne Hathaway er blant dem som har reist til Roma i anledning begravelsen til moteskaper Valentino Garavani fredag 23. januar. Hun framstod som preget da hun ankom sammen med ektemannen Adam Shulman. Foto: Stefano Rellandini\/ AFP\/ NTB\n  <\/p>\n<p>Mandag denne uka kom nyheten om at <a href=\"https:\/\/www.dagbladet.no\/kjendis\/valentino-garavani-er-dod\/84118963\" rel=\"nofollow noopener\" target=\"_blank\">den italienske motedesigneren Valentino Garavani er d\u00f8d<\/a>, 93 \u00e5r gammel.\u00a0<\/p>\n<p>Det ble samtidig kjent at det ville holdes likvake i\u00a0Piazza Mignanelli i Roma fra onsdag 21. januar, samt at begravelsen skulle finne sted fredag 23. januar &#8211; i kirka Santa Maria degli Angeli e dei Martiri i Roma.<\/p>\n<p>I l\u00f8pet av sin lange karriere designet Valentino kreasjoner som ble b\u00e5ret av en rekke kjente personer, og han hadde mange celebre venner og bekjente. Flere av disse var til stede i Den evige stad fredag formiddag i anledning begravelsen, som skulle starte klokka 11.\u00a0<\/p>\n<p>        <img loading=\"lazy\" decoding=\"async\" src=\"https:\/\/www.europesays.com\/no\/wp-content\/uploads\/2026\/01\/1769179511_251_84136172.webp.webp\" width=\"667\" height=\"414\" title=\"B\u00c5RET INN: Kista til Valentino Garavan b\u00e6res inn i kirka i Roma fredag. Fioto: Yara Nardi\/ Reuters\/ NTB\" alt=\"\" class=\"\" style=\"--aspect-ratio-image: 1.61; \"\/><\/p>\n<p>\n        B\u00c5RET INN: Kista til Valentino Garavan b\u00e6res inn i kirka i Roma fredag. Fioto: Yara Nardi\/ Reuters\/ NTB\n    <\/p>\n<p class=\"font-weight-bold m-font-weight-bold\" data-lab-font_weight=\"font-weight-bold\">Blant de oppm\u00f8tte var skuespiller og modell Elizabeth Hurley (60). Da d\u00f8dsfallet ble kjent delte hun et innlegg <a href=\"https:\/\/www.instagram.com\/p\/DTtJEEgiLrq\/?img_index=1\" rel=\"nofollow noopener\" target=\"_blank\">p\u00e5 Instagram<\/a> der hun beskrev et utrolig vennskap med stjernedesigneren gjennom 30 \u00e5r.\u00a0<\/p>\n<p class=\"font-weight-normal m-font-weight-normal\" data-lab-font_weight=\"font-weight-normal\">Hurley ankom kirka sammen med s\u00f8nnen Damian Hurley (23), som Garavani pleide \u00e5 kalle\u00a0\u00abden lille prinsen\u00bb, if\u00f8lge Hurleys innlegg.\u00a0<\/p>\n<p>        <img loading=\"lazy\" decoding=\"async\" src=\"https:\/\/www.europesays.com\/no\/wp-content\/uploads\/2026\/01\/1769179512_386_84135781.webp.webp\" width=\"667\" height=\"521\" title=\"TIL STEDE: Damian og Elizabeth Hurley ankommer begravelsen til motelegenden Valentino Garavani i Roma fredag formiddag. Foto: Maurizio D'Avanzo\/ IPA Agency\/ NTB\" alt=\"\" class=\"\" style=\"--aspect-ratio-image: 1.28; \"\/><\/p>\n<p>\n        TIL STEDE: Damian og Elizabeth Hurley ankommer begravelsen til motelegenden Valentino Garavani i Roma fredag formiddag. Foto: Maurizio D&#8217;Avanzo\/ IPA Agency\/ NTB\n    <\/p>\n<p>Langt vennskap\u00a0\t<\/p>\n<p>Hollywood-stjerna Anne Hathaway (43) har ogs\u00e5 reist til Roma. Hun kom h\u00e5nd i h\u00e5nd med ektemannen Adam Shulman (44). Da de to giftet seg i 2012 var det Valentino Garavani selv som hadde spesiallaget brudekjolen til den Oscar-vinnende skuespilleren.\u00a0<\/p>\n<p class=\"font-weight-bold m-font-weight-bold\" data-lab-font_weight=\"font-weight-bold\">Hathaway s\u00e5 tilsynelatende sv\u00e6rt preget ut bak et par store, svarte solbriller i formiddagssola i Roma.\u00a0<\/p>\n<p>        <img loading=\"lazy\" decoding=\"async\" src=\"https:\/\/www.europesays.com\/no\/wp-content\/uploads\/2026\/01\/1769179512_349_84135944.webp.webp\" width=\"667\" height=\"481\" title=\"TAR FARVEL MED VALENTINO: Skuespiller Anne Hathaway og ektemannen Adam Shulman. Foto: Stefano Rellandini\/ AFP\/ NTB\" alt=\"\" class=\"\" style=\"--aspect-ratio-image: 1.39; \"\/><\/p>\n<p>\n        TAR FARVEL MED VALENTINO: Skuespiller Anne Hathaway og ektemannen Adam Shulman. Foto: Stefano Rellandini\/ AFP\/ NTB\n    <\/p>\n<p class=\"font-weight-normal m-font-weight-normal\" data-lab-font_weight=\"font-weight-normal\">Ogs\u00e5 hun delte et personlig minneinnlegg <a href=\"https:\/\/www.instagram.com\/p\/DTvb5gIDsC5\/?img_index=9\" rel=\"nofollow noopener\" target=\"_blank\">p\u00e5 Instagram<\/a> da d\u00f8dsfallet ble kjent:<\/p>\n<p>\u00abI l\u00f8pet av de siste 20 \u00e5ra har det v\u00e6rt min store \u00e6re \u00e5 ha kjent, elsket og blitt tatt vare p\u00e5 av den store Valentino Garavani. Han er en elsket, verdenskjent titan av en designer, men han var ogs\u00e5 min kj\u00e6re og h\u00f8yt verdsatte venn som l\u00e6rte meg ting, oppdro meg, sendte meg blomster hvert \u00e5r p\u00e5 bursdagen min, fikk meg til \u00e5 le, var min danse- og karaokepartner p\u00e5 s\u00e5 mange gledelige kvelder, og som gjorde verden min s\u00e5 mye lysere, st\u00f8rre og mer vidunderlig enn jeg noen gang kunne ha forestilt meg\u00bb, er blant det hun skrev.<\/p>\n<p>Hedret av motekolleger\u00a0\t<\/p>\n<p>Valentino Garavani valgte \u00e5 pensjonere seg som Valentinos kreative leder h\u00f8sten 2007, men han gjorde alts\u00e5 noen designoppdrag for enkelte store stjerner ogs\u00e5 etter dette.<\/p>\n<p>I dag er Alessandro Michele (53) motehusets kreative leder, og han var naturligvis til stede i begravelsen. Det samme var\u00a0Giancarlo Giammetti (83), som for over 65 \u00e5r siden grunnla motehuset Valentino sammen med Garavani.<\/p>\n<p>        <img loading=\"lazy\" decoding=\"async\" src=\"https:\/\/www.europesays.com\/no\/wp-content\/uploads\/2026\/01\/1769179513_588_84136108.webp.webp\" width=\"667\" height=\"541\" title=\"P\u00c5 PLASS: Alessandro Michele (i midten) har v\u00e6rt Valentinos kreative leder siden 2024. Foto: Yara Nardi\/ Reuters\/ NTB\" alt=\"\" class=\"\" style=\"--aspect-ratio-image: 1.23; \"\/><\/p>\n<p>\n        P\u00c5 PLASS: Alessandro Michele (i midten) har v\u00e6rt Valentinos kreative leder siden 2024. Foto: Yara Nardi\/ Reuters\/ NTB\n    <\/p>\n<p>        <img loading=\"lazy\" decoding=\"async\" src=\"https:\/\/www.europesays.com\/no\/wp-content\/uploads\/2026\/01\/84136946.webp.webp\" width=\"667\" height=\"541\" title=\"I SORG: Giancarlo Giammetti (midten), Garavanis medgrunnlegger av motehuset, kjente Valentino Garavani i over 65 \u00e5r. Foto: Giandomenico D'Angelo\/ IPA Agency\/ Pa Photos\/ NTB\" alt=\"\" class=\"\" style=\"--aspect-ratio-image: 1.23; \"\/><\/p>\n<p>\n        I SORG: Giancarlo Giammetti (midten), Garavanis medgrunnlegger av motehuset, kjente Valentino Garavani i over 65 \u00e5r. Foto: Giandomenico D&#8217;Angelo\/ IPA Agency\/ Pa Photos\/ NTB\n    <\/p>\n<p>Motedesigner Donatella Versace (70), som i fjor <a href=\"https:\/\/www.dagbladet.no\/mote-og-livsstil\/na-er-det-slutt\/82821062\" rel=\"nofollow noopener\" target=\"_blank\">trakk seg tilbake som kreativ leder for motehuset Versace<\/a>, var dessuten p\u00e5 plass for \u00e5 hedre Garavani. Ogs\u00e5 den amerikanske designeren og filmskaperen Tom Ford (64) var til stede i begravelsen.<\/p>\n<p>        <img loading=\"lazy\" decoding=\"async\" src=\"https:\/\/www.europesays.com\/no\/wp-content\/uploads\/2026\/01\/1769179515_390_84136040.webp.webp\" width=\"667\" height=\"574\" title=\"DESIGNER-KOLLEGA: Donatella Versace, som var kreativ leder for motehuset Versace i nesten 30 \u00e5r. Foto: Yara Nardi\/ Reuters\/ NTB\" alt=\"\" class=\"\" style=\"--aspect-ratio-image: 1.16; \"\/><\/p>\n<p>\n        DESIGNER-KOLLEGA: Donatella Versace, som var kreativ leder for motehuset Versace i nesten 30 \u00e5r. Foto: Yara Nardi\/ Reuters\/ NTB\n    <\/p>\n<p>        <img loading=\"lazy\" decoding=\"async\" src=\"https:\/\/www.europesays.com\/no\/wp-content\/uploads\/2026\/01\/1769179515_644_84136077.webp.webp\" width=\"667\" height=\"821\" title=\"TIL STEDE: Designer og filmskaper Tom Ford. Foto: Yara Nardi\/ Reuters\/ NTB\" alt=\"\" class=\"\" style=\"--aspect-ratio-image: 0.81; \"\/><\/p>\n<p>\n        TIL STEDE: Designer og filmskaper Tom Ford. Foto: Yara Nardi\/ Reuters\/ NTB\n    <\/p>\n<p>Den amerikanske modellen og moteprofilen Olivia Palermo (39) var ogs\u00e5 blant de oppm\u00f8tte. Hun ankom begravelsen sammen med ektemannen Johannes Huebl (48). Huebl, deriblant kjent som modell og fotograf, har delt en rekke personlige minner sammen med moteskaperen <a href=\"https:\/\/www.instagram.com\/p\/DTtMGkkAR3X\/\" rel=\"nofollow noopener\" target=\"_blank\">p\u00e5 Instagram<\/a>.<\/p>\n<p>        <img loading=\"lazy\" decoding=\"async\" src=\"https:\/\/www.europesays.com\/no\/wp-content\/uploads\/2026\/01\/1769179516_80_84135872.webp.webp\" width=\"667\" height=\"861\" title=\"H\u00c5ND I H\u00c5ND: Ekteparet Olivia Palermo og Johannes Huebl kjente Valentino Garavani i en \u00e5rrekke. Foto: Maurizio D'Avanzo\/ IPA Agency\/ NTB\" alt=\"\" class=\"\" style=\"--aspect-ratio-image: 0.77; \"\/><\/p>\n<p>\n        H\u00c5ND I H\u00c5ND: Ekteparet Olivia Palermo og Johannes Huebl kjente Valentino Garavani i en \u00e5rrekke. Foto: Maurizio D&#8217;Avanzo\/ IPA Agency\/ NTB\n    <\/p>\n<p>        <img loading=\"lazy\" decoding=\"async\" src=\"https:\/\/www.europesays.com\/no\/wp-content\/uploads\/2026\/01\/1769179517_931_84136148.webp.webp\" width=\"667\" height=\"961\" title=\"MOTELEGENDE: Anna Wintour, som var sjefredakt\u00f8r for amerikanske Vogue fra 1988 til 2025, er ogs\u00e5 p\u00e5 plass i Roma. Foto: Stefano Rellandini\/ AFP\/ NTB\" alt=\"\" class=\"\" style=\"--aspect-ratio-image: 0.69; \"\/><\/p>\n<p>\n        MOTELEGENDE: Anna Wintour, som var sjefredakt\u00f8r for amerikanske Vogue fra 1988 til 2025, er ogs\u00e5 p\u00e5 plass i Roma. Foto: Stefano Rellandini\/ AFP\/ NTB\n    <\/p>\n<p>Det ber\u00f8mte motehuset, som ble grunnlagt av Garavani og Giancarlo Giammetti i Roma i 1960, har deriblant designet brudekjolen til prinsesse Madeleine (43) &#8211; og <a href=\"https:\/\/www.dagbladet.no\/kjendis\/valentino-garavani-er-dod\/84118963\" rel=\"nofollow noopener\" target=\"_blank\">kronprinsesse Mette-Marit (52) har ogs\u00e5 b\u00e5ret design fra Valentino<\/a> ved en rekke anledninger.\u00a0<\/p>\n<p><script async src=\"\/\/www.instagram.com\/embed.js\"><\/script><\/p>\n","protected":false},"excerpt":{"rendered":"Valentino Garavani er d\u00f8d Den italienske motedesigneren er blitt stedt til hvile i Roma. Til stede var flere&hellip;\n","protected":false},"author":2,"featured_media":145285,"comment_status":"","ping_status":"","sticky":false,"template":"","format":"standard","meta":{"footnotes":"","_share_on_mastodon":"0"},"categories":[58],"tags":[13032,294,576,10093,71,479,30,28,29,72,16253],"class_list":["post-145284","post","type-post","status-publish","format-standard","has-post-thumbnail","category-underholdning","tag-anne-hathaway","tag-begravelse","tag-dodsfall","tag-elizabeth-hurley","tag-entertainment","tag-kjendis","tag-no","tag-norge","tag-norway","tag-underholdning","tag-valentino-garavani"],"share_on_mastodon":{"url":"https:\/\/pubeurope.com\/@no\/115944955846967861","error":""},"_links":{"self":[{"href":"https:\/\/www.europesays.com\/no\/wp-json\/wp\/v2\/posts\/145284","targetHints":{"allow":["GET"]}}],"collection":[{"href":"https:\/\/www.europesays.com\/no\/wp-json\/wp\/v2\/posts"}],"about":[{"href":"https:\/\/www.europesays.com\/no\/wp-json\/wp\/v2\/types\/post"}],"author":[{"embeddable":true,"href":"https:\/\/www.europesays.com\/no\/wp-json\/wp\/v2\/users\/2"}],"replies":[{"embeddable":true,"href":"https:\/\/www.europesays.com\/no\/wp-json\/wp\/v2\/comments?post=145284"}],"version-history":[{"count":0,"href":"https:\/\/www.europesays.com\/no\/wp-json\/wp\/v2\/posts\/145284\/revisions"}],"wp:featuredmedia":[{"embeddable":true,"href":"https:\/\/www.europesays.com\/no\/wp-json\/wp\/v2\/media\/145285"}],"wp:attachment":[{"href":"https:\/\/www.europesays.com\/no\/wp-json\/wp\/v2\/media?parent=145284"}],"wp:term":[{"taxonomy":"category","embeddable":true,"href":"https:\/\/www.europesays.com\/no\/wp-json\/wp\/v2\/categories?post=145284"},{"taxonomy":"post_tag","embeddable":true,"href":"https:\/\/www.europesays.com\/no\/wp-json\/wp\/v2\/tags?post=145284"}],"curies":[{"name":"wp","href":"https:\/\/api.w.org\/{rel}","templated":true}]}}