{"id":145318,"date":"2026-01-23T15:24:07","date_gmt":"2026-01-23T15:24:07","guid":{"rendered":"https:\/\/www.europesays.com\/no\/145318\/"},"modified":"2026-01-23T15:24:07","modified_gmt":"2026-01-23T15:24:07","slug":"lyngen-kommune-kan-bli-etterforsket-etter-drapet-pa-80-ar-gamle-asbjorn-lanes","status":"publish","type":"post","link":"https:\/\/www.europesays.com\/no\/145318\/","title":{"rendered":"Lyngen kommune kan bli etterforsket etter drapet p\u00e5 80 \u00e5r gamle Asbj\u00f8rn Lanes"},"content":{"rendered":"\n<p class=\"_lead_o9xde_2 _lead_xtcu6_50 layout-component text-serif-m layout-normal text-serif-l layout-component layout-wide layout-padded _wide_17hqh_1 layout-padded\">Etterlatte etter drapet p\u00e5 Asbj\u00f8rn Lanes ber politiet etterforske om Lyngen kommune kan straffes for uaktsom medvirkning til drap.<\/p>\n<p><img alt=\"80 \u00e5r gamle Asbj\u00f8rn Lanes ble drept av en bes\u00f8kende p\u00e5 senteret han bodde.  Foto: Privat\" class=\"_image_qp4xg_65 layout-component layout-wide\" data-fullscreen- data-track-element-type=\"Article image fullscreen\" data-track-name=\"ImageFullscreen\" fetchpriority=\"high\" decoding=\"sync\" loading=\"eager\" height=\"850\" itemprop=\"image\"  src=\"https:\/\/www.europesays.com\/no\/wp-content\/uploads\/2026\/01\/806493f0-b9c8-4b51-b7e6-a013bc7b0e92.jpeg\"  style=\"object-position:0% 0%\" width=\"783\"\/>80 \u00e5r gamle Asbj\u00f8rn Lanes ble drept av en bes\u00f8kende p\u00e5 senteret han bodde.  Foto: Privat<\/p>\n<ul aria-hidden=\"true\" class=\"_images_ntbth_112\">\n<li><a class=\"_link_ntbth_117\" href=\"https:\/\/www.vg.no\/forfatter\/ntb\" style=\"z-index:1\" title=\"NTB\" rel=\"nofollow noopener\" target=\"_blank\"><img alt=\"Bilde av NTB\" class=\"_image_ntbth_93\" fetchpriority=\"low\" loading=\"lazy\" decoding=\"async\" itemprop=\"image\"  src=\"https:\/\/www.europesays.com\/no\/wp-content\/uploads\/2026\/01\/1769181847_654_c33980b0-5d07-4027-84a1-813f90a7c8d6.png\"  width=\"480\"\/><\/a><\/li>\n<\/ul>\n<p> Oppdatert fredag 23. januar kl. 15:46     <\/p>\n<p class=\"_paragraph_o9xde_4 _paragraph_xtcu6_10 layout-component text-serif-m layout-normal text-serif-m layout-padded\">80 \u00e5r gamle Lanes ble <a href=\"https:\/\/www.vg.no\/nyheter\/i\/gkaR1a\/beboer-ble-drept-av-en-besoekende-i-lyngen\" data-track-element-type=\"Link\" data-track-id=\"link:gkaR1a\" class=\"_link_o9xde_39\" rel=\"nofollow noopener\" target=\"_blank\">knivdrept inne p\u00e5 sitt rom<\/a> p\u00e5 Lyngstunet helse- og omsorgssenter 24. november i fjor. En mann i 50-\u00e5rene er siktet for drap. Han var p\u00e5 bes\u00f8k hos en annen beboer p\u00e5 senteret samme dag.<\/p>\n<p class=\"_paragraph_o9xde_4 _paragraph_xtcu6_10 layout-component text-serif-m layout-normal text-serif-m layout-padded\">Lanes&#8217; datter ber n\u00e5 om at det iverksettes en egen etterforskning mot kommunen, skriver <a href=\"https:\/\/www.framtidinord.no\/nyheter\/i\/8p6bjA\/ber-om-at-lyngen-kommune-etterforskes-for-medvirkning-til-drap-overlatt-alene\" class=\"_link_o9xde_39\" rel=\"nofollow noopener\" target=\"_blank\">Framtid i Nord<\/a>. <\/p>\n<ul class=\"_list_o9xde_3 _list_xtcu6_9 _unordered_o9xde_106 layout-component text-serif-m layout-normal text-serif-m layout-padded\">\n<li class=\"_item_o9xde_30\"><strong class=\"_strong_o9xde_25\">Les ogs\u00e5: <a href=\"https:\/\/www.vg.no\/nyheter\/i\/q6pea1\/asbjoern-80-ble-drept-verdens-beste-pappa\" data-track-element-type=\"Link\" data-track-id=\"link:q6pea1\" class=\"_link_o9xde_39\" rel=\"nofollow noopener\" target=\"_blank\">Asbj\u00f8rn (80) ble drept: \u2013 Verdens beste pappa<\/a> <\/strong><\/li>\n<\/ul>\n<p class=\"_paragraph_o9xde_4 _paragraph_xtcu6_10 layout-component text-serif-m layout-normal text-serif-m layout-padded\">\u00abRent konkret kan det v\u00e6re tale om \u00e5 ilegge <a href=\"https:\/\/www.vg.no\/tag\/lyngen?utm_source=vg-article&amp;utm_medium=auto-tagger&amp;utm_campaign=d4m5kj\" class=\"_link_o9xde_39\" rel=\"nofollow noopener\" target=\"_blank\">Lyngen<\/a> kommune foretaksstraff for uaktsom medvirkning til drap\u00bb, heter det i et brev fra bistandsadvokat Thorbj\u00f8rn Riise Haagensen til Troms politidistrikt, if\u00f8lge avisen. <\/p>\n<p class=\"_paragraph_o9xde_4 _paragraph_xtcu6_10 layout-component text-serif-m layout-normal text-serif-m layout-padded\">I brevet bes det om at politiet unders\u00f8ker om kommunen har rutiner for bes\u00f8k til s\u00e6rlig s\u00e5rbare beboere, som demenspasienter.<\/p>\n<p class=\"_paragraph_o9xde_4 _paragraph_xtcu6_10 layout-component text-serif-m layout-normal text-serif-m layout-padded\">Kommunedirekt\u00f8r Frode Karlsen \u00f8nsker ikke \u00e5 kommentere saken overfor Framtid i Nord.<\/p>\n<p class=\"_paragraph_o9xde_4 _paragraph_xtcu6_10 layout-component text-serif-m layout-normal text-serif-m layout-padded\">Den siktede mannen er varetektsfengslet p\u00e5 en psykiatrisk institusjon. I fengslingskjennelsen g\u00e5r det fram at den rettspsykiatriske vurderingen er ventet \u00e5 v\u00e6re klar i mars, skriver <a href=\"https:\/\/www.nrk.no\/tromsogfinnmark\/lyngen-drapet_-etterlatte-onsker-at-kommunen-skal-etterforskes-1.17740489\" class=\"_link_o9xde_39\" rel=\"nofollow noopener\" target=\"_blank\">NRK<\/a>. <\/p>\n","protected":false},"excerpt":{"rendered":"Etterlatte etter drapet p\u00e5 Asbj\u00f8rn Lanes ber politiet etterforske om Lyngen kommune kan straffes for uaktsom medvirkning til&hellip;\n","protected":false},"author":2,"featured_media":145319,"comment_status":"","ping_status":"","sticky":false,"template":"","format":"standard","meta":{"footnotes":"","_share_on_mastodon":"0"},"categories":[10],"tags":[20,21,377,2320,24,25,15,22,23,12332,12536,13,30,28,29,14,16,26,27],"class_list":["post-145318","post","type-post","status-publish","format-standard","has-post-thumbnail","category-norge","tag-breaking-news","tag-breakingnews","tag-drap","tag-drap-i-norge","tag-featured-news","tag-featurednews","tag-headlines","tag-latest-news","tag-latestnews","tag-lyngen","tag-lyngen-kommune","tag-news","tag-no","tag-norge","tag-norway","tag-nyheter","tag-overskrifter","tag-top-stories","tag-topstories"],"share_on_mastodon":{"url":"https:\/\/pubeurope.com\/@no\/115945109141631449","error":""},"_links":{"self":[{"href":"https:\/\/www.europesays.com\/no\/wp-json\/wp\/v2\/posts\/145318","targetHints":{"allow":["GET"]}}],"collection":[{"href":"https:\/\/www.europesays.com\/no\/wp-json\/wp\/v2\/posts"}],"about":[{"href":"https:\/\/www.europesays.com\/no\/wp-json\/wp\/v2\/types\/post"}],"author":[{"embeddable":true,"href":"https:\/\/www.europesays.com\/no\/wp-json\/wp\/v2\/users\/2"}],"replies":[{"embeddable":true,"href":"https:\/\/www.europesays.com\/no\/wp-json\/wp\/v2\/comments?post=145318"}],"version-history":[{"count":0,"href":"https:\/\/www.europesays.com\/no\/wp-json\/wp\/v2\/posts\/145318\/revisions"}],"wp:featuredmedia":[{"embeddable":true,"href":"https:\/\/www.europesays.com\/no\/wp-json\/wp\/v2\/media\/145319"}],"wp:attachment":[{"href":"https:\/\/www.europesays.com\/no\/wp-json\/wp\/v2\/media?parent=145318"}],"wp:term":[{"taxonomy":"category","embeddable":true,"href":"https:\/\/www.europesays.com\/no\/wp-json\/wp\/v2\/categories?post=145318"},{"taxonomy":"post_tag","embeddable":true,"href":"https:\/\/www.europesays.com\/no\/wp-json\/wp\/v2\/tags?post=145318"}],"curies":[{"name":"wp","href":"https:\/\/api.w.org\/{rel}","templated":true}]}}