{"id":145402,"date":"2026-01-23T17:01:09","date_gmt":"2026-01-23T17:01:09","guid":{"rendered":"https:\/\/www.europesays.com\/no\/145402\/"},"modified":"2026-01-23T17:01:09","modified_gmt":"2026-01-23T17:01:09","slug":"kultur-underholdning-carl-henrik-wahl-kjemper-om-finaleplass-i-mgp","status":"publish","type":"post","link":"https:\/\/www.europesays.com\/no\/145402\/","title":{"rendered":"Kultur, Underholdning | Carl-Henrik Wahl kjemper om finaleplass i MGP"},"content":{"rendered":"\n<p>\u2013 Det betyr utrolig mye, sier l\u00e5tskriver og produsent Carl-Henrik Wahl.\u00a0<\/p>\n<p>fredag formiddag ble l\u00e5ten \u00abSmalltown\u00bb, som han har v\u00e6rt med \u00e5 skrive, lagt ut p\u00e5 <a rel=\"Follow nofollow noopener\" href=\"https:\/\/www.nrk.no\/kultur\/xl\/no-kan-du-stemme-pa-din-favoritt-til-den-siste-finaleplassen-i-mgp-1.17733900\" target=\"_blank\">nettsidene til NRK.<\/a><\/p>\n<p>I ett d\u00f8gn skal den konkurrere mot artist Raylee med sangen \u00abWhere did your friend go\u00bb.<\/p>\n<p>Den som f\u00e5r flest stemmer er et stort steg n\u00e6rmere en plass i den norsk finalen av Melodi Grand Prix p\u00e5 Lillehammer i februar.\u00a0<\/p>\n<p>Klokka 10.00 l\u00f8rdag morgen vet han svaret.\u00a0<\/p>\n<p>   <img decoding=\"async\" width=\"8122\" height=\"5416\" fetchpriority=\"low\"  loading=\"lazy\"  src=\"https:\/\/www.europesays.com\/no\/wp-content\/uploads\/2026\/01\/cueres_scp-mangler_navn_NtgWoxNhymQ.jpg\" alt=\"\" class=\"brick-c-cFOWSL\" style=\"--brick-image-ratio: 8122 \/ 5416;\"\/><\/p>\n<p>      FINALISTER: F.v. Alexander Rybak, Jonas Lovv, Leonardo Amor, Emma, Storm, Hedda Mae, Silke og Mileo er klare. Men hvem blir den siste? Det avgj\u00f8res n\u00e5.<br \/>\n      Foto: Cornelius Poppe\n    <\/p>\n<p>  Dreven<\/p>\n<p>Carl-Henrik Wahl er ingen nykommer i Melodi Grand Prix-sirkuset.\u00a0<\/p>\n<p>Han er daglig leder i <a rel=\"Follow nofollow noopener\" href=\"https:\/\/www.ostlendingen.no\/the-woods-storsatser-vil-arrangere-verdens-storste-camp-for-latskrivere-pa-rena\/s\/5-69-1645712\" target=\"_blank\">musikksenteret \u00abThe Woods\u00bb <\/a>p\u00e5 Rena, som st\u00e5r bak mange av bidragene i den popul\u00e6re musikk-konkurransen gjennom flere \u00e5r.\u00a0<\/p>\n<p>I 2022 gikk det helt til topp i den norske finalen med Ben Adams og Gaute Orm\u00e5sen utkledd som gule ulver. Det endte med en 10. plass i Italia det \u00e5ret.\u00a0<\/p>\n<p>\u2013 Folk tror jeg bare kan skrive om ballonger og ulver, sp\u00f8ker Carl Henrik Wahl.\u00a0<\/p>\n<p>Med sangen Smalltown vil han vise en helt annen side med en sang som betyr spesielt mye for han.\u00a0<\/p>\n<p>   <img decoding=\"async\" width=\"5141\" height=\"3428\" fetchpriority=\"low\"  loading=\"lazy\"  src=\"https:\/\/www.europesays.com\/no\/wp-content\/uploads\/2026\/01\/cueres_scp-mangler_navn_4ZJje3Por8s.jpg\" alt=\"\" class=\"brick-c-cFOWSL\" style=\"--brick-image-ratio: 5141 \/ 3428;\"\/><\/p>\n<p>      ULVENS TALSMANN: I 2022 lurte alle p\u00e5 hvem de gule ulvene var. Carl-Henrik sto for snakkingen da ulvene m\u00f8tte pressen.<br \/>\n      Foto: Annika Byrde\n    <\/p>\n<p>  Om utenforskap<\/p>\n<p>Sangen framf\u00f8res av Thomas Jenssen fra Levanger.<\/p>\n<p>Om bidraget skriver NRK \u00ab Med en fersk master i l\u00e5tskriving, levere han ektef\u00f8lt pop som han h\u00e5per vil r\u00f8re b\u00e5de Norge og Europa\u00bb.\u00a0<\/p>\n<p>L\u00e5ten handler om utenforskap.\u00a0<\/p>\n<p>\u2013 Thomas vokste opp i en sm\u00e5by. Som homofil opplevde han \u00e5 havne utenfor i et lite milj\u00f8, sier Carl-Henrik.\u00a0<\/p>\n<p>Sj\u00f8l har han kjent p\u00e5 utenforskap som musiker. Det har ikke bare v\u00e6rt lett \u00e5 finne fellesskap og dyrke lidenskapen for musikk i oppveksten p\u00e5 et lite sted.\u00a0<\/p>\n<p>\u2013 Derfor betyr denne sangen ekstra mye for meg. Da den var ferdig satt jeg igjen med f\u00f8lelsen av at \u00abder satt den\u00bb.\u00a0<\/p>\n<p>N\u00e5 er det opp til det norske folk og avgj\u00f8re om de vil ha sangen videre.\u00a0<\/p>\n<p>(Lytt til sangen og se musikkvideoen lenger ned i saken)<\/p>\n<p>            Disse artistene er klare:<\/p>\n<p>Disse artistene er allerede i den norske MGP-finalen. Den siste finalisten stemmes frem av publikum og vinneren k\u00e5res 27. januar. Den Norske MGP-finalen arrangeres i H\u00e5kons Hall p\u00e5 Lillehammer i februar.\u00a0<\/p>\n<p>1. Alexander Rybak<\/p>\n<p>2. Hedda Mae<\/p>\n<p>3. Mileo<\/p>\n<p>4. emma<\/p>\n<p>5. STORM<\/p>\n<p>6. Leonardo Amor<\/p>\n<p>7. Silke<\/p>\n<p>8. JONAS LOVV<\/p>\n<p>9. ?<\/p>\n<p>  \u2013 Fantastisk stemme<\/p>\n<p>\u00c5tte bidrag er allerede klare for den norske finalen.\u00a0<\/p>\n<p>Det siste og niende bidraget stemmes fram av publikum.\u00a0<\/p>\n<p>Gjennom hele uka har NRK presentert nye l\u00e5ter i en avstemming.\u00a0<\/p>\n<p>Vinneren av l\u00e5tduellene g\u00e5r videre til nye runder og det hele blir avgjort tirsdag neste uke.\u00a0<\/p>\n<p>\u2013 Jeg h\u00e5per virkelig at Thomas f\u00e5r en finalebillett. Han er en fantastisk artist med en stemme som b\u00e5de Norge og Europa fortjener \u00e5 f\u00e5 h\u00f8re, sier Wahl.\u00a0<\/p>\n<p><b>\u2013 Hvordan blir det neste d\u00f8gnet for deg?<\/b><\/p>\n<p>\u2013 Det blir utrolig spennende. Melodi Grand Prix er en stor folkefest, som jeg virkelig h\u00e5per vi f\u00e5r ta del av, sier Wahl.\u00a0<\/p>\n<p>Finalen i Melodi Grand Prix 2026, finner sted p\u00e5 Lillehammer l\u00f8rdag 28. februar.<\/p>\n<p>Arrangementet skal foreg\u00e5 i den gamle OL-arenaen H\u00e5kons Hall.\u00a0<\/p>\n<p>Dette er en av landets st\u00f8rste arenaer, som i tillegg til \u00e5 v\u00e6re hockeyhall i 1994 tidligere har v\u00e6rt vertskap for blant annet VM i ishockey og EM i h\u00e5ndball<\/p>\n<p>  <a data-static=\"\" href=\"#skip-\" class=\"brick-c-fgNmNC\">Hopp over karusellen.<\/a><\/p>\n<p data-static=\"\" class=\"brick-c-fgNmNC\" id=\"carousel-title-\">Innholdskarusell med 20 artikler.<\/p>\n<ul data-static=\"\" aria-label=\"Navigasjon for innholdskarusell\" class=\"carousel-nav\">\n<li>\n<\/li>\n<li>\n<\/li>\n<\/ul>\n","protected":false},"excerpt":{"rendered":"\u2013 Det betyr utrolig mye, sier l\u00e5tskriver og produsent Carl-Henrik Wahl.\u00a0 fredag formiddag ble l\u00e5ten \u00abSmalltown\u00bb, som han&hellip;\n","protected":false},"author":2,"featured_media":145403,"comment_status":"","ping_status":"","sticky":false,"template":"","format":"standard","meta":{"footnotes":"","_share_on_mastodon":"0"},"categories":[58],"tags":[7554,36,71,410,8136,30,28,29,14,1510,72],"class_list":["post-145402","post","type-post","status-publish","format-standard","has-post-thumbnail","category-underholdning","tag-amot","tag-art","tag-entertainment","tag-kultur","tag-midt-osterdal","tag-no","tag-norge","tag-norway","tag-nyheter","tag-story","tag-underholdning"],"share_on_mastodon":{"url":"https:\/\/pubeurope.com\/@no\/115945490668921899","error":""},"_links":{"self":[{"href":"https:\/\/www.europesays.com\/no\/wp-json\/wp\/v2\/posts\/145402","targetHints":{"allow":["GET"]}}],"collection":[{"href":"https:\/\/www.europesays.com\/no\/wp-json\/wp\/v2\/posts"}],"about":[{"href":"https:\/\/www.europesays.com\/no\/wp-json\/wp\/v2\/types\/post"}],"author":[{"embeddable":true,"href":"https:\/\/www.europesays.com\/no\/wp-json\/wp\/v2\/users\/2"}],"replies":[{"embeddable":true,"href":"https:\/\/www.europesays.com\/no\/wp-json\/wp\/v2\/comments?post=145402"}],"version-history":[{"count":0,"href":"https:\/\/www.europesays.com\/no\/wp-json\/wp\/v2\/posts\/145402\/revisions"}],"wp:featuredmedia":[{"embeddable":true,"href":"https:\/\/www.europesays.com\/no\/wp-json\/wp\/v2\/media\/145403"}],"wp:attachment":[{"href":"https:\/\/www.europesays.com\/no\/wp-json\/wp\/v2\/media?parent=145402"}],"wp:term":[{"taxonomy":"category","embeddable":true,"href":"https:\/\/www.europesays.com\/no\/wp-json\/wp\/v2\/categories?post=145402"},{"taxonomy":"post_tag","embeddable":true,"href":"https:\/\/www.europesays.com\/no\/wp-json\/wp\/v2\/tags?post=145402"}],"curies":[{"name":"wp","href":"https:\/\/api.w.org\/{rel}","templated":true}]}}