{"id":145478,"date":"2026-01-23T18:39:34","date_gmt":"2026-01-23T18:39:34","guid":{"rendered":"https:\/\/www.europesays.com\/no\/145478\/"},"modified":"2026-01-23T18:39:34","modified_gmt":"2026-01-23T18:39:34","slug":"bor-du-investere-i-aksje-eller-rentefond-na","status":"publish","type":"post","link":"https:\/\/www.europesays.com\/no\/145478\/","title":{"rendered":"B\u00f8r du investere i aksje- eller rentefond n\u00e5?"},"content":{"rendered":"<p>    Er det en kunstig intelligens-fyrt aksjeboble eller den fjerde industrielle revolusjon?<\/p>\n<p>Kunstig intelligens brer om seg, og en rekke selskaper kreves for \u00e5 f\u00e5 \u00f8kt kapasitet i datasentrene. For det f\u00f8rste trengs det fysisk infrastruktur, nye bygninger og datasentrene, og s\u00e6rlig de innrettet mot kunstig intelligens, er sv\u00e6rt str\u00f8mkrevende. Dermed kreves det b\u00e5de tilf\u00f8rsel og ledig kapasitet i str\u00f8mnettet, og det trengs selvsagt fiberledninger s\u00e5 dataene kan sendes til dit det beh\u00f8ves.<\/p>\n<p>\u2013 N\u00e5r vi ser bel\u00f8pene som skal investeres, s\u00e5 er det klart at det m\u00e5 stilles sp\u00f8rsm\u00e5l om hvordan investeringene skal tjenes inn igjen. Investeringstakten til disse selskapene har riktignok bidratt til vekst i den amerikanske \u00f8konomien, sier Gundersen.<\/p>\n<p>Han er rask til \u00e5 legge til at de er investert i teknologisektoren gjennom <a href=\"https:\/\/www.dnb.no\/sparing\/fond\/fond-liste\/d\/dnb-teknologi-a-NO0010337678\" target=\"_blank\" rel=\"nofollow noopener\">DNB Teknologi<\/a> og forvalterne i dette fondet har investert i nettopp hyperscalere, alts\u00e5 selskaper \u00e0 la <a href=\"https:\/\/www.dnb.no\/portalfrontapp\/markets\/aksjehandel-v10\/#\/company\/AMZN.NB\" target=\"_blank\" rel=\"nofollow noopener\">Amazon<\/a>, <a href=\"https:\/\/www.dnb.no\/portalfrontapp\/markets\/aksjehandel-v10\/#\/company\/GOOG.NB\" target=\"_blank\" rel=\"nofollow noopener\">Alphabet (Google)<\/a> og <a href=\"https:\/\/www.dnb.no\/portalfrontapp\/markets\/aksjehandel-v10\/#\/company\/MSFT.NB\" target=\"_blank\" rel=\"nofollow noopener\">Microsoft<\/a>. De var ogs\u00e5 tidlig ute og identifiserte nettopp at det trengs sv\u00e6rt mye av det raskeste minnet. Det siste \u00e5ret har minneprisene skutt i v\u00e6ret og det samme har aksjekursene til produsentene av minne.<\/p>\n<p>\u2013 Ofte kan det v\u00e6re vel s\u00e5 lukrativt \u00e5 v\u00e6re spadeselger under gullrushet. En annen ting vi ser p\u00e5 er knappet p\u00e5 r\u00e5varer slik som kobber og aluminium, sier Gundersen.<\/p>\n<p>Mange r\u00e5varer har derfor ogs\u00e5 \u00f8kt i ettersp\u00f8rsel, og med det ogs\u00e5 prisen p\u00e5 r\u00e5varene.<\/p>\n<p>\u2013 N\u00e5r jeg snakker med kollegaene mine i DNB Teknologi, s\u00e5 ser de ikke en boble generelt, men det er enkelte selskaper som er stivt priset. I tillegg var det sv\u00e6rt sprikende avkastning innad i sektoren og markedet generelt i 2025, s\u00e5 det er ikke alt som er dyrt. Dermed tenker jeg at dette er et sted hvor aktiv forvaltning kan v\u00e6re lurt framover, sier Gundersen.<\/p>\n","protected":false},"excerpt":{"rendered":"Er det en kunstig intelligens-fyrt aksjeboble eller den fjerde industrielle revolusjon? Kunstig intelligens brer om seg, og en&hellip;\n","protected":false},"author":2,"featured_media":145479,"comment_status":"","ping_status":"","sticky":false,"template":"","format":"standard","meta":{"footnotes":"","_share_on_mastodon":"0"},"categories":[56],"tags":[135,60,61,350,138,136,62,30,28,29,137],"class_list":["post-145478","post","type-post","status-publish","format-standard","has-post-thumbnail","category-naeringsliv","tag-aksjefond","tag-business","tag-economy","tag-fond","tag-indeksfond","tag-kombinasjonsfond","tag-naeringsliv","tag-no","tag-norge","tag-norway","tag-rentefond"],"share_on_mastodon":{"url":"https:\/\/pubeurope.com\/@no\/115945875897315036","error":""},"_links":{"self":[{"href":"https:\/\/www.europesays.com\/no\/wp-json\/wp\/v2\/posts\/145478","targetHints":{"allow":["GET"]}}],"collection":[{"href":"https:\/\/www.europesays.com\/no\/wp-json\/wp\/v2\/posts"}],"about":[{"href":"https:\/\/www.europesays.com\/no\/wp-json\/wp\/v2\/types\/post"}],"author":[{"embeddable":true,"href":"https:\/\/www.europesays.com\/no\/wp-json\/wp\/v2\/users\/2"}],"replies":[{"embeddable":true,"href":"https:\/\/www.europesays.com\/no\/wp-json\/wp\/v2\/comments?post=145478"}],"version-history":[{"count":0,"href":"https:\/\/www.europesays.com\/no\/wp-json\/wp\/v2\/posts\/145478\/revisions"}],"wp:featuredmedia":[{"embeddable":true,"href":"https:\/\/www.europesays.com\/no\/wp-json\/wp\/v2\/media\/145479"}],"wp:attachment":[{"href":"https:\/\/www.europesays.com\/no\/wp-json\/wp\/v2\/media?parent=145478"}],"wp:term":[{"taxonomy":"category","embeddable":true,"href":"https:\/\/www.europesays.com\/no\/wp-json\/wp\/v2\/categories?post=145478"},{"taxonomy":"post_tag","embeddable":true,"href":"https:\/\/www.europesays.com\/no\/wp-json\/wp\/v2\/tags?post=145478"}],"curies":[{"name":"wp","href":"https:\/\/api.w.org\/{rel}","templated":true}]}}