{"id":145554,"date":"2026-01-23T20:12:05","date_gmt":"2026-01-23T20:12:05","guid":{"rendered":"https:\/\/www.europesays.com\/no\/145554\/"},"modified":"2026-01-23T20:12:05","modified_gmt":"2026-01-23T20:12:05","slug":"debatt-usa-vi-ma-torre-a-snakke-om-en-boikott-av-vm","status":"publish","type":"post","link":"https:\/\/www.europesays.com\/no\/145554\/","title":{"rendered":"Debatt, USA | Vi m\u00e5 t\u00f8rre \u00e5 snakke om en boikott av VM"},"content":{"rendered":"\n<p>Det var en dr\u00f8m som gikk i oppfyllelse. 25 \u00e5r tok det. Et kvart \u00e5rhundre med nedturer, fortvilelse og savn. Et kvart \u00e5rhundre innledet av en fortvilt trener som gikk ned i knest\u00e5ende etter 0\u20130 mot Slovenia i EM 2000. Et kvart \u00e5rhundre avsluttet med en gr\u00e5tende trenerbenk etter 4\u20131 borte mot Italia 16. november 2025.<\/p>\n<p>Det stadfestet det vi egentlig hadde visst lenge; Norge skal endelig til et internasjonalt sluttspill fotball igjen! Siden har fansen jublet, mimret og gledd seg. 26. juni spilles Norges f\u00f8rste VM-kamp siden 1998. P\u00e5 Gillette Stadium i Foxborough utenfor Boston. Banen der New England Patriots s\u00f8ndag tok seg til semifinalen i NFL; en kamp unna Super Bowl.<\/p>\n<p>  <a href=\"https:\/\/www.an.no\/5-4-2279868\" class=\"related-teaser has-image default-opinion-teaser article--c-eRUmMG article--c-eRUmMG-jKCPdD-design-default\" rel=\"nofollow noopener\" target=\"_blank\"><\/p>\n<p>    <img decoding=\"async\" loading=\"lazy\"  src=\"https:\/\/www.europesays.com\/no\/wp-content\/uploads\/2025\/11\/NTB_oB6sKxYaB9A.jpg\" alt=\"\" class=\"brick-c-cFOWSL\" style=\"\"\/><\/p>\n<p>\n            Les ogs\u00e5<\/p>\n<p>              Til USA for \u00e5 grave gull!\n        <\/p>\n<p>  <\/a><\/p>\n<p>Sist VM var i USA ble ogs\u00e5 Norges kamper spilt p\u00e5 baner vanligvis benyttet til amerikansk fotball, du vet; den varianten der hands er p\u00e5budt. V\u00e5r form for fotball \u2013 den der man faktisk bruker f\u00f8ttene \u2013 er en voksende idrett USA ogs\u00e5, men er langt mindre popul\u00e6r enn amerikanske idretter som den foran nevnte \u00abfotballen\u00bb, baseball og basketball.<\/p>\n<p>Det er kanskje derfor USA deler dette mesterskapet med Mexico og Canada. Men la det likevel ikke herske noen tvil; dette er USAs VM! Av til sammen 104 kamper i dette sluttspillet g\u00e5r 78 i USA, 13 hver i de to andre landene. Og samtlige kamper fra kvartfinalen og inn g\u00e5r p\u00e5 amerikansk jord.<\/p>\n<p>Det er alts\u00e5 USA norske fotballfans m\u00e5 forholde seg til under dette VM. Alle de tre innledende kampene g\u00e5r der og skulle Norge g\u00e5 videre fra sin gruppe er det overveiende sannsynlig at ogs\u00e5 senere kamper vil g\u00e5 i USA. Slik USA n\u00e5 er i ferd med \u00e5 utvikle seg b\u00f8r det gi grunn til ettertanke.<\/p>\n<p>  <a href=\"https:\/\/www.an.no\/5-4-1683105\" class=\"related-teaser has-image default-opinion-teaser article--c-eRUmMG article--c-eRUmMG-jKCPdD-design-default\" rel=\"nofollow noopener\" target=\"_blank\"><\/p>\n<p>    <img decoding=\"async\" loading=\"lazy\"  src=\"https:\/\/www.europesays.com\/no\/wp-content\/uploads\/2026\/01\/Debattvignetter+-+Steins+versjon+-+2022-11-18T132220.406.jpg\" alt=\"\" class=\"brick-c-cFOWSL\" style=\"\"\/><\/p>\n<p>\n            Les ogs\u00e5<\/p>\n<p>              Jeg lover \u00e5 ikke se en eneste kamp fra Qatar-VM, men kan ikke garantere at jeg holder ut\n        <\/p>\n<p>  <\/a><\/p>\n<p>Norske fans har pr. n\u00e5 s\u00f8kt om over 40.000 billetter til Norges kamper i VM via NFF. I tillegg kommer et ukjent antall som har s\u00f8kt om billetter fra FIFA direkte. Norge er tildelt 4-5.000 billetter til hver av de tre f\u00f8rste kampene. Det store flertall av de som \u00f8nsker seg til USA for \u00e5 se en kamp med Norge er dermed d\u00f8mt til \u00e5 bli skuffet.<\/p>\n<p>Kanskje kan det bidra til \u00e5 dra i gang en debatt som s\u00e5 langt har v\u00e6rt utenkelig: b\u00f8r Norge boikotte VM i USA? Og hvis Norge ikke gj\u00f8r det; b\u00f8r norske fans unnlate \u00e5 reise til USA? Foran VM i Qatar i 2022 ville mange fotballfans presse NFF til en boikott, blant dem 14 av 16 supporterklubber i Eliteserien.<\/p>\n<p>Blant disse var Bod\u00f8\/Glimt der et flertall p\u00e5 et ekstraordin\u00e6rt \u00e5rsm\u00f8te gikk mot eget styre og vedtok \u00e5 st\u00f8tte en boikott. Forslaget fikk likevel ikke flertall p\u00e5 fotballtinget, og debatten ble etter hvert hypotetisk. Norge var ikke i stand til \u00e5 kvalifisere seg og VM gikk uten at noen land boikottet turneringen.<\/p>\n<p>  <a href=\"https:\/\/www.an.no\/5-4-787482\" class=\"related-teaser has-image default-opinion-teaser article--c-eRUmMG article--c-eRUmMG-jKCPdD-design-default\" rel=\"nofollow noopener\" target=\"_blank\"><\/p>\n<p>    <img decoding=\"async\" loading=\"lazy\"  src=\"https:\/\/www.europesays.com\/no\/wp-content\/uploads\/2026\/01\/Sneve.jpg\" alt=\"\" class=\"brick-c-cFOWSL\" style=\"\"\/><\/p>\n<p>\n            Les ogs\u00e5<\/p>\n<p>              Fotballen slikker blodet av st\u00f8vlene til autorit\u00e6re regimer for \u00e5 holde pengestr\u00f8mmen flytende\n        <\/p>\n<p>  <\/a><\/p>\n<p>Debatten om boikott av Qatar forgikk over hele Europa og n\u00e5 blusser tanken opp igjen i flere land, denne gangen rettet mot USA. I England har 23 parlamentsmedlemmer s\u00e5 langt signert et forslag om \u00e5 utestenge USA fra verdensidretten, inkludert fotball-VM. En tysk politiker fra CDU har foresl\u00e5tt boikott og Danmark (om de kvalifiserer seg) uteblir definitivt om Trump tar Gr\u00f8nland.<\/p>\n<p>Skjer det b\u00f8r det selvf\u00f8lgelig v\u00e6re utenkelig for Norge ogs\u00e5 \u00e5 delta. Det er et budskap Donald Trump b\u00f8r p\u00e5 allerede n\u00e5. Lite tyder p\u00e5 at s\u00e5 vil skje. Nettavisen har intervjuet flere norske politikere om muligheten for boikott. Ingen vil si noe. Det er \u00e5 stikke hodet i sanden. Trumps undergraving av hjemlig demokrati og undergraving av en fredelig verdensorden b\u00f8r v\u00e6re nok til at debatten tas.<\/p>\n<p>I 2021 pr\u00f8vde Donald Trump \u00e5 gjennomf\u00f8re et statskupp. I sin andre periode har han bevisst undergravet demokratiet. Han har kidnappet et annet lands leder. Han har brukt milit\u00e6re tropper mot egne innbyggere og hans immigrasjonspoliti har skutt og drept en amerikansk borger. Og han truer Europa med v\u00e5penmakt.<\/p>\n<p>  <a href=\"https:\/\/www.an.no\/5-4-2307956\" class=\"related-teaser has-image default-opinion-teaser article--c-eRUmMG article--c-eRUmMG-jKCPdD-design-default\" rel=\"nofollow noopener\" target=\"_blank\"><\/p>\n<p>    <img decoding=\"async\" loading=\"lazy\"  src=\"https:\/\/www.europesays.com\/no\/wp-content\/uploads\/2026\/01\/NTB_w2pZs_vUFWc.jpg\" alt=\"\" class=\"brick-c-cFOWSL\" style=\"\"\/><\/p>\n<p>\n            Les ogs\u00e5<\/p>\n<p>              Trumps pisspreik truer sivilisasjonen\n        <\/p>\n<p>  <\/a><\/p>\n<p>Jeg vet \u00e6rlig talt ikke om det som skjedde i Qatar i forkant av 2022 er s\u00e5 mye verre. Det m\u00e5 ogs\u00e5 v\u00e6re et voldsomt paradoks at USA nylig stoppet all immigrasjon fra 75 land. 15 av disse landene er kvalifisert for VM, land som Haiti, Iran, Brasil, Marokko og Senegal. Nesten ingen fra Haiti, Iran vil slippe inn og andre lands innbyggere er ikke akkurat velkomne.<\/p>\n<p>N\u00e5 skal det sies at det gj\u00f8res unntak for idrettsut\u00f8vere og for turistvisa knyttet til VM. Likevel s\u00e5 FIFA seg n\u00f8dt til \u00e5 sende ut en pressemelding etter immigrasjonsstoppen der de sl\u00e5r fast at billett til en VM-kamp ikke i seg selv gir rett til innreise i USA. Og norske fans vil f\u00e5 sine sosial medier gjennomlest ved innreise og risikerer \u00e5 bli sendt hjem om de har skrevet noe stygt om Trump<\/p>\n<p>Det er ogs\u00e5 talende \u2013 men slett ikke overraskende \u2013 at FIFA n\u00f8yer seg med \u00e5 informere; en protest er \u00e5penbart utelukket. En pill r\u00e5tten organisasjon ble ikke mindre r\u00e5tten av \u00e5 gi Trump sin nyopprettede fredspris. \u00c5 tro at de skal gj\u00f8re noe for \u00e5 p\u00e5virke Trump i positiv retning f\u00e5r troen p\u00e5 julenissen til \u00e5 virke rasjonell og fornuftsbasert.<\/p>\n<p>  <a href=\"https:\/\/www.an.no\/5-4-2304813\" class=\"related-teaser has-image default-opinion-teaser article--c-eRUmMG article--c-eRUmMG-jKCPdD-design-default\" rel=\"nofollow noopener\" target=\"_blank\"><\/p>\n<p>    <img decoding=\"async\" loading=\"lazy\"  src=\"https:\/\/www.europesays.com\/no\/wp-content\/uploads\/2026\/01\/G9-5aPUWkAAK9oM.jpg\" alt=\"\" class=\"brick-c-cFOWSL\" style=\"\"\/><\/p>\n<p>\n            Les ogs\u00e5<\/p>\n<p>              Ofrer vi Gr\u00f8nland ofrer vi friheten\n        <\/p>\n<p>  <\/a><\/p>\n<p>Det var Troms\u00f8 IL som tok initiativet til boikott av VM i Qatar og det er p\u00e5 sin plass \u00e5 sitere TIL-direkt\u00f8r \u00d8yvind Alapnes fra den gang: \u00abHver gang vi sier ordet dialog, s\u00e5 sitter det en gjeng i FIFA og ler av oss. Korrupsjonen i FIFA har p\u00e5g\u00e5tt siden organisasjonen ble stiftet. I hvilken grad har dialogstrategien fungert?\u00bb<\/p>\n<p>FIFAs fredspris er nok et eksempel p\u00e5 at Donald Trump, ikke ulike en tre\u00e5ring, elsker alt som glitrer og er forgylt. Sommerens VM er for ham et slikt glinsende smykke, nok en mulighet for \u00e5 sole seg i selvforherligelse. Det betyr ikke at en trussel om \u00e5 boikotte begivenheten f\u00e5r ham til \u00e5 gi opp dr\u00f8mmen om Gr\u00f8nland. Men kan vi la v\u00e6re \u00e5 pr\u00f8ve?<\/p>\n<p>  <a href=\"https:\/\/www.an.no\/5-4-2304248\" class=\"related-teaser has-image default-opinion-teaser article--c-eRUmMG article--c-eRUmMG-jKCPdD-design-default\" rel=\"nofollow noopener\" target=\"_blank\"><\/p>\n<p>    <img decoding=\"async\" loading=\"lazy\"  src=\"https:\/\/www.europesays.com\/no\/wp-content\/uploads\/2026\/01\/NTB_5udJo6UbSik.jpg\" alt=\"\" class=\"brick-c-cFOWSL\" style=\"\"\/><\/p>\n<p>\n            Les ogs\u00e5<\/p>\n<p>              Norge b\u00f8r lytte til Sylvi Listhaugs r\u00e5d\n        <\/p>\n<p>  <\/a><\/p>\n<p>Lite tyder p\u00e5 at NFF eller politikerne t\u00f8r \u00e5 ta til orde for en boikott. De vil se situasjonen an. Da gjenst\u00e5r norske fotballfans. De som sto p\u00e5 barrikadene for en boikott av VM i Qatar. Det er enkelt \u00e5 boikotte noe vi selv ikke er med p\u00e5, det koster mer n\u00e5 som en 25 \u00e5r gammel dr\u00f8m er g\u00e5tt i oppfyllelse. T\u00f8r noen likevel gj\u00f8re det rette, f\u00f8r Gr\u00f8nland er tatt og en boikott ikke vil ha noen virkning?<\/p>\n","protected":false},"excerpt":{"rendered":"Det var en dr\u00f8m som gikk i oppfyllelse. 25 \u00e5r tok det. Et kvart \u00e5rhundre med nedturer, fortvilelse&hellip;\n","protected":false},"author":2,"featured_media":145555,"comment_status":"","ping_status":"","sticky":false,"template":"","format":"standard","meta":{"footnotes":"","_share_on_mastodon":"0"},"categories":[59],"tags":[36,6061,37,55,2326,92,2112,30,28,29,1533,83,82,50,1871],"class_list":["post-145554","post","type-post","status-publish","format-standard","has-post-thumbnail","category-sport","tag-art","tag-boikott","tag-debatt","tag-donald-trump","tag-fifa","tag-fotball","tag-gronland","tag-no","tag-norge","tag-norway","tag-opinion","tag-sport","tag-sports","tag-usa","tag-vm"],"share_on_mastodon":{"url":"https:\/\/pubeurope.com\/@no\/115946241591629366","error":""},"_links":{"self":[{"href":"https:\/\/www.europesays.com\/no\/wp-json\/wp\/v2\/posts\/145554","targetHints":{"allow":["GET"]}}],"collection":[{"href":"https:\/\/www.europesays.com\/no\/wp-json\/wp\/v2\/posts"}],"about":[{"href":"https:\/\/www.europesays.com\/no\/wp-json\/wp\/v2\/types\/post"}],"author":[{"embeddable":true,"href":"https:\/\/www.europesays.com\/no\/wp-json\/wp\/v2\/users\/2"}],"replies":[{"embeddable":true,"href":"https:\/\/www.europesays.com\/no\/wp-json\/wp\/v2\/comments?post=145554"}],"version-history":[{"count":0,"href":"https:\/\/www.europesays.com\/no\/wp-json\/wp\/v2\/posts\/145554\/revisions"}],"wp:featuredmedia":[{"embeddable":true,"href":"https:\/\/www.europesays.com\/no\/wp-json\/wp\/v2\/media\/145555"}],"wp:attachment":[{"href":"https:\/\/www.europesays.com\/no\/wp-json\/wp\/v2\/media?parent=145554"}],"wp:term":[{"taxonomy":"category","embeddable":true,"href":"https:\/\/www.europesays.com\/no\/wp-json\/wp\/v2\/categories?post=145554"},{"taxonomy":"post_tag","embeddable":true,"href":"https:\/\/www.europesays.com\/no\/wp-json\/wp\/v2\/tags?post=145554"}],"curies":[{"name":"wp","href":"https:\/\/api.w.org\/{rel}","templated":true}]}}