{"id":14584,"date":"2025-08-21T20:18:09","date_gmt":"2025-08-21T20:18:09","guid":{"rendered":"https:\/\/www.europesays.com\/no\/14584\/"},"modified":"2025-08-21T20:18:09","modified_gmt":"2025-08-21T20:18:09","slug":"gikk-viralt-etter-pstereo-bade-i-takt-og-utakt-det-er-det-beste","status":"publish","type":"post","link":"https:\/\/www.europesays.com\/no\/14584\/","title":{"rendered":"Gikk viralt etter Pstereo: &#8211; B\u00e5de i takt og utakt, det er det beste"},"content":{"rendered":"<p>Under flere av konsertene p\u00e5 Marinen denne helgen var det mulig \u00e5 skimte tre sv\u00e6rt lykkelige dansel\u00f8ver.<\/p>\n<p>Aae, Saue og Sund danset for harde livet under flere av konsertene p\u00e5 Pstereo, noe som fikk en i crewet til headliner \u00abSmashing Pumpkins\u00bb til \u00e5 ta fram kamera.<\/p>\n<p>\u2013 Det var veldig stas. Vi var ikke klar over at vi ble filma, men fant fort ut av det, forteller Maren Aae til Trdby.<\/p>\n<p>\u2013 Hun som filmet oss kom og snakket med oss etterp\u00e5. Hun var veldig hyggelig og ga oss plekter og b\u00e6renett.<\/p>\n<p><a href=\"https:\/\/trdby.adressa.no\/aktuelt\/i\/B0OVxe\/ole-henry-med-i-ny-sesong-av-kongen-befaler\" rel=\"nofollow noopener\" target=\"_blank\"> <img decoding=\"async\" src=\"data:image\/gif;base64,R0lGODlhEAAJAIAAAP\/\/\/wAAACH5BAEAAAAALAAAAAAQAAkAAAIKhI+py+0Po5yUFQA7\" alt=\"\"\/>   Ole Henry med i ny sesong av humorprogram  <\/a> Flere hundre tusen visninger<\/p>\n<p>Videoen viser damene hoppe rundt og kose seg, med en sang av bandet over. I bildeteksten st\u00e5r det: \u00abThis could be us, but you playing\u00bb, som er et velkjent utsagn om kj\u00e6rlighetsforhold.<\/p>\n<p>Dette var innlegget som ble delt:<\/p>\n<p>Innlegget ble delt p\u00e5 bandets Instagram- og Facebook-sider og har f\u00e5tt flere hundre tusen visninger. I kommentarfeltet er det flere som hyller b\u00e5de buksevalget og dansingen.<\/p>\n<p>\u2013 Dette er det livet handler om, \u00e5 v\u00e6re rar og lykkelig, skriver en i kommentarfeltet.<\/p>\n<p>\u2013 Jeg elsker buksene damer, nydelig valg, skriver en annen.<\/p>\n<p><img decoding=\"async\" src=\"data:image\/gif;base64,R0lGODlhEAAJAIAAAP\/\/\/wAAACH5BAEAAAAALAAAAAAQAAkAAAIKhI+py+0Po5yUFQA7\" alt=\"\"\/><br \/>\n  Gjengen ble kjent med hverandre gjennom \u00e5 v\u00e6re frivillige p\u00e5 Pstereo. Fra venstre: Ingeborg Saue, Maren Aae og Marthe Sund<br \/>\n  <strong>Foto:<\/strong> \u00c5salinn Arntzen Dale \/ Adresseavisen<a href=\"https:\/\/trdby.adressa.no\/aktuelt\/i\/kwkOGB\/de-har-holdt-paa-i-over-en-uke-slik-har-de-klart-det\" rel=\"nofollow noopener\" target=\"_blank\"> <img decoding=\"async\" src=\"data:image\/gif;base64,R0lGODlhEAAJAIAAAP\/\/\/wAAACH5BAEAAAAALAAAAAAQAAkAAAIKhI+py+0Po5yUFQA7\" alt=\"\"\/>   De har holdt p\u00e5 i over \u00e9n uke \u2013 slik har de klart det  <\/a> \u2013 Headbanging og hopping er det beste<\/p>\n<p>Buksene ble laget av Aae, men det var dessverre ikke nok til alle tre.<\/p>\n<p>\u2013 Den siste var utl\u00e5nt allerede, men det gikk fint. Marthe str\u00e5ler nok av seg selv.<\/p>\n<p><strong>\u2013 Er dere store fans?<\/strong><\/p>\n<p>\u2013 Det er veldig min type musikk, men jeg har ikke h\u00f8rt s\u00e5 veldig mye p\u00e5 dem. N\u00e5 har jeg skikkelig gode minner fra konserten, s\u00e5 jeg har h\u00f8rt litt p\u00e5 dem siden l\u00f8rdagen.<\/p>\n<p>Flere i publikum ble ogs\u00e5 smittet av dansegleden Aae, Saue og Sund viste.<\/p>\n<p>\u2013 Det beste med festival er \u00e5 m\u00f8te nye folk, og det var mange som slang seg med og hadde det artig med oss.<\/p>\n<p><img decoding=\"async\" src=\"data:image\/gif;base64,R0lGODlhEAAJAIAAAP\/\/\/wAAACH5BAEAAAAALAAAAAAQAAkAAAIKhI+py+0Po5yUFQA7\" alt=\"\"\/> <\/p>\n<p>  <strong>Foto:<\/strong> \u00c5salinn Arntzen Dale \/ Adresseavisen<\/p>\n<p><strong>\u2013 Hva er de beste dansetriksene n\u00e5r man er p\u00e5 konsert?<\/strong><\/p>\n<p>\u2013 Man kan se det i videoen. Headbanging og hopping er det beste. \u00c5 v\u00e6re fri og gj\u00f8re det kroppen f\u00f8ler for, b\u00e5de i takt og utakt, det er det beste, flirer Aae.<\/p>\n<p><a href=\"https:\/\/trdby.adressa.no\/aktuelt\/i\/nyzoOn\/carina-dahl-med-paa-skal-vi-danse\" rel=\"nofollow noopener\" target=\"_blank\"> <img decoding=\"async\" src=\"data:image\/gif;base64,R0lGODlhEAAJAIAAAP\/\/\/wAAACH5BAEAAAAALAAAAAAQAAkAAAIKhI+py+0Po5yUFQA7\" alt=\"\"\/>   Carina Dahl klar for Skal vi danse  <\/a> <\/p>\n","protected":false},"excerpt":{"rendered":"Under flere av konsertene p\u00e5 Marinen denne helgen var det mulig \u00e5 skimte tre sv\u00e6rt lykkelige dansel\u00f8ver. Aae,&hellip;\n","protected":false},"author":2,"featured_media":14585,"comment_status":"","ping_status":"","sticky":false,"template":"","format":"standard","meta":{"footnotes":""},"categories":[58],"tags":[71,30,28,29,2087,2808,72],"class_list":{"0":"post-14584","1":"post","2":"type-post","3":"status-publish","4":"format-standard","5":"has-post-thumbnail","7":"category-underholdning","8":"tag-entertainment","9":"tag-no","10":"tag-norge","11":"tag-norway","12":"tag-pstereo","13":"tag-smashing-pumpkins","14":"tag-underholdning"},"share_on_mastodon":{"url":"","error":""},"_links":{"self":[{"href":"https:\/\/www.europesays.com\/no\/wp-json\/wp\/v2\/posts\/14584","targetHints":{"allow":["GET"]}}],"collection":[{"href":"https:\/\/www.europesays.com\/no\/wp-json\/wp\/v2\/posts"}],"about":[{"href":"https:\/\/www.europesays.com\/no\/wp-json\/wp\/v2\/types\/post"}],"author":[{"embeddable":true,"href":"https:\/\/www.europesays.com\/no\/wp-json\/wp\/v2\/users\/2"}],"replies":[{"embeddable":true,"href":"https:\/\/www.europesays.com\/no\/wp-json\/wp\/v2\/comments?post=14584"}],"version-history":[{"count":0,"href":"https:\/\/www.europesays.com\/no\/wp-json\/wp\/v2\/posts\/14584\/revisions"}],"wp:featuredmedia":[{"embeddable":true,"href":"https:\/\/www.europesays.com\/no\/wp-json\/wp\/v2\/media\/14585"}],"wp:attachment":[{"href":"https:\/\/www.europesays.com\/no\/wp-json\/wp\/v2\/media?parent=14584"}],"wp:term":[{"taxonomy":"category","embeddable":true,"href":"https:\/\/www.europesays.com\/no\/wp-json\/wp\/v2\/categories?post=14584"},{"taxonomy":"post_tag","embeddable":true,"href":"https:\/\/www.europesays.com\/no\/wp-json\/wp\/v2\/tags?post=14584"}],"curies":[{"name":"wp","href":"https:\/\/api.w.org\/{rel}","templated":true}]}}