{"id":146101,"date":"2026-01-24T13:07:51","date_gmt":"2026-01-24T13:07:51","guid":{"rendered":"https:\/\/www.europesays.com\/no\/146101\/"},"modified":"2026-01-24T13:07:51","modified_gmt":"2026-01-24T13:07:51","slug":"ingen-fred-uten-territorial-avtale","status":"publish","type":"post","link":"https:\/\/www.europesays.com\/no\/146101\/","title":{"rendered":"Ingen fred uten territorial avtale"},"content":{"rendered":"<p><strong>Russlands president Vladimir Putin m\u00f8tte president Donald Trumps utsendinger i over fire timer sent torsdag kveld, men Kreml sl\u00e5r fast at varig fred er umulig uten at det territorielle sp\u00f8rsm\u00e5let l\u00f8ses. Trilaterale samtaler starter i Abu Dhabi fredag. Trump varslet tidligere p\u00e5 dagen at \u00abvi har en vei \u00e5 g\u00e5\u00bb etter m\u00f8tet med Zelenskyj.<\/strong><\/p>\n<p>Kreml-r\u00e5dgiver Yuri Ushakov bekreftet overfor journalister at samtalene, som startet like f\u00f8r midnatt og varte i rundt fire timer, hadde v\u00e6rt \u00absubstansielle, konstruktive og veldig \u00e6rlige\u00bb, skriver <a href=\"https:\/\/www.reuters.com\/world\/europe\/putin-meets-us-envoys-late-night-talks-ukraine-2026-01-22\/\" rel=\"nofollow noopener\" target=\"_blank\">Reuters<\/a>.<\/p>\n<p>\u2013 Viktigst av alt ble det under disse samtalene mellom v\u00e5r president og amerikanerne gjentatt at uten \u00e5 l\u00f8se det territorielle sp\u00f8rsm\u00e5let i henhold til formelen som ble avtalt i Anchorage, er det ingen h\u00e5p om \u00e5 oppn\u00e5 en langsiktig l\u00f8sning, sa Ushakov.<\/p>\n<p>Han viste til fjor\u00e5rets toppm\u00f8te mellom Trump og Putin i Alaska.<\/p>\n<p>Kort oppsummert<\/p>\n<p style=\"line-height: 1.8; color: #000000; margin-bottom: 15px;\">Putin m\u00f8tte Trumps utsendinger, inkludert Jared Kushner og Steve Witkoff, i fire timer torsdag kveld. Kreml sier det ikke kan bli varig fred uten at det territorielle sp\u00f8rsm\u00e5let l\u00f8ses \u00abi henhold til Anchorage-formelen.\u00bb<\/p>\n<p style=\"line-height: 1.8; color: #000000; margin-bottom: 15px;\">Trump sa etter m\u00f8tet med Zelenskyj i Davos at \u00abvi har en vei \u00e5 g\u00e5\u00bb og at 30.000 \u2013 \u00abmest soldater\u00bb \u2013 ble drept forrige m\u00e5ned. \u00abKrigen m\u00e5 slutte,\u00bb sa presidenten.<\/p>\n<p style=\"line-height: 1.8; color: #000000; margin-bottom: 15px;\">Russland krever at Ukraina overgir 20 prosent av Donetsk og gir opp NATO-ambisjoner. Zelenskyj har nektet \u00e5 gi fra seg land Ukraina har forsvart med store tap.<\/p>\n<p style=\"line-height: 1.8; color: #000000; margin-bottom: 0;\">Trilaterale samtaler mellom USA, Ukraina og Russland starter i Abu Dhabi fredag. Kreml varsler at Russland vil fortsette \u00abden spesielle milit\u00e6re operasjonen\u00bb inntil en avtale er p\u00e5 plass.<\/p>\n<p><strong>Trump: \u00ab30.000 drept forrige m\u00e5ned\u00bb<\/strong><\/p>\n<p>Tidligere p\u00e5 dagen, <a href=\"https:\/\/youtu.be\/sR6frBBmQKE\" rel=\"nofollow noopener\" target=\"_blank\">etter sitt m\u00f8te<\/a> med Ukrainas president Volodymyr Zelenskyj i Davos, ga Trump en dyster vurdering av situasjonen.<\/p>\n<p>\u2013 Vi har en vei \u00e5 g\u00e5. De m\u00f8ter president Putin i dag, som dere vet. M\u00f8tet var godt med president Zelenskyj. Vi f\u00e5r se hvordan det g\u00e5r. Mange mennesker blir drept. Krigen m\u00e5 slutte, sa Trump til reportere.<\/p>\n<p>\u2013 Forrige m\u00e5ned hadde de 30.000 drepte. 30.000, mest soldater. Og dette er virkelig en krig som m\u00e5 avsluttes.<\/p>\n<p>Trump bekreftet at hans utsendinger skulle m\u00f8te Russland, og at \u00aballe vil at krigen skal slutte.\u00bb<\/p>\n<p><strong>Krever 20 prosent av Donetsk<\/strong><\/p>\n<p>En av de viktigste hindringene er Putins krav om at Ukraina overgir de 20 prosentene landet fortsatt holder av Donetsk-regionen i \u00f8st. President Zelenskyj har nektet \u00e5 gi opp land som Ukraina har forsvart med store tap gjennom \u00e5r med slitsom krigf\u00f8ring.<\/p>\n<p>Russland krever ogs\u00e5 at Ukraina gir opp sin ambisjon om \u00e5 bli med i NATO, og avviser enhver tilstedev\u00e6relse av NATO-tropper p\u00e5 ukrainsk jord etter en fredsavtale.<\/p>\n<p>Zelenskyj sa etter m\u00f8tet med Trump i Sveits torsdag at vilk\u00e5rene for sikkerhetsgarantier til Ukraina var ferdigstilt, men at det territorielle sp\u00f8rsm\u00e5let fortsatt var ul\u00f8st.<\/p>\n<p><strong>Trilaterale samtaler i Abu Dhabi fredag<\/strong><\/p>\n<p>Russland bekreftet at det vil holde sikkerhetsamtaler med USA og Ukraina i Abu Dhabi fredag. Admiral Igor Kostyukov vil lede Moskvas team, mens investeringsutsending Kirill Dmitriev vil m\u00f8te separat om \u00f8konomiske sp\u00f8rsm\u00e5l med Steve Witkoff, Donald Trumps utsending.<\/p>\n<p>P\u00e5 amerikansk side deltok Witkoff og Trumps svigers\u00f8nn Jared Kushner \u2013 som sist m\u00f8tte Putin i Kreml i begynnelsen av desember \u2013 samt Josh Gruenbaum, nylig utnevnt av Trump som seniorr\u00e5d\u200bgiver for hans \u00abBoard of Peace.\u00bb<\/p>\n<p><strong>\u00abRussland holder det strategiske initiativet\u00bb<\/strong><\/p>\n<p>Ushakov sa at Putin understreket at Russland er \u00aboppriktig interessert\u00bb i en diplomatisk l\u00f8sning.<\/p>\n<p>Men han la til:<\/p>\n<p>\u2013 Inntil dette er oppn\u00e5dd, vil Russland fortsette \u00e5 konsekvent forf\u00f8lge m\u00e5lene for den spesielle milit\u00e6re operasjonen. Dette gjelder spesielt p\u00e5 slagmarken, hvor de russiske v\u00e6pnede styrkene holder det strategiske initiativet.<\/p>\n<p>Ukraina opplever sin hardeste vinter i krigen mens Russland gjennomf\u00f8rer kraftige missil- og droneangrep mot landets energiinfrastruktur. Med temperaturer langt under frysepunktet har hundretusener av mennesker i Kyiv og andre byer lidd langvarige str\u00f8mbrudd og v\u00e6rt uten oppvarming.<\/p>\n<p><strong>Les ogs\u00e5: <a href=\"https:\/\/inyheter.no\/22\/01\/2026\/kyiv-evakueres-minus-22-grader-uten-strom\/\" rel=\"nofollow noopener\" target=\"_blank\">Kyiv evakueres: Minus 22 grader uten str\u00f8m<\/a><\/strong><\/p>\n<p>Ukraina peker p\u00e5 dette som bevis p\u00e5 at Putin ikke har noen reell interesse for fred, noe Moskva bestrider.<\/p>\n<p><strong>Witkoff optimistisk f\u00f8r Moskva-m\u00f8tet<\/strong><\/p>\n<p>Witkoff var optimistisk f\u00f8r samtalene i Moskva og sa at mange m\u00e5neders forhandlinger hadde kommet ned til \u00e9n enkelt sak.<\/p>\n<p>Han spesifiserte ikke hva det var, men det territorielle sp\u00f8rsm\u00e5let som Ushakov pekte p\u00e5, ville ikke komme som noen overraskelse.<\/p>\n<p>Trump sa onsdag at Putin og Zelenskyj ville v\u00e6re \u00abidioter\u00bb hvis de ikke klarte \u00e5 komme sammen og f\u00e5 en avtale p\u00e5 plass.<\/p>\n<p>Samtalene er den siste fasen i Trumps fors\u00f8k p\u00e5 \u00e5 f\u00e5 slutt p\u00e5 den d\u00f8deligste konflikten i Europa siden andre verdenskrig.<\/p>\n","protected":false},"excerpt":{"rendered":"Russlands president Vladimir Putin m\u00f8tte president Donald Trumps utsendinger i over fire timer sent torsdag kveld, men Kreml&hellip;\n","protected":false},"author":2,"featured_media":146102,"comment_status":"","ping_status":"","sticky":false,"template":"","format":"standard","meta":{"footnotes":"","_share_on_mastodon":"0"},"categories":[12],"tags":[20,21,24,25,7101,15,179,22,23,13,30,28,29,14,16,2309,188,26,27,766,42,43,44,45],"class_list":["post-146101","post","type-post","status-publish","format-standard","has-post-thumbnail","category-verden","tag-breaking-news","tag-breakingnews","tag-featured-news","tag-featurednews","tag-fredsforhandlinger","tag-headlines","tag-krigen-i-ukraina","tag-latest-news","tag-latestnews","tag-news","tag-no","tag-norge","tag-norway","tag-nyheter","tag-overskrifter","tag-putin","tag-russland","tag-top-stories","tag-topstories","tag-trump","tag-verden","tag-world","tag-world-news","tag-worldnews"],"share_on_mastodon":{"url":"https:\/\/pubeurope.com\/@no\/115950236760869288","error":""},"_links":{"self":[{"href":"https:\/\/www.europesays.com\/no\/wp-json\/wp\/v2\/posts\/146101","targetHints":{"allow":["GET"]}}],"collection":[{"href":"https:\/\/www.europesays.com\/no\/wp-json\/wp\/v2\/posts"}],"about":[{"href":"https:\/\/www.europesays.com\/no\/wp-json\/wp\/v2\/types\/post"}],"author":[{"embeddable":true,"href":"https:\/\/www.europesays.com\/no\/wp-json\/wp\/v2\/users\/2"}],"replies":[{"embeddable":true,"href":"https:\/\/www.europesays.com\/no\/wp-json\/wp\/v2\/comments?post=146101"}],"version-history":[{"count":0,"href":"https:\/\/www.europesays.com\/no\/wp-json\/wp\/v2\/posts\/146101\/revisions"}],"wp:featuredmedia":[{"embeddable":true,"href":"https:\/\/www.europesays.com\/no\/wp-json\/wp\/v2\/media\/146102"}],"wp:attachment":[{"href":"https:\/\/www.europesays.com\/no\/wp-json\/wp\/v2\/media?parent=146101"}],"wp:term":[{"taxonomy":"category","embeddable":true,"href":"https:\/\/www.europesays.com\/no\/wp-json\/wp\/v2\/categories?post=146101"},{"taxonomy":"post_tag","embeddable":true,"href":"https:\/\/www.europesays.com\/no\/wp-json\/wp\/v2\/tags?post=146101"}],"curies":[{"name":"wp","href":"https:\/\/api.w.org\/{rel}","templated":true}]}}