{"id":14677,"date":"2025-08-21T22:28:11","date_gmt":"2025-08-21T22:28:11","guid":{"rendered":"https:\/\/www.europesays.com\/no\/14677\/"},"modified":"2025-08-21T22:28:11","modified_gmt":"2025-08-21T22:28:11","slug":"nyheter-innlandet-politidistrikt-det-var-jerry-som-ble-funnet-i-glomma-mandag","status":"publish","type":"post","link":"https:\/\/www.europesays.com\/no\/14677\/","title":{"rendered":"Nyheter, Innlandet politidistrikt | Det var Jerry som ble funnet i Glomma mandag"},"content":{"rendered":"\n<p><a href=\"www.nettavisen.no\" rel=\"Follow\">(Nettavisen):<\/a> Svenske Jerry Lemmetty ble funnet i Glomma ved Brandval bru i Kongsvinger mandag. Han er identifisert etter obduksjon og hans svenske p\u00e5r\u00f8rende er varslet om funnet.<\/p>\n<p>Innlandet politidistrikt skriver at den forel\u00f8pige d\u00f8ds\u00e5rsaken ikke p\u00e5viser noen entydig d\u00f8ds\u00e5rsak, men at det ikke er tegn til at drukning var d\u00f8ds\u00e5rsaken. En endelig obduksjonsrapport kan v\u00e6re m\u00e5neder unna.<\/p>\n<p>\u2013 I forbindelse med etterforskingen er det fortsatt behov for \u00e5 f\u00e5 de siktedes forklaring om en rekke punkter. Ingen av dem har plikt til \u00e5 forklare seg for politiet, men vi vil tilby dem dette i l\u00f8pet av kort tid, sier politiinspekt\u00f8r Henning Klauseie.<\/p>\n<p>Politiet har tidligere sgat at de mener Lemmetty ble drept p\u00e5 en g\u00e5rd i Kongsvinger i fjor h\u00f8st.<\/p>\n<p>Politiet er vage i beskrivelsen av funnet av Lemmetty og sier \u00e5rsaken til det er at de siktede i saken m\u00e5 f\u00e5 anledning til \u00e5 forklare seg f\u00f8rst.<\/p>\n<p>\u2013 Det er f\u00f8rst i den endelige obduksjonsrapporten vi kan p\u00e5regne \u00e5 f\u00e5 svar p\u00e5 flere sp\u00f8rsm\u00e5l om d\u00f8dsfallet, sier Klauseie.<\/p>\n<p>En finsk mann er siktet for drap eller medvirkning til drap i saken og ble tirsdag varetektsfengslet i fire uker. To lokale menn i 20- og 50-\u00e5rene er ogs\u00e5 siktet i saken og har begge sittet varetektsfengslet siden slutten av april.<\/p>\n<p>Alle tre nekter straffskyld.<\/p>\n<p>Les mer om: artikkelemnene<\/p>\n","protected":false},"excerpt":{"rendered":"(Nettavisen): Svenske Jerry Lemmetty ble funnet i Glomma ved Brandval bru i Kongsvinger mandag. Han er identifisert etter&hellip;\n","protected":false},"author":2,"featured_media":14678,"comment_status":"","ping_status":"","sticky":false,"template":"","format":"standard","meta":{"footnotes":""},"categories":[10],"tags":[36,20,21,24,25,15,813,2817,22,23,13,30,28,29,14,16,1510,26,27],"class_list":{"0":"post-14677","1":"post","2":"type-post","3":"status-publish","4":"format-standard","5":"has-post-thumbnail","7":"category-norge","8":"tag-art","9":"tag-breaking-news","10":"tag-breakingnews","11":"tag-featured-news","12":"tag-featurednews","13":"tag-headlines","14":"tag-innlandet","15":"tag-innlandet-politidistrikt","16":"tag-latest-news","17":"tag-latestnews","18":"tag-news","19":"tag-no","20":"tag-norge","21":"tag-norway","22":"tag-nyheter","23":"tag-overskrifter","24":"tag-story","25":"tag-top-stories","26":"tag-topstories"},"share_on_mastodon":{"url":"","error":""},"_links":{"self":[{"href":"https:\/\/www.europesays.com\/no\/wp-json\/wp\/v2\/posts\/14677","targetHints":{"allow":["GET"]}}],"collection":[{"href":"https:\/\/www.europesays.com\/no\/wp-json\/wp\/v2\/posts"}],"about":[{"href":"https:\/\/www.europesays.com\/no\/wp-json\/wp\/v2\/types\/post"}],"author":[{"embeddable":true,"href":"https:\/\/www.europesays.com\/no\/wp-json\/wp\/v2\/users\/2"}],"replies":[{"embeddable":true,"href":"https:\/\/www.europesays.com\/no\/wp-json\/wp\/v2\/comments?post=14677"}],"version-history":[{"count":0,"href":"https:\/\/www.europesays.com\/no\/wp-json\/wp\/v2\/posts\/14677\/revisions"}],"wp:featuredmedia":[{"embeddable":true,"href":"https:\/\/www.europesays.com\/no\/wp-json\/wp\/v2\/media\/14678"}],"wp:attachment":[{"href":"https:\/\/www.europesays.com\/no\/wp-json\/wp\/v2\/media?parent=14677"}],"wp:term":[{"taxonomy":"category","embeddable":true,"href":"https:\/\/www.europesays.com\/no\/wp-json\/wp\/v2\/categories?post=14677"},{"taxonomy":"post_tag","embeddable":true,"href":"https:\/\/www.europesays.com\/no\/wp-json\/wp\/v2\/tags?post=14677"}],"curies":[{"name":"wp","href":"https:\/\/api.w.org\/{rel}","templated":true}]}}