{"id":146930,"date":"2026-01-25T15:21:10","date_gmt":"2026-01-25T15:21:10","guid":{"rendered":"https:\/\/www.europesays.com\/no\/146930\/"},"modified":"2026-01-25T15:21:10","modified_gmt":"2026-01-25T15:21:10","slug":"i-folldal-var-det-34-minusgrader","status":"publish","type":"post","link":"https:\/\/www.europesays.com\/no\/146930\/","title":{"rendered":"I Folldal var det 34 minusgrader"},"content":{"rendered":"\n<p class=\"_lead_o9xde_2 _lead_xtcu6_50 layout-component text-serif-m layout-normal text-serif-l layout-component layout-wide layout-padded _wide_17hqh_1 layout-padded\">Varaordf\u00f8rer Tommy tar to grep for \u00e5 b\u00f8te p\u00e5 kulden. <\/p>\n<p><img alt=\"Varaordf\u00f8rer Tommy Kristoffersen (Ap) ute i kulden.  Foto: Tommy Kristoffersen\" class=\"_image_qp4xg_65 layout-component layout-wide\" data-fullscreen- data-track-element-type=\"Article image fullscreen\" data-track-name=\"ImageFullscreen\" fetchpriority=\"high\" decoding=\"sync\" loading=\"eager\" height=\"2725\" itemprop=\"image\"  src=\"https:\/\/www.europesays.com\/no\/wp-content\/uploads\/2026\/01\/a05ef336-7bb1-4a34-8538-b7ad4b589fa7.jpeg\"  style=\"object-position:0% 0%\" width=\"3633\"\/>Varaordf\u00f8rer Tommy Kristoffersen (Ap) ute i kulden.  Foto: Tommy Kristoffersen<\/p>\n<ul aria-hidden=\"true\" class=\"_images_ntbth_112\">\n<li><a class=\"_link_ntbth_117\" href=\"https:\/\/www.vg.no\/forfatter\/einar-torkelsen\" style=\"z-index:1\" title=\"Einar Torkelsen\" rel=\"nofollow noopener\" target=\"_blank\"><img alt=\"Bilde av Einar Torkelsen\" class=\"_image_ntbth_93\" fetchpriority=\"low\" loading=\"lazy\" decoding=\"async\" itemprop=\"image\"  src=\"https:\/\/www.europesays.com\/no\/wp-content\/uploads\/2026\/01\/1769354469_475_f6016772-ddbc-43d2-b733-41afc7cc9046.png\"  width=\"480\"\/><\/a><\/li>\n<\/ul>\n<p> Oppdatert s\u00f8ndag 25. januar kl. 16:11    <\/p>\n<ul class=\"_list_o9xde_3 _list_64s2r_85 _unordered_o9xde_106 text-sans-m\">\n<li class=\"_item_o9xde_30\">S\u00f8ndag er det kaldt i store deler av landet.<\/li>\n<li class=\"_item_o9xde_30\">Aller kaldest er det i Folldal. Der har temperaturene v\u00e6rt nede i 34 minusgrader.<\/li>\n<li class=\"_item_o9xde_30\">Varaordf\u00f8rer Tommy Kristiansen sier at de er vant med denne typen kulde. <\/li>\n<li class=\"_item_o9xde_30\">Meteorolog Per Egil Haga sier at det blir kaldt i stort sett hele landet neste uke. <\/li>\n<\/ul>\n<p>Vis mer <\/p>\n<p class=\"_paragraph_o9xde_4 _paragraph_xtcu6_10 layout-component text-serif-m layout-normal text-serif-m layout-padded\">Det er bikkjekaldt flere steder i landet akkurat n\u00e5. <\/p>\n<p class=\"_paragraph_o9xde_4 _paragraph_xtcu6_10 layout-component text-serif-m layout-normal text-serif-m layout-padded\">Aller kaldest er det i <a href=\"https:\/\/www.vg.no\/tag\/folldal?utm_source=vg-article&amp;utm_medium=auto-tagger&amp;utm_campaign=7p5KBv\" class=\"_link_o9xde_39\" rel=\"nofollow noopener\" target=\"_blank\">Folldal<\/a> kommune i Innlandet. Der var temperaturen nede i 34 minusgrader p\u00e5 s\u00f8ndag.<\/p>\n<p class=\"_paragraph_o9xde_4 _paragraph_xtcu6_10 layout-component text-serif-m layout-normal text-serif-m layout-padded\">En av dem som kjenner kulden p\u00e5 kroppen er varaordf\u00f8rer i kommunen, Tommy Kristoffersen (Ap).<\/p>\n<p class=\"_paragraph_o9xde_4 _paragraph_xtcu6_10 layout-component text-serif-m layout-normal text-serif-m layout-padded\">\u2013 Det er kaldt, ja! Men ogs\u00e5 fint, med t\u00f8rr og klar luft, sier han til VG. <\/p>\n<ul class=\"_list_o9xde_3 _list_xtcu6_9 _unordered_o9xde_106 layout-component text-serif-m layout-normal text-serif-m layout-padded\">\n<li class=\"_item_o9xde_30\"><a href=\"https:\/\/www.vg.no\/tips-oss\" class=\"_link_o9xde_39\" rel=\"nofollow noopener\" target=\"_blank\"><strong class=\"_strong_o9xde_25\">Er det kaldere der du bor? Tips oss og send bilde!<\/strong><\/a><\/li>\n<\/ul>\n<p><img alt=\"Det er godt med sn\u00f8 i Folldal.   Foto: Tommy Kristoffersen\" class=\"_image_qp4xg_65 layout-component layout-normal\" data-fullscreen- data-track-element-type=\"Article image fullscreen\" data-track-name=\"ImageFullscreen\" decoding=\"async\" loading=\"lazy\" height=\"3021\" itemprop=\"image\"  src=\"https:\/\/www.europesays.com\/no\/wp-content\/uploads\/2026\/01\/32cf0fbb-ad42-484f-8ced-2a5f4ea13dd7.jpeg\"  style=\"object-position:0% 0%\" width=\"3021\"\/>Det er godt med sn\u00f8 i Folldal.   Foto: Tommy Kristoffersen<\/p>\n<p class=\"_paragraph_o9xde_4 _paragraph_xtcu6_10 layout-component text-serif-m layout-normal text-serif-m layout-padded\">I l\u00f8pet av dagen har det blitt noe varmere. S\u00f8ndag ettermiddag er minusgradene fortsatt p\u00e5 20-tallet.<\/p>\n<p class=\"_paragraph_o9xde_4 _paragraph_xtcu6_10 layout-component text-serif-m layout-normal text-serif-m layout-padded\">\u2013 For \u00e5 holde varmen fyrer vi med ved i peisen og spiser god og varm bacalao, sier Kristoffersen. <\/p>\n<p class=\"_paragraph_o9xde_4 _paragraph_xtcu6_10 layout-component text-serif-m layout-normal text-serif-m layout-padded\">At Folldal er kaldest i landet, kommer ikke som noe overraskelse p\u00e5 varaordf\u00f8reren. <\/p>\n<p class=\"_paragraph_o9xde_4 _paragraph_xtcu6_10 layout-component text-serif-m layout-normal text-serif-m layout-padded\">\u2013 Vi er vant til kulde som dette. De fleste er forberedt og vet at de m\u00e5 v\u00e6re mer forsiktige, samt f\u00f8lge med p\u00e5 vann og s\u00e5nne ting. Vinteren g\u00e5r sin vante gang, sier Kristoffersen. <\/p>\n<p><img alt=\"Kristoffersen er like blid, til tross for kulden.   Foto: Privat\" class=\"_image_qp4xg_65 layout-component layout-normal\" data-fullscreen- data-track-element-type=\"Article image fullscreen\" data-track-name=\"ImageFullscreen\" decoding=\"async\" loading=\"lazy\" height=\"2266\" itemprop=\"image\"  src=\"https:\/\/www.europesays.com\/no\/wp-content\/uploads\/2026\/01\/76e25c83-e521-4794-8e96-0fe8af3cdefa.jpeg\"  style=\"object-position:0% 0%\" width=\"3021\"\/>Kristoffersen er like blid, til tross for kulden.   Foto: Privat<\/p>\n<p class=\"_paragraph_o9xde_4 _paragraph_xtcu6_10 layout-component text-serif-m layout-normal text-serif-m layout-padded\">Han sier at vinteren har v\u00e6rt stabil og fin s\u00e5 langt i \u00e5r. <\/p>\n<p class=\"_paragraph_o9xde_4 _paragraph_xtcu6_10 layout-component text-serif-m layout-normal text-serif-m layout-padded\">\u2013 Det er fint \u00e5 g\u00e5 p\u00e5 ski for tiden, med gode forhold. Vi bor oppe p\u00e5 fjellene og har fantastisk utsikt, sier Kristoffersen. <\/p>\n<p>\u2013 Vinteren biter fra seg<\/p>\n<p class=\"_paragraph_o9xde_4 _paragraph_xtcu6_10 layout-component text-serif-m layout-normal text-serif-m layout-padded\">Vakthavende meteorolog Per Egil Haga ved Meteorologisk institutt sier til VG at det er vinterlige temperaturer i det meste av Fastlands-Norge n\u00e5. <\/p>\n<p class=\"_paragraph_o9xde_4 _paragraph_xtcu6_10 layout-component text-serif-m layout-normal text-serif-m layout-padded\">\u2013 De stedene hvor vi har hatt de laveste temperaturene i dag er nord i Gudbrandsdalen, nord i \u00d8sterdalen og i Tr\u00f8ndelag. Folldal har v\u00e6rt kaldest, med 34,2 minusgrader p\u00e5 det kaldeste, sier Haga.<\/p>\n<p class=\"_paragraph_o9xde_4 _paragraph_xtcu6_10 layout-component text-serif-m layout-normal text-serif-m layout-padded\">Nesten like kaldt har det ogs\u00e5 v\u00e6rt p\u00e5 R\u00f8ros, i Tynset og i Mo i Rana. <\/p>\n<p class=\"_paragraph_o9xde_4 _paragraph_xtcu6_10 layout-component text-serif-m layout-normal text-serif-m layout-padded\">\u2013 Vinteren biter fra seg mange steder i landet. Og det ser det ut til at den skal fortsette \u00e5 gj\u00f8re i uken foran oss, sier Haga. <\/p>\n<p>\u2013 Stort sett kaldt i hele landet<\/p>\n<p class=\"_paragraph_o9xde_4 _paragraph_xtcu6_10 layout-component text-serif-m layout-normal text-serif-m layout-padded\">Meteorologen sier at det blir vinterlig ogs\u00e5 neste uke, med h\u00f8ytrykkspreget v\u00e6r.<\/p>\n<p class=\"_paragraph_o9xde_4 _paragraph_xtcu6_10 layout-component text-serif-m layout-normal text-serif-m layout-padded\">\u2013 Det blir stort sett kaldt i hele landet. S\u00e6rlig p\u00e5 \u00d8stlandet, i Vestlandet, i Tr\u00f8ndelag og nordover, sier Haga.<\/p>\n<p><img decoding=\"async\" alt=\"Bilde av Per Egil Haga\" class=\"_image_ygndg_42\" height=\"30\" itemprop=\"image\" loading=\"lazy\"  src=\"https:\/\/www.europesays.com\/no\/wp-content\/uploads\/2026\/01\/1090b12d-36fc-4b37-a34c-1b86d3d71ba4.jpeg\"  width=\"40\"\/><strong class=\"_name_ygndg_51 title-serif-xs\">Per Egil Haga<\/strong><\/p>\n<p class=\"_paragraph_o9xde_4 text-sans-m _description_ygndg_56\">Vakthavende meteorolog<\/p>\n<p class=\"_paragraph_o9xde_4 _paragraph_xtcu6_10 layout-component text-serif-m layout-normal text-serif-m layout-padded\">Det vil ogs\u00e5 kunne komme p\u00e5fyll av sn\u00f8 p\u00e5 \u00d8stlandet og deler av Nord-Norge. <\/p>\n<p class=\"_paragraph_o9xde_4 _paragraph_xtcu6_10 layout-component text-serif-m layout-normal text-serif-m layout-padded\">\u2013 P\u00e5 Vestlandet og Tr\u00f8ndelag ser det ut som det blir t\u00f8rt og kaldt. <\/p>\n<p>\u2013 Relativt stabil<\/p>\n<p class=\"_paragraph_o9xde_4 _paragraph_xtcu6_10 layout-component text-serif-m layout-normal text-serif-m layout-padded\">Vinterv\u00e6ret som preger landet n\u00e5 kommer trolig til \u00e5 henge ved en stund til.<\/p>\n<p class=\"_paragraph_o9xde_4 _paragraph_xtcu6_10 layout-component text-serif-m layout-normal text-serif-m layout-padded\">\u2013 Det ser ut til at denne h\u00f8ytrykkspregede, kalde, t\u00f8rre og vinterlige v\u00e6rtypen vil v\u00e6re med oss helt frem til midten av februar. Det ligger an til en relativt stabil situasjon, sier Haga.<\/p>\n<p class=\"_paragraph_o9xde_4 _paragraph_xtcu6_10 layout-component text-serif-m layout-normal text-serif-m layout-padded\">P\u00e5 \u00d8stlandet blir det en del skyer fremover, som kan forebygge mot den verste kulden. <\/p>\n<p class=\"_paragraph_o9xde_4 _paragraph_xtcu6_10 layout-component text-serif-m layout-normal text-serif-m layout-padded\">\u2013 Det gj\u00f8r at det trolig ikke blir noen sprengkulde, da skyene nesten legger seg som et varmeteppe i atmosf\u00e6ren, sier Haga. <\/p>\n<p class=\"_paragraph_o9xde_4 _paragraph_xtcu6_10 layout-component text-serif-m layout-normal layout-padded\"><strong class=\"_strong_o9xde_25\">Les ogs\u00e5:<\/strong> <a href=\"https:\/\/www.vg.no\/i\/y573Ea\" data-track-element-type=\"Link\" data-track-id=\"link:y573Ea\" class=\"_link_o9xde_39\" rel=\"nofollow noopener\" target=\"_blank\">Vinterstorm rammer USA: \u2013 Farligste kulden vi har sett p\u00e5 flere \u00e5r<\/a><\/p>\n","protected":false},"excerpt":{"rendered":"Varaordf\u00f8rer Tommy tar to grep for \u00e5 b\u00f8te p\u00e5 kulden. Varaordf\u00f8rer Tommy Kristoffersen (Ap) ute i kulden. Foto:&hellip;\n","protected":false},"author":2,"featured_media":146931,"comment_status":"","ping_status":"","sticky":false,"template":"","format":"standard","meta":{"footnotes":"","_share_on_mastodon":"0"},"categories":[10],"tags":[20,21,24,25,4179,15,813,8981,22,23,13,30,28,29,14,16,385,26,27,553],"class_list":["post-146930","post","type-post","status-publish","format-standard","has-post-thumbnail","category-norge","tag-breaking-news","tag-breakingnews","tag-featured-news","tag-featurednews","tag-folldal","tag-headlines","tag-innlandet","tag-kulde","tag-latest-news","tag-latestnews","tag-news","tag-no","tag-norge","tag-norway","tag-nyheter","tag-overskrifter","tag-temperatur","tag-top-stories","tag-topstories","tag-vaer"],"share_on_mastodon":{"url":"https:\/\/pubeurope.com\/@no\/115956421991296478","error":""},"_links":{"self":[{"href":"https:\/\/www.europesays.com\/no\/wp-json\/wp\/v2\/posts\/146930","targetHints":{"allow":["GET"]}}],"collection":[{"href":"https:\/\/www.europesays.com\/no\/wp-json\/wp\/v2\/posts"}],"about":[{"href":"https:\/\/www.europesays.com\/no\/wp-json\/wp\/v2\/types\/post"}],"author":[{"embeddable":true,"href":"https:\/\/www.europesays.com\/no\/wp-json\/wp\/v2\/users\/2"}],"replies":[{"embeddable":true,"href":"https:\/\/www.europesays.com\/no\/wp-json\/wp\/v2\/comments?post=146930"}],"version-history":[{"count":0,"href":"https:\/\/www.europesays.com\/no\/wp-json\/wp\/v2\/posts\/146930\/revisions"}],"wp:featuredmedia":[{"embeddable":true,"href":"https:\/\/www.europesays.com\/no\/wp-json\/wp\/v2\/media\/146931"}],"wp:attachment":[{"href":"https:\/\/www.europesays.com\/no\/wp-json\/wp\/v2\/media?parent=146930"}],"wp:term":[{"taxonomy":"category","embeddable":true,"href":"https:\/\/www.europesays.com\/no\/wp-json\/wp\/v2\/categories?post=146930"},{"taxonomy":"post_tag","embeddable":true,"href":"https:\/\/www.europesays.com\/no\/wp-json\/wp\/v2\/tags?post=146930"}],"curies":[{"name":"wp","href":"https:\/\/api.w.org\/{rel}","templated":true}]}}