{"id":146950,"date":"2026-01-25T15:49:15","date_gmt":"2026-01-25T15:49:15","guid":{"rendered":"https:\/\/www.europesays.com\/no\/146950\/"},"modified":"2026-01-25T15:49:15","modified_gmt":"2026-01-25T15:49:15","slug":"plogekrangelen-fortsetter-jeg-ploger-og-vil-leve","status":"publish","type":"post","link":"https:\/\/www.europesays.com\/no\/146950\/","title":{"rendered":"Plogekrangelen fortsetter: Jeg ploger &#8211; og vil leve!"},"content":{"rendered":"<p class=\"kicker \" style=\"\">Skil\u00f8yper:<\/p>\n<p>    Skal jeg, en eldre skimosjonist, la meg forstyrre av utsagn som at \u00abIngen ekte skil\u00f8per ploger\u00bb?<\/p>\n<p>\n    DEBATT: Ploge i skisporet eller ikke? Det er sp\u00f8rsm\u00e5let. Bildet er ment som illustrasjon. Foto: Samfoto\/NTB\n  <\/p>\n<p>Og endelig kom sn\u00f8en til \u00d8stmarka i Oslo der jeg forsiktig ploger fra Fjeldstadbakken mot Skullerudstua.\u00a0<\/p>\n<p>Mer forsiktig enn for noen dager siden etter \u00e5 ha lest kronikken til <a href=\"https:\/\/www.dagbladet.no\/nyheter\/full-ploge-krangel\/84101352\" rel=\"nofollow noopener\" target=\"_blank\">Simen S\u00e6tre i Aftenposten \u00abD\u00f8d over plogerne\u00bb.\u00a0<\/a><\/p>\n<p>    Har du ogs\u00e5 noe p\u00e5 hjertet?<\/p>\n<p>Har du en mening som du gjerne vil dele med oss? Vi vil h\u00f8re fra deg! Send oss ditt forslag til debattinnlegg p\u00e5\u00a0<a href=\"https:\/\/www.dagbladet.no\/meninger\/jeg-ploger-og-vil-leve\/mailto:debatt@dagbladet.no\" rel=\"nofollow noopener\" target=\"_blank\">epost<\/a>.<\/p>\n<p>Et meningsinnlegg b\u00f8r ikke overstige 5000 tegn.<\/p>\n<p>      Vis mer<br \/>\n      Vis mindre<\/p>\n<p>At \u00abskiverdenen\u00bb til tider er i ulage f\u00e5r s\u00e5 v\u00e6re, men skal jeg, en eldre skimosjonist, la meg forstyrre av utsagn som at: \u00abIngen ekte skil\u00f8per ploger\u00bb og at det grunnleggende problemet er at \u00abOslofolk ikke kan g\u00e5 p\u00e5 ski\u00bb?\u00a0<\/p>\n<p>        <img loading=\"lazy\" decoding=\"async\" src=\"https:\/\/www.europesays.com\/no\/wp-content\/uploads\/2026\/01\/84126167.webp.webp\" width=\"667\" height=\"381\" title=\"STILL GOING STRONG: Gunnar Kaspersen fyller 80 \u00e5r i mars, og ploger fortsatt. Foto: Privat\" alt=\"\" class=\"\" style=\"--aspect-ratio-image: 1.75; \"\/><\/p>\n<p>\n        STILL GOING STRONG: Gunnar Kaspersen fyller 80 \u00e5r i mars, og ploger fortsatt. Foto: Privat\n    <\/p>\n<p>Jeg minnes at jeg med kondomdress og fart i blikket i yngre dager s\u00e5 p\u00e5 hunder og barn i l\u00f8ypa som et irritasjonsmoment for en trenende skil\u00f8per.\u00a0<\/p>\n<p>Jeg har Dumbobikkja med meg denne dagen, som ivrig unghund sm\u00e5gj\u00f8r den og lurer p\u00e5 om gamlefar ikke snart skal sette utfor.\u00a0<\/p>\n<p>Med mosjonisten i kondomdress sitt utsagn i friskt minne om at \u00abplogestillingen kjennetegnes av de skrevende beina som stiller seg mot hverandre i en kalvbeint positur, samtidig som overkroppen b\u00f8yes frem lik en hund som gj\u00f8r fra seg\u00bb, observerer jeg at Dumbo ikke tenderer i den retning.\u00a0<\/p>\n<p>    <a itemprop=\"url\" href=\"https:\/\/www.dagbladet.no\/nyheter\/full-ploge-krangel\/84101352\" rel=\"nofollow noopener\" target=\"_blank\"><\/p>\n<p>        <img loading=\"lazy\" decoding=\"async\" src=\"https:\/\/www.europesays.com\/no\/wp-content\/uploads\/2026\/01\/84102071.webp.webp\" width=\"980\" height=\"441\" title=\"Full ploge-krangel\" alt=\"\" class=\"lazyload\" style=\"--aspect-ratio-image: 2.22; \"\/><\/p>\n<p>        Full ploge-krangel<\/p>\n<p>    <\/a><\/p>\n<p>Jeg tar derfor sjansen, b\u00f8yer meg lett fremover med stavene godt til siden og starter p\u00e5 den for noen vederstyggelige plogingen.\u00a0<\/p>\n<p>\u00abEkte skil\u00f8pere viser sin klasse i to ting, de g\u00e5r aldri fiskebein, og de ploger aldri\u00bb, sa mosjonisten i kondomdress.\u00a0<\/p>\n<p>\u00c5 g\u00e5 fiskebein i nedoverbakke kan by p\u00e5 problemer s\u00e5 n\u00e5 var det plogingen jeg m\u00e5tte konsentrere meg om.\u00a0<\/p>\n<p>Og den var till\u00e6rt gjennom barndommens skiskole. Der ble vi innprentet at hvis farten ble for stor i utforbakke m\u00e5te skiene settes i plogstilling, og s\u00e5 l\u00e6rte vi hvordan dette skulle gj\u00f8res.\u00a0<\/p>\n<p>    <a itemprop=\"url\" href=\"https:\/\/www.dagbladet.no\/meninger\/store-pupper-er-ingen-spok\/84072481\" rel=\"nofollow noopener\" target=\"_blank\"><\/p>\n<p>        <img loading=\"lazy\" decoding=\"async\" src=\"https:\/\/www.europesays.com\/no\/wp-content\/uploads\/2026\/01\/84098437.webp.webp\" width=\"980\" height=\"441\" title=\"Store pupper er ingen sp\u00f8k\" alt=\"\" class=\"lazyload\" style=\"--aspect-ratio-image: 2.22; \"\/><\/p>\n<p>        Store pupper er ingen sp\u00f8k<\/p>\n<p>    <\/a><\/p>\n<p>Ofte kunne det v\u00e6re lurt \u00e5 ploge p\u00e5 siden av l\u00f8ypa hvis muligheten for det var der. Der var det ofte mer sn\u00f8 \u00e5 bremse i, og p\u00e5 den m\u00e5ten ogs\u00e5 bidra til \u00e5 m\u00e5ke sn\u00f8en fra andre midtl\u00f8ypeplogende inn i l\u00f8ypa igjen.\u00a0<\/p>\n<p>Ja, det er mye \u00e5 fundere p\u00e5 og minnes en glitrende januardag i \u00d8stmarka, og ikke minst at det er en glede fortsatt \u00e5 g\u00e5 p\u00e5 ski som eldre mosjonist uten kondomdress n\u00e5r en har l\u00e6rt seg plogingens enkle regler og ikke minst \u00e5 ta hensyn i skil\u00f8ypa.\u00a0<\/p>\n<p>Og s\u00e5 en takk til l\u00f8ypekj\u00f8rerne som ikke lenger setter spor i bakkene &#8211; ja til og med gir oss bedre muligheter for \u00e5 ta av oss skia n\u00e5r vi ikke v\u00e5ger mer.<\/p>\n","protected":false},"excerpt":{"rendered":"Skil\u00f8yper: Skal jeg, en eldre skimosjonist, la meg forstyrre av utsagn som at \u00abIngen ekte skil\u00f8per ploger\u00bb? DEBATT:&hellip;\n","protected":false},"author":2,"featured_media":146951,"comment_status":"","ping_status":"","sticky":false,"template":"","format":"standard","meta":{"footnotes":"","_share_on_mastodon":"0"},"categories":[10],"tags":[20,21,37,24,25,15,22,23,156,13,30,28,29,14,16,3650,4005,26,27],"class_list":["post-146950","post","type-post","status-publish","format-standard","has-post-thumbnail","category-norge","tag-breaking-news","tag-breakingnews","tag-debatt","tag-featured-news","tag-featurednews","tag-headlines","tag-latest-news","tag-latestnews","tag-meninger","tag-news","tag-no","tag-norge","tag-norway","tag-nyheter","tag-overskrifter","tag-ski","tag-some","tag-top-stories","tag-topstories"],"share_on_mastodon":{"url":"https:\/\/pubeurope.com\/@no\/115956532285758901","error":""},"_links":{"self":[{"href":"https:\/\/www.europesays.com\/no\/wp-json\/wp\/v2\/posts\/146950","targetHints":{"allow":["GET"]}}],"collection":[{"href":"https:\/\/www.europesays.com\/no\/wp-json\/wp\/v2\/posts"}],"about":[{"href":"https:\/\/www.europesays.com\/no\/wp-json\/wp\/v2\/types\/post"}],"author":[{"embeddable":true,"href":"https:\/\/www.europesays.com\/no\/wp-json\/wp\/v2\/users\/2"}],"replies":[{"embeddable":true,"href":"https:\/\/www.europesays.com\/no\/wp-json\/wp\/v2\/comments?post=146950"}],"version-history":[{"count":0,"href":"https:\/\/www.europesays.com\/no\/wp-json\/wp\/v2\/posts\/146950\/revisions"}],"wp:featuredmedia":[{"embeddable":true,"href":"https:\/\/www.europesays.com\/no\/wp-json\/wp\/v2\/media\/146951"}],"wp:attachment":[{"href":"https:\/\/www.europesays.com\/no\/wp-json\/wp\/v2\/media?parent=146950"}],"wp:term":[{"taxonomy":"category","embeddable":true,"href":"https:\/\/www.europesays.com\/no\/wp-json\/wp\/v2\/categories?post=146950"},{"taxonomy":"post_tag","embeddable":true,"href":"https:\/\/www.europesays.com\/no\/wp-json\/wp\/v2\/tags?post=146950"}],"curies":[{"name":"wp","href":"https:\/\/api.w.org\/{rel}","templated":true}]}}