{"id":147035,"date":"2026-01-25T17:21:22","date_gmt":"2026-01-25T17:21:22","guid":{"rendered":"https:\/\/www.europesays.com\/no\/147035\/"},"modified":"2026-01-25T17:21:22","modified_gmt":"2026-01-25T17:21:22","slug":"betzy-kjelsberg-bisatt-av-sonnen-morten-ronneberg-og-niesene-siv-jensen-og-nina-jensen","status":"publish","type":"post","link":"https:\/\/www.europesays.com\/no\/147035\/","title":{"rendered":"Betzy Kjelsberg bisatt av s\u00f8nnen Morten R\u00f8nneberg og niesene Siv Jensen og Nina Jensen"},"content":{"rendered":"<p class=\"kicker \" style=\"\">Morten R\u00f8nneberg<\/p>\n<p>    S\u00f8nnen ble tennisproff og niesen finansminister. Men til slutt hadde Betzy Kjelsberg ikke mer krefter igjen.<\/p>\n<p>\n    DET SISTE L\u00d8FTET: S\u00f8nnen Morten var med \u00e5 b\u00e6re b\u00e5ren med mamma Betzy ut av Orm\u00f8ya kirke. Hun hadde i mange \u00e5r levd med den alvorlige, kroniske nervesykdommen Parkinsons sykdom \u2013 som over tid svekker b\u00e5de kropp og funksjonsevne. Foto: Andreas Fadum\n  <\/p>\n<p>Betzy Kjelsberg bar gjennom livet et navn med tyngde. Da hun kom til verden i 1934, ble hun nemlig oppkalt etter sin bestemor Betzy Kjelsberg (1866\u20131950) \u2013 en av Norges fremste kvinnesakspionerer og landets f\u00f8rste kvinnelige fabrikkinspekt\u00f8r, samt en sentral forkjemper for bedre arbeidsforhold for kvinner og barn.<\/p>\n<p>F\u00f8r jul gikk Betzy den yngre ut av tiden, 91 \u00e5r gammel. Hennes siste reise foregikk fra Orm\u00f8ya kirke i Oslo. <\/p>\n<p>        <img loading=\"lazy\" decoding=\"async\" src=\"https:\/\/www.europesays.com\/no\/wp-content\/uploads\/2026\/01\/84122267.webp.webp\" width=\"686\" height=\"597\" title=\"MOR OG S\u00d8NN: Betzy og s\u00f8nnen Morten hadde et n\u00e6rt b\u00e5nd. Han var til stede for henne helt til det siste. Foto: Andreas Fadum\" alt=\"\" class=\"\" style=\"--aspect-ratio-image: 1.15; \"\/><\/p>\n<p>\n        MOR OG S\u00d8NN: Betzy og s\u00f8nnen Morten hadde et n\u00e6rt b\u00e5nd. Han var til stede for henne helt til det siste. Foto: Andreas Fadum\n    <\/p>\n<p>S\u00f8nnen Morten R\u00f8nneberg (61), en av Norges st\u00f8rste tennisstjerner, var med og bar kisten. N\u00e5 forteller han \u00e5penhjertig om avskjeden til Se og H\u00f8r.<\/p>\n<p>Sv\u00e6rt svekket\t<\/p>\n<p>Betzy fikk et langt liv, men de siste \u00e5rene ble tunge. Morten forteller at hun ble rammet av Parkinsons sykdom allerede i midten av 50-\u00e5rene. Sykdommen fulgte henne resten av livet, og forverret seg gradvis. <\/p>\n<p>        <img loading=\"lazy\" decoding=\"async\" src=\"https:\/\/www.europesays.com\/no\/wp-content\/uploads\/2026\/01\/84122272.webp.webp\" width=\"667\" height=\"1048\" title=\"STOR KARRIERE: Morten vant ni NM-titler p\u00e5 1980-tallet, derav fire i single, og ble bel\u00f8nnet med flere kongepokaler. P\u00e5 sitt beste var han ranket 302 i verden som proff. Her ser vi ham i 1983. Foto: NTB\" alt=\"\" class=\"\" style=\"--aspect-ratio-image: 0.64; \"\/><\/p>\n<p>\n        STOR KARRIERE: Morten vant ni NM-titler p\u00e5 1980-tallet, derav fire i single, og ble bel\u00f8nnet med flere kongepokaler. P\u00e5 sitt beste var han ranket 302 i verden som proff. Her ser vi ham i 1983. Foto: NTB\n    <\/p>\n<p>\u2013 Mamma ble stadig d\u00e5rligere av Parkinson. Mot slutten var hun sv\u00e6rt svekket, og da hun d\u00f8de, opplevdes det b\u00e5de som et tap og som en lettelse \u2013 for henne og for de n\u00e6rmeste, forteller han til Se og H\u00f8r.<\/p>\n<p>        \u00abTHE VOICE\u00bb: Den unge skuespilleren imponerte mentorene. Video: \u00abThe Voice\u00bb\/TV 2<\/p>\n<p>Tok ansvar for mamma\t<\/p>\n<p>I flere \u00e5r var det Morten som hadde hovedansvaret for moren. Han bodde sammen med henne i Frankrike i tre\u2013fire \u00e5r, og fungerte som hennes omsorgsperson. <\/p>\n<p>        <img loading=\"lazy\" decoding=\"async\" src=\"https:\/\/www.europesays.com\/no\/wp-content\/uploads\/2026\/01\/84122289.webp.webp\" width=\"667\" height=\"814\" title=\"STERKT PREGET: Siv Jensen st\u00f8tter sin fetter Espen etter bisettelsen p\u00e5 Orm\u00f8ya. I tillegg til barna Morten og Espen hadde Betzy datteren Kirsten. Foto: Andreas Fadum\" alt=\"\" class=\"\" style=\"--aspect-ratio-image: 0.82; \"\/><\/p>\n<p>\n        STERKT PREGET: Siv Jensen st\u00f8tter sin fetter Espen etter bisettelsen p\u00e5 Orm\u00f8ya. I tillegg til barna Morten og Espen hadde Betzy datteren Kirsten. Foto: Andreas Fadum\n    <\/p>\n<p>\u2013 Jeg ville helst ikke at hun skulle p\u00e5 sykehjem, sier han. <\/p>\n<p>\u2013 Samtidig skal man ikke undersl\u00e5 at det er krevende n\u00e5r rollene mellom forelder og barn viskes ut.<\/p>\n<p>        <img loading=\"lazy\" decoding=\"async\" src=\"https:\/\/www.europesays.com\/no\/wp-content\/uploads\/2026\/01\/84122299.webp.webp\" width=\"686\" height=\"700\" title=\"TANTEKLEM: Betzys lilles\u00f8ster Monica Kjelsberg ga nev\u00f8en Morten en varm klem. Foto: Andreas Fadum\" alt=\"\" class=\"\" style=\"--aspect-ratio-image: 0.98; \"\/><\/p>\n<p>\n        TANTEKLEM: Betzys lilles\u00f8ster Monica Kjelsberg ga nev\u00f8en Morten en varm klem. Foto: Andreas Fadum\n    <\/p>\n<p>Utfordrende tid\t<\/p>\n<p>Etter at hun kom hjem til Norge, bodde Betzy p\u00e5 institusjon i rundt fire \u00e5r. <\/p>\n<p>\u2013 Der trivdes hun d\u00e5rlig, forteller Morten.<\/p>\n<p>Hun syntes det var vanskelig \u00e5 gi slipp p\u00e5 kontrollen og selvstendigheten sin.<\/p>\n<p>        <img loading=\"lazy\" decoding=\"async\" src=\"https:\/\/www.europesays.com\/no\/wp-content\/uploads\/2026\/01\/84122303.webp.webp\" width=\"667\" height=\"514\" title=\"SAMMEN I SORGEN: Niesene Siv og Nina Jensen fulgte b\u00e5rebilens sakte ferd fra kirkebakken sammen med sin mamma Monica, Betzys lilles\u00f8ster. Foto. Andreas Fadum\" alt=\"\" class=\"\" style=\"--aspect-ratio-image: 1.30; \"\/><\/p>\n<p>\n        SAMMEN I SORGEN: Niesene Siv og Nina Jensen fulgte b\u00e5rebilens sakte ferd fra kirkebakken sammen med sin mamma Monica, Betzys lilles\u00f8ster. Foto. Andreas Fadum\n    <\/p>\n<p>For Betzy Kjelsberg var en sterk og egenr\u00e5dig kvinne hele livet. Hun drev familiehotell og postkaf\u00e9 i Oslo sentrum fra 70-tallet og frem mot 2000-tallet. I tillegg engasjerte hun seg i hotell- og restaurantn\u00e6ringen gjennom verv og organisasjonsarbeid. <\/p>\n<p>    <a itemprop=\"url\" href=\"https:\/\/www.seher.no\/kjendis\/selger-tar-all-var-tid\/84119966\" rel=\"nofollow noopener\" target=\"_blank\"><\/p>\n<p>        <img loading=\"lazy\" decoding=\"async\" src=\"https:\/\/www.europesays.com\/no\/wp-content\/uploads\/2026\/01\/1769361681_378_84119948.webp.webp\" width=\"980\" height=\"441\" title=\"Selger: - Tar all v\u00e5r tid\" alt=\"\" class=\"lazyload\" style=\"--aspect-ratio-image: 2.22; \"\/><\/p>\n<p>        Selger: &#8211; Tar all v\u00e5r tid<\/p>\n<p>    <\/a><\/p>\n<p>\u2013 Arbeidsmoral og viljestyrke er verdier som gikk igjen i familien, sier Morten, og beskriver kvinnene i slekten som stolte, hardtarbeidende og seige.<\/p>\n<p>N\u00e6rhet og hjertevarme\t<\/p>\n<p>Familieb\u00e5ndene sto sterkt ogs\u00e5 da Betzy ble bisatt i Orm\u00f8ya kirke i Oslo Hun vokste opp like i n\u00e6rheten, og giftet seg her. <\/p>\n<p>        <img loading=\"lazy\" decoding=\"async\" src=\"https:\/\/www.europesays.com\/no\/wp-content\/uploads\/2026\/01\/84122305.webp.webp\" width=\"667\" height=\"647\" title=\"H\u00c5ND I H\u00c5ND: Rett f\u00f8r jul fylte Nina Jensen 50 \u00e5r med familien samlet til feiring i Kirkenes. I tante Betzys bisettelse kom hun sammen med kj\u00e6resten H\u00e5kon. Foto: Andreas Fadum\" alt=\"\" class=\"\" style=\"--aspect-ratio-image: 1.03; \"\/><\/p>\n<p>\n        H\u00c5ND I H\u00c5ND: Rett f\u00f8r jul fylte Nina Jensen 50 \u00e5r med familien samlet til feiring i Kirkenes. I tante Betzys bisettelse kom hun sammen med kj\u00e6resten H\u00e5kon. Foto: Andreas Fadum\n    <\/p>\n<p>N\u00e5 var hele storfamilien samlet for \u00e5 ta farvel, ikke minst Betzys lilles\u00f8ster Monica Kjelsberg (86) og hennes d\u00f8tre Nina (50) og Siv Jensen (56), Mortens kusiner.<\/p>\n<p>\u2013 Det var godt \u00e5 ha familien der, sier Morten til Se og H\u00f8r. <\/p>\n<p>Bisettelsen beskriver han som intim og verdig, tonesatt av musikk som betydde mye for moren.<\/p>\n<p>        ENDELIG: En tidligere Farmen kjendis deltaker t\u00f8r endelig \u00e5 r\u00f8pe en stor hemmelighet de holdt under hele innspillingen. Video: Karolina Grace\/Nora Skavhaug\/R\u00f8d L\u00f8per, \u00abFarmen kjendis\u00bb\/TV 2.<\/p>\n<p>Morten er glad for at han fikk muligheten til \u00e5 sitte ved morens side da hun sovnet inn. N\u00e5 er det godt \u00e5 tr\u00f8ste seg med at han var der for moren i mange \u00e5r.<\/p>\n<p>\u2013 Jeg slipper \u00e5 g\u00e5 rundt og angre p\u00e5 s\u00e5nne ting, sier han. \u2013 Jeg vet at jeg gjorde det jeg kunne for henne.<\/p>\n","protected":false},"excerpt":{"rendered":"Morten R\u00f8nneberg S\u00f8nnen ble tennisproff og niesen finansminister. Men til slutt hadde Betzy Kjelsberg ikke mer krefter igjen.&hellip;\n","protected":false},"author":2,"featured_media":147036,"comment_status":"","ping_status":"","sticky":false,"template":"","format":"standard","meta":{"footnotes":"","_share_on_mastodon":"0"},"categories":[58],"tags":[16394,380,4104,71,479,16396,16395,30,28,29,16397,5146,72],"class_list":["post-147035","post","type-post","status-publish","format-standard","has-post-thumbnail","category-underholdning","tag-betzy-kjelsberg","tag-bisettelse","tag-eksklusivt","tag-entertainment","tag-kjendis","tag-morten-ronneberg","tag-nina-jensen","tag-no","tag-norge","tag-norway","tag-parkinson","tag-siv-jensen","tag-underholdning"],"share_on_mastodon":{"url":"https:\/\/pubeurope.com\/@no\/115956893851008774","error":""},"_links":{"self":[{"href":"https:\/\/www.europesays.com\/no\/wp-json\/wp\/v2\/posts\/147035","targetHints":{"allow":["GET"]}}],"collection":[{"href":"https:\/\/www.europesays.com\/no\/wp-json\/wp\/v2\/posts"}],"about":[{"href":"https:\/\/www.europesays.com\/no\/wp-json\/wp\/v2\/types\/post"}],"author":[{"embeddable":true,"href":"https:\/\/www.europesays.com\/no\/wp-json\/wp\/v2\/users\/2"}],"replies":[{"embeddable":true,"href":"https:\/\/www.europesays.com\/no\/wp-json\/wp\/v2\/comments?post=147035"}],"version-history":[{"count":0,"href":"https:\/\/www.europesays.com\/no\/wp-json\/wp\/v2\/posts\/147035\/revisions"}],"wp:featuredmedia":[{"embeddable":true,"href":"https:\/\/www.europesays.com\/no\/wp-json\/wp\/v2\/media\/147036"}],"wp:attachment":[{"href":"https:\/\/www.europesays.com\/no\/wp-json\/wp\/v2\/media?parent=147035"}],"wp:term":[{"taxonomy":"category","embeddable":true,"href":"https:\/\/www.europesays.com\/no\/wp-json\/wp\/v2\/categories?post=147035"},{"taxonomy":"post_tag","embeddable":true,"href":"https:\/\/www.europesays.com\/no\/wp-json\/wp\/v2\/tags?post=147035"}],"curies":[{"name":"wp","href":"https:\/\/api.w.org\/{rel}","templated":true}]}}