{"id":147306,"date":"2026-01-26T04:42:12","date_gmt":"2026-01-26T04:42:12","guid":{"rendered":"https:\/\/www.europesays.com\/no\/147306\/"},"modified":"2026-01-26T04:42:12","modified_gmt":"2026-01-26T04:42:12","slug":"privatfly-krasjet-ved-avgang-atte-personer-om-bord","status":"publish","type":"post","link":"https:\/\/www.europesays.com\/no\/147306\/","title":{"rendered":"Privatfly krasjet ved avgang \u2013 \u00e5tte personer om bord"},"content":{"rendered":"\n<p class=\"_lead_o9xde_2 _lead_xtcu6_50 layout-component text-serif-m layout-normal text-serif-l layout-component layout-wide layout-padded _wide_17hqh_1 layout-padded\">Flyet styrtet under sn\u00f8storm i Maine s\u00f8ndag kveld.<\/p>\n<ul aria-hidden=\"true\" class=\"_images_ntbth_112\">\n<li><a class=\"_link_ntbth_117\" href=\"https:\/\/www.vg.no\/forfatter\/kari-aarstad-aase\" style=\"z-index:1\" title=\"Kari Aarstad Aase\" rel=\"nofollow noopener\" target=\"_blank\"><img alt=\"Bilde av Kari Aarstad Aase\" class=\"_image_ntbth_93\" fetchpriority=\"low\" loading=\"lazy\" decoding=\"async\" itemprop=\"image\"  src=\"https:\/\/www.europesays.com\/no\/wp-content\/uploads\/2026\/01\/1769402532_915_0dbde33e-6d8e-4680-8e4f-e2a64281e2b8.jpeg\"  width=\"480\"\/><\/a><\/li>\n<\/ul>\n<p> Oppdatert mandag 26. januar kl. 04:06     <\/p>\n<p class=\"_paragraph_o9xde_4 _paragraph_xtcu6_10 layout-component text-serif-m layout-normal text-serif-m layout-padded\">Et privatfly med \u00e5tte personer om bord krasjet under avgang fra Bangor i Maine s\u00f8ndag kveld, melder <a href=\"https:\/\/www.cnn.com\" class=\"_link_o9xde_39\" rel=\"nofollow noopener\" target=\"_blank\">CNN<\/a>.<\/p>\n<p class=\"_paragraph_o9xde_4 _paragraph_xtcu6_10 layout-component text-serif-m layout-normal text-serif-m layout-padded\">Ulykken skjedde rundt klokken 19.45 lokal tid. Flyet er av typen <a href=\"https:\/\/www.vg.no\/tag\/bombardier?utm_source=vg-article&amp;utm_medium=auto-tagger&amp;utm_campaign=M711JM\" class=\"_link_o9xde_39\" rel=\"nofollow noopener\" target=\"_blank\">Bombardier<\/a> Challenger 650, et forretningsfly.<\/p>\n<p class=\"_paragraph_o9xde_4 _paragraph_xtcu6_10 layout-component text-serif-m layout-normal text-serif-m layout-padded\">Det er forel\u00f8pig ikke kjent hvor alvorlig skadede de \u00e5tte personene om bord er, if\u00f8lge en kilde som er orientert om hendelsen.<\/p>\n<p class=\"_paragraph_o9xde_4 _paragraph_xtcu6_10 layout-component text-serif-m layout-normal text-serif-m layout-padded\">En tjenesteperson som er orientert om ulykken, opplyser til  Reuters at det br\u00f8t ut en omfattende brann.<\/p>\n<p class=\"_paragraph_o9xde_4 _paragraph_xtcu6_10 layout-component text-serif-m layout-normal text-serif-m layout-padded\"> Bangor lufthavn er n\u00e5 stengt som f\u00f8lge av ulykken.<\/p>\n<p class=\"_paragraph_o9xde_4 _paragraph_xtcu6_10 layout-component text-serif-m layout-normal text-serif-m layout-padded\">Krasjet skjedde midt i en kraftig vinterstorm som feier over nord\u00f8stlige deler av USA. Temperaturen i Maine er godt under frysepunktet, og lett sn\u00f8fall gir sv\u00e6rt d\u00e5rlig sikt i omr\u00e5det.<\/p>\n<p class=\"_paragraph_o9xde_4 _paragraph_xtcu6_10 layout-component text-serif-m layout-normal text-serif-m layout-padded\">If\u00f8lge f\u00f8derale registre er flyet registrert p\u00e5 et aksjeselskap i Houston i Texas.<\/p>\n","protected":false},"excerpt":{"rendered":"Flyet styrtet under sn\u00f8storm i Maine s\u00f8ndag kveld. Oppdatert mandag 26. januar kl. 04:06 Et privatfly med \u00e5tte&hellip;\n","protected":false},"author":2,"featured_media":147307,"comment_status":"","ping_status":"","sticky":false,"template":"","format":"standard","meta":{"footnotes":"","_share_on_mastodon":"0"},"categories":[12],"tags":[16420,20,21,24,25,300,15,22,23,13,30,28,29,14,16,8129,26,27,42,46,43,44,45],"class_list":["post-147306","post","type-post","status-publish","format-standard","has-post-thumbnail","category-verden","tag-bombardier","tag-breaking-news","tag-breakingnews","tag-featured-news","tag-featurednews","tag-fly","tag-headlines","tag-latest-news","tag-latestnews","tag-news","tag-no","tag-norge","tag-norway","tag-nyheter","tag-overskrifter","tag-snostorm","tag-top-stories","tag-topstories","tag-verden","tag-vgai","tag-world","tag-world-news","tag-worldnews"],"share_on_mastodon":{"url":"https:\/\/pubeurope.com\/@no\/115959571638501353","error":""},"_links":{"self":[{"href":"https:\/\/www.europesays.com\/no\/wp-json\/wp\/v2\/posts\/147306","targetHints":{"allow":["GET"]}}],"collection":[{"href":"https:\/\/www.europesays.com\/no\/wp-json\/wp\/v2\/posts"}],"about":[{"href":"https:\/\/www.europesays.com\/no\/wp-json\/wp\/v2\/types\/post"}],"author":[{"embeddable":true,"href":"https:\/\/www.europesays.com\/no\/wp-json\/wp\/v2\/users\/2"}],"replies":[{"embeddable":true,"href":"https:\/\/www.europesays.com\/no\/wp-json\/wp\/v2\/comments?post=147306"}],"version-history":[{"count":0,"href":"https:\/\/www.europesays.com\/no\/wp-json\/wp\/v2\/posts\/147306\/revisions"}],"wp:featuredmedia":[{"embeddable":true,"href":"https:\/\/www.europesays.com\/no\/wp-json\/wp\/v2\/media\/147307"}],"wp:attachment":[{"href":"https:\/\/www.europesays.com\/no\/wp-json\/wp\/v2\/media?parent=147306"}],"wp:term":[{"taxonomy":"category","embeddable":true,"href":"https:\/\/www.europesays.com\/no\/wp-json\/wp\/v2\/categories?post=147306"},{"taxonomy":"post_tag","embeddable":true,"href":"https:\/\/www.europesays.com\/no\/wp-json\/wp\/v2\/tags?post=147306"}],"curies":[{"name":"wp","href":"https:\/\/api.w.org\/{rel}","templated":true}]}}