{"id":147953,"date":"2026-01-26T20:04:07","date_gmt":"2026-01-26T20:04:07","guid":{"rendered":"https:\/\/www.europesays.com\/no\/147953\/"},"modified":"2026-01-26T20:04:07","modified_gmt":"2026-01-26T20:04:07","slug":"nyheter-trafikk-stenger-e6-tunneler","status":"publish","type":"post","link":"https:\/\/www.europesays.com\/no\/147953\/","title":{"rendered":"Nyheter, Trafikk | Stenger E6-tunneler"},"content":{"rendered":"\n<p>Flere kvelder denne uka m\u00e5 du belage deg p\u00e5 noe omkj\u00f8ring dersom du skal ferdes gjennom Gudbrandsdalen p\u00e5 kveld- og nattestid.<\/p>\n<p>Mandag kveld klokka 20.00 stenger nemlig \u00d8yertunnelen, som ogs\u00e5 blir stengt tirsdag kveld.<\/p>\n<p>Tirsdag kveld stenger ogs\u00e5 Hundorptunnelen samtidig som \u00d8yertunnelen, f\u00f8r Teigkamptunnelen stenger onsdag kveld.<\/p>\n<p>Tunnelene blir stengt i tidsrommet 20.00 til 06.00 de kveldene og nettene de stenger.<\/p>\n<p>\u2013 Det er vedlikehold av de tekniske systemene, opplyser Annie Serup hos Vegtrafikksentralen til GD.<\/p>\n<p>Hun sier at det er elektrikere som skal jobbe i tunnelen.<\/p>\n<p>\u2013 Det er vanlig vedlikehold, og de skal nok sjekke at systemene er i orden, sier hun.<\/p>\n<p>Omkj\u00f8ring blir skiltet via gamle E6 n\u00e5r tunnelene stenger.<\/p>\n","protected":false},"excerpt":{"rendered":"Flere kvelder denne uka m\u00e5 du belage deg p\u00e5 noe omkj\u00f8ring dersom du skal ferdes gjennom Gudbrandsdalen p\u00e5&hellip;\n","protected":false},"author":2,"featured_media":147954,"comment_status":"","ping_status":"","sticky":false,"template":"","format":"standard","meta":{"footnotes":"","_share_on_mastodon":"0"},"categories":[10],"tags":[36,20,21,834,24,25,15,22,23,13,30,1159,28,29,14,16,1429,1160,1510,26,27,224],"class_list":["post-147953","post","type-post","status-publish","format-standard","has-post-thumbnail","category-norge","tag-art","tag-breaking-news","tag-breakingnews","tag-e6","tag-featured-news","tag-featurednews","tag-headlines","tag-latest-news","tag-latestnews","tag-news","tag-no","tag-nord-fron","tag-norge","tag-norway","tag-nyheter","tag-overskrifter","tag-oyer","tag-sor-fron","tag-story","tag-top-stories","tag-topstories","tag-trafikk"],"share_on_mastodon":{"url":"https:\/\/pubeurope.com\/@no\/115963197026822070","error":""},"_links":{"self":[{"href":"https:\/\/www.europesays.com\/no\/wp-json\/wp\/v2\/posts\/147953","targetHints":{"allow":["GET"]}}],"collection":[{"href":"https:\/\/www.europesays.com\/no\/wp-json\/wp\/v2\/posts"}],"about":[{"href":"https:\/\/www.europesays.com\/no\/wp-json\/wp\/v2\/types\/post"}],"author":[{"embeddable":true,"href":"https:\/\/www.europesays.com\/no\/wp-json\/wp\/v2\/users\/2"}],"replies":[{"embeddable":true,"href":"https:\/\/www.europesays.com\/no\/wp-json\/wp\/v2\/comments?post=147953"}],"version-history":[{"count":0,"href":"https:\/\/www.europesays.com\/no\/wp-json\/wp\/v2\/posts\/147953\/revisions"}],"wp:featuredmedia":[{"embeddable":true,"href":"https:\/\/www.europesays.com\/no\/wp-json\/wp\/v2\/media\/147954"}],"wp:attachment":[{"href":"https:\/\/www.europesays.com\/no\/wp-json\/wp\/v2\/media?parent=147953"}],"wp:term":[{"taxonomy":"category","embeddable":true,"href":"https:\/\/www.europesays.com\/no\/wp-json\/wp\/v2\/categories?post=147953"},{"taxonomy":"post_tag","embeddable":true,"href":"https:\/\/www.europesays.com\/no\/wp-json\/wp\/v2\/tags?post=147953"}],"curies":[{"name":"wp","href":"https:\/\/api.w.org\/{rel}","templated":true}]}}