{"id":148084,"date":"2026-01-26T22:45:28","date_gmt":"2026-01-26T22:45:28","guid":{"rendered":"https:\/\/www.europesays.com\/no\/148084\/"},"modified":"2026-01-26T22:45:28","modified_gmt":"2026-01-26T22:45:28","slug":"troms-lyngen-apner-tilsynssak-etter-drap","status":"publish","type":"post","link":"https:\/\/www.europesays.com\/no\/148084\/","title":{"rendered":"Troms, Lyngen | \u00c5pner tilsynssak etter drap"},"content":{"rendered":"\n<p>En mann i 50-\u00e5rene er siktet for drapet som skjedde 24. november p\u00e5 Lyngstunet helse- og omsorgssenter i november i fjor.<\/p>\n<p>N\u00e5 opplyser fylkeslege Anne Grete Olsen <a href=\"https:\/\/www.nrk.no\/tromsogfinnmark\/oppretter-tilsynssak-mot-lyngen-kommune-etter-sykehjemsdrapet-1.17742945\" rel=\"Follow nofollow noopener\" target=\"_blank\">til NRK<\/a> at de skal unders\u00f8ke kommunens bes\u00f8ksrutiner og oppf\u00f8lgingen av gjerningsmannen.<\/p>\n<p>\u2013 Det er en p\u00e5g\u00e5ende politietterforskning. Da venter vi litt f\u00f8r vi stiller sp\u00f8rsm\u00e5lene vi trenger \u00e5 stille for \u00e5 avgj\u00f8re om vi skal g\u00e5 videre med saken eller ikke, sier Olsen til NRK.<\/p>\n<p>Den siktede tok seg inn i leiligheten der Asbj\u00f8rn Lanes bodde. Han har ikke erkjent drapet, men varslet selv politiet om at han hadde knivstukket Lanes. Den siktede har i politiavh\u00f8r forklart at han ikke husker drapshandlingen eller kan gi et svar p\u00e5 hvorfor han skal ha drept.<\/p>\n<p><a href=\"https:\/\/www.nrk.no\/tromsogfinnmark\/oppretter-tilsynssak-mot-lyngen-kommune-etter-sykehjemsdrapet-1.17742945\" rel=\"Follow nofollow noopener\" target=\"_blank\">If\u00f8lge NRK <\/a>skal Statsforvalteren unders\u00f8ke om den drapssiktede har f\u00e5tt tilstrekkelig oppf\u00f8lging av kommunen. Ogs\u00e5 sikkerheten ved institusjonen blir en del av unders\u00f8kelsen.\u00a0\u00a0<\/p>\n<p>  <a href=\"https:\/\/www.nordlys.no\/5-34-2276362\" class=\"related-teaser has-image default-story-teaser article--c-eRUmMG article--c-eRUmMG-jKCPdD-design-default\" rel=\"nofollow noopener\" target=\"_blank\"><\/p>\n<p>    <img decoding=\"async\" loading=\"lazy\"  src=\"https:\/\/www.europesays.com\/no\/wp-content\/uploads\/2026\/01\/1769467528_432_photo%2B29.jpg\" alt=\"\" class=\"brick-c-cFOWSL\" style=\"\"\/><\/p>\n<p>\n            Les ogs\u00e5<\/p>\n<p>              Nye opplysninger: Gjorde unders\u00f8kelser dagen f\u00f8r drapet\n        <\/p>\n<p>  <\/a><\/p>\n","protected":false},"excerpt":{"rendered":"En mann i 50-\u00e5rene er siktet for drapet som skjedde 24. november p\u00e5 Lyngstunet helse- og omsorgssenter i&hellip;\n","protected":false},"author":2,"featured_media":148085,"comment_status":"","ping_status":"","sticky":false,"template":"","format":"standard","meta":{"footnotes":"","_share_on_mastodon":"0"},"categories":[10],"tags":[36,20,21,377,24,25,15,22,23,12332,13,30,28,29,14,16,1510,26,27,2409],"class_list":["post-148084","post","type-post","status-publish","format-standard","has-post-thumbnail","category-norge","tag-art","tag-breaking-news","tag-breakingnews","tag-drap","tag-featured-news","tag-featurednews","tag-headlines","tag-latest-news","tag-latestnews","tag-lyngen","tag-news","tag-no","tag-norge","tag-norway","tag-nyheter","tag-overskrifter","tag-story","tag-top-stories","tag-topstories","tag-troms"],"share_on_mastodon":{"url":"https:\/\/pubeurope.com\/@no\/115963830198434146","error":""},"_links":{"self":[{"href":"https:\/\/www.europesays.com\/no\/wp-json\/wp\/v2\/posts\/148084","targetHints":{"allow":["GET"]}}],"collection":[{"href":"https:\/\/www.europesays.com\/no\/wp-json\/wp\/v2\/posts"}],"about":[{"href":"https:\/\/www.europesays.com\/no\/wp-json\/wp\/v2\/types\/post"}],"author":[{"embeddable":true,"href":"https:\/\/www.europesays.com\/no\/wp-json\/wp\/v2\/users\/2"}],"replies":[{"embeddable":true,"href":"https:\/\/www.europesays.com\/no\/wp-json\/wp\/v2\/comments?post=148084"}],"version-history":[{"count":0,"href":"https:\/\/www.europesays.com\/no\/wp-json\/wp\/v2\/posts\/148084\/revisions"}],"wp:featuredmedia":[{"embeddable":true,"href":"https:\/\/www.europesays.com\/no\/wp-json\/wp\/v2\/media\/148085"}],"wp:attachment":[{"href":"https:\/\/www.europesays.com\/no\/wp-json\/wp\/v2\/media?parent=148084"}],"wp:term":[{"taxonomy":"category","embeddable":true,"href":"https:\/\/www.europesays.com\/no\/wp-json\/wp\/v2\/categories?post=148084"},{"taxonomy":"post_tag","embeddable":true,"href":"https:\/\/www.europesays.com\/no\/wp-json\/wp\/v2\/tags?post=148084"}],"curies":[{"name":"wp","href":"https:\/\/api.w.org\/{rel}","templated":true}]}}