{"id":148376,"date":"2026-01-27T08:54:02","date_gmt":"2026-01-27T08:54:02","guid":{"rendered":"https:\/\/www.europesays.com\/no\/148376\/"},"modified":"2026-01-27T08:54:02","modified_gmt":"2026-01-27T08:54:02","slug":"herborg-krakevik-avslorer-alt-i-hver-gang-vi-motes","status":"publish","type":"post","link":"https:\/\/www.europesays.com\/no\/148376\/","title":{"rendered":"Herborg Kr\u00e5kevik avsl\u00f8rer alt i &#8216;Hver gang vi m\u00f8tes&#8217;:"},"content":{"rendered":"<p class=\"kicker \" style=\"\">\u00c6rlig Herborg Kr\u00e5kevik i \u00abHver gang vi m\u00f8tes\u00bb<\/p>\n<p>    Herborg Kr\u00e5kevik \u00e5pnet om et langt fra et feilfritt liv i programmet hun endelig sa ja til. Hun angrer ikke p\u00e5 noe &#8211; nesten.<\/p>\n<p>\n    HAR TATT SJANSER: \u2013Om vi ikke gj\u00f8r feil her i livet, s\u00e5 var vi ikke s\u00e6rlig spennende mennesker! sl\u00e5r Herborg Kr\u00e5kevik fast \u2013 klar for \u00e5 fortelle sin historie i \u00abHver gang vi m\u00f8tes\u00bb. Foto: TV2\n  <\/p>\n<p><a href=\"https:\/\/www.seher.no\/kjendis\/uforglemmelig\/84112089\" rel=\"nofollow noopener\" target=\"_blank\">Herborg Kr\u00e5kevik<\/a> (52) er blitt spurt f\u00f8r, men denne gangen endte foresp\u00f8rselen fra \u00abHver gang vi m\u00f8tes\u00bb med et rungende ja.<\/p>\n<p>\u2013 Jeg syntes det var en s\u00e5 spennende gjeng, og jeg har egentlig alltid hatt lyst til \u00e5 v\u00e6re med. Det er ett av de f\u00e5 TV-programmene der musikken spiller hovedrollen, p\u00e5peker Herborg overfor Se og H\u00f8r.<\/p>\n<p>        <img loading=\"lazy\" decoding=\"async\" src=\"https:\/\/www.europesays.com\/no\/wp-content\/uploads\/2026\/01\/84116403.webp.webp\" width=\"667\" height=\"607\" title=\"DELER HISTORIER: \u2013En s\u00e5 spennende gjeng, sier Herborg om sine medmusikanter i TV 2-suksessen: Synne Vo, Espen Lind, Musti, Hagle, Marcus &amp; Martinus og Marit Larsen. Foto: TV2\" alt=\"\" class=\"\" style=\"--aspect-ratio-image: 1.10; \"\/><\/p>\n<p>\n        DELER HISTORIER: \u2013En s\u00e5 spennende gjeng, sier Herborg om sine medmusikanter i TV 2-suksessen: Synne Vo, Espen Lind, Musti, Hagle, Marcus &amp; Martinus og Marit Larsen. Foto: TV2\n    <\/p>\n<p>S\u00e5 f\u00e5r hun ta med p\u00e5 kj\u00f8pet at deltakelsen ogs\u00e5 betinger noen gode porsjoner utlevering av b\u00e5de scene- og privatliv. Men den utfordringen tar multikunstneren fra Jondal p\u00e5 strak arm.\u00a0<\/p>\n<p>Hun gj\u00f8r nesten den eviggr\u00f8nne strofen fra et av sine forbilder \u2013 Edith Piaf \u2013 til sin egen. Den lille, men akk s\u00e5 store, franske sangskatten angret som kjent ingenting.<\/p>\n<p>        <img loading=\"lazy\" decoding=\"async\" src=\"https:\/\/www.europesays.com\/no\/wp-content\/uploads\/2026\/01\/84116408.webp.webp\" width=\"686\" height=\"920\" title=\"KJEMPET \u2013 OG VANT: Herborg innr\u00f8mmer at hun m\u00e5tte kjempe for Esben Hvams kj\u00e6rlighet. Men den danske juristen falt ogs\u00e5 til slutt. Her er de sammen p\u00e5 gallamiddag p\u00e5 Slottet i 2019. Foto: Svein Brimi\" alt=\"\" class=\"\" style=\"--aspect-ratio-image: 0.75; \"\/><\/p>\n<p>\n        KJEMPET \u2013 OG VANT: Herborg innr\u00f8mmer at hun m\u00e5tte kjempe for Esben Hvams kj\u00e6rlighet. Men den danske juristen falt ogs\u00e5 til slutt. Her er de sammen p\u00e5 gallamiddag p\u00e5 Slottet i 2019. Foto: Svein Brimi\n    <\/p>\n<p>Spennende med feil\t<\/p>\n<p>Herborg selv er ikke s\u00e5 bastant.<\/p>\n<p>\u2013 Jeg gruet meg ikke til noe av det jeg skulle fortelle \u2013 ikke at jeg ikke angrer p\u00e5 noe i livet mitt \u2013 men om vi ikke gj\u00f8r feil her i livet, s\u00e5 var vi ikke s\u00e6rlig spennende mennesker! sl\u00e5r Herborg fast.<\/p>\n<p>    <a itemprop=\"url\" href=\"https:\/\/www.seher.no\/kjendis\/hylles-aldri-vaert-stoltere\/84109297\" rel=\"nofollow noopener\" target=\"_blank\"><\/p>\n<p>        <img loading=\"lazy\" decoding=\"async\" src=\"https:\/\/www.europesays.com\/no\/wp-content\/uploads\/2026\/01\/84114125.webp.webp\" width=\"980\" height=\"441\" title=\"Hylles: - Aldri v\u00e6rt stoltere\" alt=\"\" class=\"lazyload\" style=\"--aspect-ratio-image: 2.22; \"\/><\/p>\n<p>        Hylles: &#8211; Aldri v\u00e6rt stoltere<\/p>\n<p>    <\/a><\/p>\n<p>\u2013 Mest av alt gleder jeg meg til at publikum skal f\u00e5 h\u00f8re alle de fine versjonene vi har laget av hverandres musikk, legger hun til.<\/p>\n<p>Ny hit med Kurt\t<\/p>\n<p>Herborg \u00e5pnet sin egen skattkiste av \u00abHver gang vi m\u00f8tes\u00bb-l\u00e5ter sammen med Kurt Nilsen (47) da de sammen fremf\u00f8rte Espen Linds (54) \u00abScared of Hights\u00bb p\u00e5 norsk. Den traff umiddelbart b\u00e5de medmusikantene, kritikerne og folket. Herborg gleder seg stort til fortsettelsen.<\/p>\n<p>        <img loading=\"lazy\" decoding=\"async\" src=\"https:\/\/www.europesays.com\/no\/wp-content\/uploads\/2026\/01\/1769504032_787_84116418.webp.webp\" width=\"667\" height=\"888\" title=\"KJERNEFAMILIEN: \u2013Jeg kan ikke forestille meg et liv uten dem, sier Herborg om sin elskede familie best\u00e5ende av Esben, Agnes og Petra \u2013 her sammen etter hennes \u00abKristin Lavransdatter\u00bb-premiere p\u00e5 Den Nationale Scene i Bergen i 2018. Foto: Tore Skaar\" alt=\"\" class=\"\" style=\"--aspect-ratio-image: 0.75; \"\/><\/p>\n<p>\n        KJERNEFAMILIEN: \u2013Jeg kan ikke forestille meg et liv uten dem, sier Herborg om sin elskede familie best\u00e5ende av Esben, Agnes og Petra \u2013 her sammen etter hennes \u00abKristin Lavransdatter\u00bb-premiere p\u00e5 Den Nationale Scene i Bergen i 2018. Foto: Tore Skaar\n    <\/p>\n<p>\u2013 Ja, jeg gleder meg til \u00e5 overraske, blant annet med Marcus og Martinus sin sang \u2013 og Hagle sin, sier hun med et lurt smil.<\/p>\n<p class=\"italic m-italic\" data-lab-italic=\"italic\">\u2013 Hva gjorde at du ville bli artist og scenekunstner?<\/p>\n<p>\u2013 Dette svaret kan bli langt \u2013 ei heil bok! innr\u00f8mmer 52-\u00e5ringen p\u00e5 sin flotte hardangerdialekt.<\/p>\n<p>        <img loading=\"lazy\" decoding=\"async\" src=\"https:\/\/www.europesays.com\/no\/wp-content\/uploads\/2026\/01\/84116431.webp.webp\" width=\"686\" height=\"625\" title=\"ELDSTEDATTER: D\u00f8trene er blitt store. Dette bildet la Herborg ut p\u00e5 Agnes sin 22-\u00e5rsdag 20. juni i fjor. Foto: Privat\" alt=\"\" class=\"\" style=\"--aspect-ratio-image: 1.10; \"\/><\/p>\n<p>\n        ELDSTEDATTER: D\u00f8trene er blitt store. Dette bildet la Herborg ut p\u00e5 Agnes sin 22-\u00e5rsdag 20. juni i fjor. Foto: Privat\n    <\/p>\n<p>Men hun oppsummerer kort og godt.<\/p>\n<p>\u2013 Sannheten er at det l\u00e5 der helt fra starten av \u2013 lenge f\u00f8r jeg visste hva en artist eller skuespiller var. Da jeg fant ut hva det var, ga jeg alt jeg hadde for \u00e5 bli det!<\/p>\n<p>Herborg Kr\u00e5kevik-eventyret begynte stille og rolig hjemme i Jondal \u2013 med g\u00e5rdens sauer som hennes f\u00f8rste trofaste tilh\u00f8rere. Etter \u00e5 ha kuppet det lokale Tensing-koret og seiret i Ungdommens Kulturm\u00f8nstring i Hordaland, 18 \u00e5r gammel, s\u00e5 hun seg aldri tilbake.<\/p>\n<p>        <img loading=\"lazy\" decoding=\"async\" src=\"https:\/\/www.europesays.com\/no\/wp-content\/uploads\/2026\/01\/84116437.webp.webp\" width=\"686\" height=\"597\" title=\"FORBILDE: Foreldrene har v\u00e6rt Herborgs forbilder hele livet, her med pappa Trygve Kr\u00e5kevik da hun ble k\u00e5ret til \u00ab\u00c5rets Spellemann\u00bb i 2000. Foto: Henning Jensen\" alt=\"\" class=\"\" style=\"--aspect-ratio-image: 1.15; \"\/><\/p>\n<p>\n        FORBILDE: Foreldrene har v\u00e6rt Herborgs forbilder hele livet, her med pappa Trygve Kr\u00e5kevik da hun ble k\u00e5ret til \u00ab\u00c5rets Spellemann\u00bb i 2000. Foto: Henning Jensen\n    <\/p>\n<p>I 1996 ble hun s\u00e5 hentet til Den Nationale Scene i Bergen for hovedrollen som Eliza Doolittle i \u00abMy Fair Lady\u00bb, en prestasjon som regnes for hennes definitive gjennombrudd som scenekunstner.<\/p>\n<p>    <a itemprop=\"url\" href=\"https:\/\/www.seher.no\/kjendis\/flyttet-inn-med-ny-kjaereste\/84114061\" rel=\"nofollow noopener\" target=\"_blank\"><\/p>\n<p>        <img loading=\"lazy\" decoding=\"async\" src=\"https:\/\/www.europesays.com\/no\/wp-content\/uploads\/2026\/01\/1769504036_146_84114067.webp.webp\" width=\"980\" height=\"441\" title=\"- Flyttet inn med ny kj\u00e6reste\" alt=\"\" class=\"lazyload\" style=\"--aspect-ratio-image: 2.22; \"\/><\/p>\n<p>        &#8211; Flyttet inn med ny kj\u00e6reste<\/p>\n<p>    <\/a><\/p>\n<p>Siden har hun skapt suksess p\u00e5 flere fronter \u2013 mye av det selvskapt. \u00abKr\u00e5keviks Songbok\u00bb fra 2000 har solgt i mektige 250.000 eksemplarer. Samme \u00e5r ble hun bel\u00f8nnet som \u00c5rets Spellemann under Spellemannprisen.<\/p>\n<p>        <img loading=\"lazy\" decoding=\"async\" src=\"https:\/\/www.europesays.com\/no\/wp-content\/uploads\/2026\/01\/84116441.webp.webp\" width=\"686\" height=\"851\" title=\"SATTE SPOR: Herborg Kr\u00e5kevik minnes fortsatt gamlekj\u00e6resten Kenneth Sivertsen p\u00e5 f\u00f8dselsdagen hans 16. januar. I \u00e5r ville han blitt 65 \u00e5r. Foto: Se og H\u00f8r\" alt=\"\" class=\"\" style=\"--aspect-ratio-image: 0.81; \"\/><\/p>\n<p>\n        SATTE SPOR: Herborg Kr\u00e5kevik minnes fortsatt gamlekj\u00e6resten Kenneth Sivertsen p\u00e5 f\u00f8dselsdagen hans 16. januar. I \u00e5r ville han blitt 65 \u00e5r. Foto: Se og H\u00f8r\n    <\/p>\n<p>&#8211; I karrieren min er jeg mest stolt av at jeg har g\u00e5tt min egen vei, og stolt over de tekstene og forestillingene jeg har skrevet selv, understreker Herborg overfor Se og H\u00f8r.<\/p>\n<p>Privat er det to unge damer som st\u00e5r p\u00e5 toppen av Herborgs stolthets-pall.<\/p>\n<p>        SESONGPREMIERE: Det er duket for en ny sesong med \u00abHver gang vi m\u00f8tes\u00bb, og her ser vi litt av det vi har i vente. Video: \u00abHver gang vi m\u00f8tes\u00bb\/TV2. Reporter: Trond Markus Gravdal<\/p>\n<p>\u2013 Ja, jeg er jo aller mest stolt av jentene mine, selvsagt! To sterke damer p\u00e5 22 og 16 \u00e5r, roser Herborg \u2013 og trekker frem sine to \u00f8yenstener \u2013 Agnes og Petra \u2013 som hun har sammen med sin kj\u00e6re danske ektemann, Esben Hvam (53).<\/p>\n<p>Herborg har tidligere fortalt hvordan hun falt pladask for Esben mens hun var p\u00e5 oppdrag for Redd Barna i Kambodsja i 2001. Han var der p\u00e5 jobb som folkerettsjurist.<\/p>\n<p>        <img loading=\"lazy\" decoding=\"async\" src=\"https:\/\/www.europesays.com\/no\/wp-content\/uploads\/2026\/01\/84116453.webp.webp\" width=\"686\" height=\"522\" title=\"KNALLSUKSESS: Herborg og Kenneth nyter her knallanmeldelser i parken etter en av sommerkabaretene de holdt i Bergen. Paret fikk fem stormfulle \u00e5r sammen som kj\u00e6rester. Foto: Se og H\u00f8r\" alt=\"\" class=\"\" style=\"--aspect-ratio-image: 1.31; \"\/><\/p>\n<p>\n        KNALLSUKSESS: Herborg og Kenneth nyter her knallanmeldelser i parken etter en av sommerkabaretene de holdt i Bergen. Paret fikk fem stormfulle \u00e5r sammen som kj\u00e6rester. Foto: Se og H\u00f8r\n    <\/p>\n<p>\u2013 Det var kj\u00e6rlighet ved f\u00f8rste blikk fra min side, ja. Jeg m\u00e5tte jobbe litt for at han skulle bli enig, har Herborg fortalt til Dagbladet Magasinet.<\/p>\n<p>Egentlig passet det litt d\u00e5rlig at Amors pil traff s\u00e5 godt. Herborg hadde nettopp kj\u00f8pt seg hus i Skagen, og ville v\u00e6re en fri sjel og vandringskvinne uten forpliktelser.<\/p>\n<p>Tenner fortsatt lys for Kenneth\t<\/p>\n<p>\u2013 Livet er merkelig. N\u00e5 kan jeg ikke forestille meg et liv uten ham og barna v\u00e5re, sier Herborg i intervjuet.<\/p>\n<p>        \u00abHVER GANG VI M\u00d8TES\u00bb: Espen Lind overrasker Marit Larsen med en helt spesiell gjest. Video: \u00abHver gang vi m\u00f8tes\u00bb\/TV 2, R\u00f8d L\u00f8per\/Nora Skavhaug<\/p>\n<p>I dag bor de sammen i Viborg i Danmark, men Herborg vender jevnlig tilbake til Norge, hvor hun stadig er en ettertraktet artist og formidler.\u00a0<\/p>\n<p>I mars er hun aktuell med b\u00e5de et nytt album og bok. I v\u00e5r legger hun ut p\u00e5 ny storsl\u00e5tt turn\u00e9 med TrondheimSolistene, som hun holdt tre utsolgte jubileumskonserter med i fjor i forbindelse med 25-\u00e5rsjubileet for \u00abKr\u00e5keviks Songbok\u00bb.<\/p>\n<p>        VIXEN AWARDS: Noen liker ikke \u00e5 snakke om hvor mye de tjener. Det gjelder ikke \u00d8yunn Krogh! Reporter: Karolina Grace \/ Edward Stenlund. Video: Sanne Holt<\/p>\n<p>Herborg har mange \u00e5 takke for at hun er den hun er i dag.<\/p>\n<p class=\"italic m-italic\" data-lab-italic=\"italic\">\u2013 Hvem har betydd mest for deg?<\/p>\n<p>\u2013 Det m\u00e5 bli foreldrene mine, broren min, barna mine og mannen min! sl\u00e5r Herborg kj\u00e6rlig fast.<\/p>\n<p>I starten av karrieren var det ogs\u00e5 en annen kar som hadde vesentlig innflytelse. Det fem \u00e5r lange intense kj\u00e6reste- og scenelivet med multikunstner Kenneth Sivertsen \u2013 som gikk bort julaften 2006, bare 45 \u00e5r gammel \u2013 var med \u00e5 gj\u00f8re henne til en av Norges st\u00f8rste kjendiser og artister.<\/p>\n<p>    <a itemprop=\"url\" href=\"https:\/\/www.seher.no\/kjendis\/kommer-til-norge\/84116122\" rel=\"nofollow noopener\" target=\"_blank\"><\/p>\n<p>        <img loading=\"lazy\" decoding=\"async\" src=\"https:\/\/www.europesays.com\/no\/wp-content\/uploads\/2026\/01\/84116023.webp.webp\" width=\"980\" height=\"441\" title=\"Kommer til Norge\" alt=\"\" class=\"lazyload\" style=\"--aspect-ratio-image: 2.22; \"\/><\/p>\n<p>        Kommer til Norge<\/p>\n<p>    <\/a><\/p>\n<p>Kunstnersjelen fra B\u00f8mlo satte dype spor i Herborg etter at de m\u00f8ttes f\u00f8rste gang i 1992. Og hun minnes ham fortsatt \u2013 og helt spesielt p\u00e5 hans f\u00f8dselsdag. I \u00e5r ville han blitt 65 \u00e5r.<\/p>\n<p>\u00a0&#8211; Hver 16. januar spiller jeg musikk som Kenneth skrev og tenner et lys for ham, skriver Herborg p\u00e5 sin Instagram-konto \u2013 og trekker blant annet frem hans gitarperler fra hans plate \u00abSp\u00f8r vinden\u00bb.<\/p>\n<p>\u2013 Da jeg m\u00f8tte Kenneth i 1992, kunne han fremdeles spille noen av disse stykkene like eminent som han gjorde p\u00e5 innspillingen og som vikar for gullfiskene p\u00e5 NRK.<\/p>\n","protected":false},"excerpt":{"rendered":"\u00c6rlig Herborg Kr\u00e5kevik i \u00abHver gang vi m\u00f8tes\u00bb Herborg Kr\u00e5kevik \u00e5pnet om et langt fra et feilfritt liv&hellip;\n","protected":false},"author":2,"featured_media":148377,"comment_status":"","ping_status":"","sticky":false,"template":"","format":"standard","meta":{"footnotes":"","_share_on_mastodon":"0"},"categories":[58],"tags":[4104,71,16510,4239,16511,479,30,28,29,72],"class_list":["post-148376","post","type-post","status-publish","format-standard","has-post-thumbnail","category-underholdning","tag-eksklusivt","tag-entertainment","tag-esben-hvam","tag-herborg-krakevik","tag-kenneth-sivertsen","tag-kjendis","tag-no","tag-norge","tag-norway","tag-underholdning"],"share_on_mastodon":{"url":"https:\/\/pubeurope.com\/@no\/115966224897441096","error":""},"_links":{"self":[{"href":"https:\/\/www.europesays.com\/no\/wp-json\/wp\/v2\/posts\/148376","targetHints":{"allow":["GET"]}}],"collection":[{"href":"https:\/\/www.europesays.com\/no\/wp-json\/wp\/v2\/posts"}],"about":[{"href":"https:\/\/www.europesays.com\/no\/wp-json\/wp\/v2\/types\/post"}],"author":[{"embeddable":true,"href":"https:\/\/www.europesays.com\/no\/wp-json\/wp\/v2\/users\/2"}],"replies":[{"embeddable":true,"href":"https:\/\/www.europesays.com\/no\/wp-json\/wp\/v2\/comments?post=148376"}],"version-history":[{"count":0,"href":"https:\/\/www.europesays.com\/no\/wp-json\/wp\/v2\/posts\/148376\/revisions"}],"wp:featuredmedia":[{"embeddable":true,"href":"https:\/\/www.europesays.com\/no\/wp-json\/wp\/v2\/media\/148377"}],"wp:attachment":[{"href":"https:\/\/www.europesays.com\/no\/wp-json\/wp\/v2\/media?parent=148376"}],"wp:term":[{"taxonomy":"category","embeddable":true,"href":"https:\/\/www.europesays.com\/no\/wp-json\/wp\/v2\/categories?post=148376"},{"taxonomy":"post_tag","embeddable":true,"href":"https:\/\/www.europesays.com\/no\/wp-json\/wp\/v2\/tags?post=148376"}],"curies":[{"name":"wp","href":"https:\/\/api.w.org\/{rel}","templated":true}]}}