{"id":14842,"date":"2025-08-22T07:09:11","date_gmt":"2025-08-22T07:09:11","guid":{"rendered":"https:\/\/www.europesays.com\/no\/14842\/"},"modified":"2025-08-22T07:09:11","modified_gmt":"2025-08-22T07:09:11","slug":"erik-menendez-far-ikke-innvilget-proveloslatelse-2","status":"publish","type":"post","link":"https:\/\/www.europesays.com\/no\/14842\/","title":{"rendered":"Erik Menendez f\u00e5r ikke innvilget pr\u00f8vel\u00f8slatelse"},"content":{"rendered":"\n<p class=\"_lead_1bvmi_2 _lead_xtcu6_50 layout-component text-serif-m layout-normal text-serif-l layout-component layout-wide layout-padded _wide_17hqh_1 layout-padded\">Erik Menendez f\u00e5r ikke innvilget pr\u00f8vel\u00f8slatelse. Det har en ben\u00e5dningskommisjon i California bestemt.<\/p>\n<ul class=\"_gallery_1qa3s_23\" tabindex=\"0\">\n<li class=\"_item_1qa3s_37\" data-index=\"0\"><img fetchpriority=\"high\" decoding=\"async\" class=\"_image_foru8_23 _introGallery_foru8_43\" data-fullscreen- width=\"4032\" height=\"3024\" itemprop=\"image\" loading=\"eager\"  src=\"https:\/\/www.europesays.com\/no\/wp-content\/uploads\/2025\/08\/5ab61a76-633e-4abd-ab94-dad073844d00\"  style=\"object-position:50% 50%;aspect-ratio:var(--gallery-aspect-ratio, 16 \/ 9)\"\/>Erik Menendez m\u00f8tte ben\u00e5dningskommisjonen via videokonferanse torsdag fra fengselet Richard J. Donovan Correctional Facility i San Diego.  Foto: California Department of Corrections \/ AP \/ NTB<\/li>\n<li class=\"_item_1qa3s_37\" data-index=\"1\"><img decoding=\"async\" class=\"_image_foru8_23 _introGallery_foru8_43\" data-fullscreen- width=\"3021\" height=\"2030\" itemprop=\"image\" loading=\"lazy\"  src=\"https:\/\/www.europesays.com\/no\/wp-content\/uploads\/2025\/08\/d11ad30b-6e69-4285-a982-c1add197ea9e\"  style=\"object-position:50% 50%;aspect-ratio:var(--gallery-aspect-ratio, 16 \/ 9)\"\/>Erik (til venstre) og Lyle Menendez har tidligere f\u00e5tt redusert det som var en ubegrenset fengselsstraff til 50 \u00e5r.  Foto: California Department of Corrections \/ AP \/ NTB<\/li>\n<li class=\"_item_1qa3s_37\" data-index=\"2\"><img decoding=\"async\" class=\"_image_foru8_23 _introGallery_foru8_43\" data-fullscreen- width=\"3001\" height=\"1962\" itemprop=\"image\" loading=\"lazy\"  src=\"https:\/\/www.europesays.com\/no\/wp-content\/uploads\/2025\/08\/8ed828f2-b9af-42a9-b819-0d1afa7a9068\"  style=\"object-position:50% 50%;aspect-ratio:var(--gallery-aspect-ratio, 16 \/ 9)\"\/>Lyle Menendez (til venstre) og Erik Menendez under rettssaken i 1990.  Foto: Nick Ut \/ AP \/ NTB<\/li>\n<\/ul>\n<p>Erik Menendez m\u00f8tte ben\u00e5dningskommisjonen via videokonferanse torsdag fra fengselet Richard J. Donovan Correctional Facility i San Diego.  Foto: California Department of Corrections \/ AP \/ NTB<\/p>\n<ul aria-hidden=\"true\" class=\"_images_1y6fe_106\">\n<li><a class=\"_link_1y6fe_111\" href=\"https:\/\/www.vg.no\/forfatter\/ntb\" style=\"z-index:1\" title=\"NTB\" rel=\"nofollow noopener\" target=\"_blank\"><img alt=\"Bilde av NTB\" class=\"_image_1y6fe_88\" fetchpriority=\"low\" loading=\"lazy\" decoding=\"async\" itemprop=\"image\"  src=\"https:\/\/www.europesays.com\/no\/wp-content\/uploads\/2025\/08\/1755846551_882_c33980b0-5d07-4027-84a1-813f90a7c8d6\"  width=\"480\"\/><\/a><\/li>\n<\/ul>\n<p> Oppdatert fredag 22. august kl. 04:19     <\/p>\n<p class=\"_paragraph_1bvmi_4 _paragraph_xtcu6_10 layout-component text-serif-m layout-normal text-serif-m layout-padded\">Neste gang han f\u00e5r lov til \u00e5 be om pr\u00f8vel\u00f8slatelse, er f\u00f8rst om tre \u00e5r.<\/p>\n<p class=\"_paragraph_1bvmi_4 _paragraph_xtcu6_10 layout-component text-serif-m layout-normal text-serif-m layout-padded\">Erik Menendez&#8217; bror Lyle f\u00e5r sin s\u00f8knad om pr\u00f8vel\u00f8slatelse behandlet av kommisjonen fredag.<\/p>\n<p class=\"_paragraph_1bvmi_4 _paragraph_xtcu6_10 layout-component text-serif-m layout-normal text-serif-m layout-padded\">De to br\u00f8drene sitter i et fengsel i San Diego. De fremmet s\u00f8knadene om pr\u00f8vel\u00f8slatelse etter at venner, familie og kjendiser lenge har tatt til orde for \u00e5 f\u00e5 dem l\u00f8slatt fra fengsel.<\/p>\n<p class=\"_paragraph_1bvmi_4 _paragraph_xtcu6_10 layout-component text-serif-m layout-normal text-serif-m layout-padded\">Br\u00f8drene har allerede f\u00e5tt den i utgangspunktet ubegrensede straffen redusert til 50 \u00e5r, og de har tatt p\u00e5 seg ansvaret for drapene p\u00e5 foreldrene i familiens luksushjem i Beverly Hills i 1989.<\/p>\n<p class=\"_paragraph_1bvmi_4 _paragraph_xtcu6_10 layout-component text-serif-m layout-normal text-serif-m layout-padded\">De har forklart at de gjorde det fordi de fryktet at foreldrene ville drepe dem, etter at faren hadde misbrukt dem seksuelt i flere \u00e5r.<\/p>\n<p class=\"_paragraph_1bvmi_4 _paragraph_xtcu6_10 layout-component text-serif-m layout-normal text-serif-m layout-padded\">Br\u00f8drene, som den gangen var 21 og 18 \u00e5r gamle, er n\u00e5 i 50-\u00e5rene. De mener de er rehabilitert, og at de ikke lenger utgj\u00f8r en fare for samfunnet.<\/p>\n<p class=\"_paragraph_1bvmi_4 _paragraph_xtcu6_10 layout-component text-serif-m layout-normal text-serif-m layout-padded\">\u2013 I mer enn 35 \u00e5r har de vist vedvarende vekst. De har tatt p\u00e5 seg det fulle ansvaret, heter det i en uttalelse fra st\u00f8ttegruppen The Justice for Erik and Lyle Coalition, der blant annet flere familiemedlemmer er med.<\/p>\n<p class=\"_paragraph_1bvmi_4 _paragraph_xtcu6_10 layout-component text-serif-m layout-normal text-serif-m layout-padded\"><strong class=\"_strong_1bvmi_25\">Les ogs\u00e5<\/strong>: <a href=\"https:\/\/www.vg.no\/nyheter\/i\/EyVpka\/erik-menendez-innlagt-paa-sykehus-med-alvorlig-sykdom\" data-track-element-type=\"Link\" data-track-id=\"link:EyVpka\" class=\"_link_1bvmi_39\" rel=\"nofollow noopener\" target=\"_blank\">Innlagt p\u00e5 sykehus med alvorlig sykdom <\/a><\/p>\n","protected":false},"excerpt":{"rendered":"Erik Menendez f\u00e5r ikke innvilget pr\u00f8vel\u00f8slatelse. Det har en ben\u00e5dningskommisjon i California bestemt. Erik Menendez m\u00f8tte ben\u00e5dningskommisjonen via&hellip;\n","protected":false},"author":2,"featured_media":14843,"comment_status":"","ping_status":"","sticky":false,"template":"","format":"standard","meta":{"footnotes":""},"categories":[12],"tags":[20,21,24,25,15,22,23,13,30,28,29,14,16,26,27,50,42,43,44,45],"class_list":{"0":"post-14842","1":"post","2":"type-post","3":"status-publish","4":"format-standard","5":"has-post-thumbnail","7":"category-verden","8":"tag-breaking-news","9":"tag-breakingnews","10":"tag-featured-news","11":"tag-featurednews","12":"tag-headlines","13":"tag-latest-news","14":"tag-latestnews","15":"tag-news","16":"tag-no","17":"tag-norge","18":"tag-norway","19":"tag-nyheter","20":"tag-overskrifter","21":"tag-top-stories","22":"tag-topstories","23":"tag-usa","24":"tag-verden","25":"tag-world","26":"tag-world-news","27":"tag-worldnews"},"share_on_mastodon":{"url":"","error":""},"_links":{"self":[{"href":"https:\/\/www.europesays.com\/no\/wp-json\/wp\/v2\/posts\/14842","targetHints":{"allow":["GET"]}}],"collection":[{"href":"https:\/\/www.europesays.com\/no\/wp-json\/wp\/v2\/posts"}],"about":[{"href":"https:\/\/www.europesays.com\/no\/wp-json\/wp\/v2\/types\/post"}],"author":[{"embeddable":true,"href":"https:\/\/www.europesays.com\/no\/wp-json\/wp\/v2\/users\/2"}],"replies":[{"embeddable":true,"href":"https:\/\/www.europesays.com\/no\/wp-json\/wp\/v2\/comments?post=14842"}],"version-history":[{"count":0,"href":"https:\/\/www.europesays.com\/no\/wp-json\/wp\/v2\/posts\/14842\/revisions"}],"wp:featuredmedia":[{"embeddable":true,"href":"https:\/\/www.europesays.com\/no\/wp-json\/wp\/v2\/media\/14843"}],"wp:attachment":[{"href":"https:\/\/www.europesays.com\/no\/wp-json\/wp\/v2\/media?parent=14842"}],"wp:term":[{"taxonomy":"category","embeddable":true,"href":"https:\/\/www.europesays.com\/no\/wp-json\/wp\/v2\/categories?post=14842"},{"taxonomy":"post_tag","embeddable":true,"href":"https:\/\/www.europesays.com\/no\/wp-json\/wp\/v2\/tags?post=14842"}],"curies":[{"name":"wp","href":"https:\/\/api.w.org\/{rel}","templated":true}]}}