{"id":148494,"date":"2026-01-27T10:52:39","date_gmt":"2026-01-27T10:52:39","guid":{"rendered":"https:\/\/www.europesays.com\/no\/148494\/"},"modified":"2026-01-27T10:52:39","modified_gmt":"2026-01-27T10:52:39","slug":"minst-6126-drept-i-protester-i-iran-ifolge-aktivistgruppe","status":"publish","type":"post","link":"https:\/\/www.europesays.com\/no\/148494\/","title":{"rendered":"Minst 6126 drept i protester i Iran, if\u00f8lge aktivistgruppe"},"content":{"rendered":"\n<p class=\"_lead_o9xde_2 _lead_xtcu6_50 layout-component text-serif-m layout-normal text-serif-l layout-component layout-wide layout-padded _wide_17hqh_1 layout-padded\">S\u00e5 langt er minst 6126 mennesker drept i iranske myndigheters hardhendte aksjoner mot protestene i landet, if\u00f8lge en USA-basert menneskerettsgruppe.<\/p>\n<p> <img class=\"_image_qp4xg_65 layout-component layout-wide\" data-fullscreen- data-track-element-type=\"Article image fullscreen\" data-track-name=\"ImageFullscreen\" fetchpriority=\"high\" decoding=\"sync\" loading=\"eager\" height=\"181\" itemprop=\"image\"  src=\"https:\/\/www.europesays.com\/no\/wp-content\/uploads\/2026\/01\/1769511158_830_a7febd6536a9ff1ce05eb0aa2514be78.jpg\"  style=\"object-position:50% 50%;aspect-ratio:1.75;height:auto;object-fit:cover;width:100%\" width=\"102\"\/>  <\/p>\n<ul aria-hidden=\"true\" class=\"_images_ntbth_112\">\n<li><a class=\"_link_ntbth_117\" href=\"https:\/\/www.vg.no\/forfatter\/ntb\" style=\"z-index:1\" title=\"NTB\" rel=\"nofollow noopener\" target=\"_blank\"><img alt=\"Bilde av NTB\" class=\"_image_ntbth_93\" fetchpriority=\"low\" loading=\"lazy\" decoding=\"async\" itemprop=\"image\"  src=\"https:\/\/www.europesays.com\/no\/wp-content\/uploads\/2026\/01\/1769511159_724_c33980b0-5d07-4027-84a1-813f90a7c8d6.png\"  width=\"480\"\/><\/a><\/li>\n<\/ul>\n<p> Oppdatert tirsdag 27. januar kl. 03:44     <\/p>\n<p class=\"_paragraph_o9xde_4 _paragraph_xtcu6_10 layout-component text-serif-m layout-normal text-serif-m layout-padded\">Det oppdaterte tallet fra Human Rights Activists News Agency (HRANA) ble publisert tirsdag. <\/p>\n<p class=\"_paragraph_o9xde_4 _paragraph_xtcu6_10 layout-component text-serif-m layout-normal text-serif-m layout-padded\">Gruppen, som har levert presise tall i flere runder med uro i <a href=\"https:\/\/www.vg.no\/tag\/iran?utm_source=vg-article&amp;utm_medium=auto-tagger&amp;utm_campaign=Ar3vmn\" class=\"_link_o9xde_39\" rel=\"nofollow noopener\" target=\"_blank\">Iran<\/a>, frykter det reelle tallet p\u00e5 d\u00f8de er enda h\u00f8yere. HRANA verifiserer hvert av d\u00f8dsfallene ved hjelp av et nettverk av aktivister i Iran.<\/p>\n<p class=\"_paragraph_o9xde_4 _paragraph_xtcu6_10 layout-component text-serif-m layout-normal text-serif-m layout-padded\">P\u00e5 grunn av myndighetenes blokkering av internett og forstyrrelser av telefonsamtaler til Iran, har det ikke v\u00e6rt mulig for nyhetsbyr\u00e5et AP \u00e5 gj\u00f8re en uavhengig vurdering av tallene fra HRANA.<\/p>\n<p class=\"_paragraph_o9xde_4 _paragraph_xtcu6_10 layout-component text-serif-m layout-normal text-serif-m layout-padded\">Myndighetene i Iran sier antall d\u00f8de er 3117, omtrent halvparten av HRANAs tall. Av disse var 2427 sivile eller medlemmer av sikkerhetsstyrkene, mens de \u00f8vrige stemples som terrorister. <\/p>\n<p class=\"_paragraph_o9xde_4 _paragraph_xtcu6_10 layout-component text-serif-m layout-normal text-serif-m layout-padded\">Tidligere har det iranske prestestyret oppgitt for lave d\u00f8dstall i forbindelse med uro, eller de har unnlatt \u00e5 rapportere om d\u00f8dsfall.<\/p>\n<p><img alt=\"USA-baserte Human Rights Activists News Agency (HRANA) sier tallet p\u00e5 d\u00f8de under protestene i Iran har passert 6000 og frykter at tallet er betydelig h\u00f8yere.   Foto: Brukergenerert innhold \/ AP \/ NTB\" class=\"_image_qp4xg_65 layout-component layout-normal\" data-fullscreen- data-track-element-type=\"Article image fullscreen\" data-track-name=\"ImageFullscreen\" decoding=\"async\" loading=\"lazy\" height=\"3533\" itemprop=\"image\"  src=\"https:\/\/www.europesays.com\/no\/wp-content\/uploads\/2026\/01\/1cf94edf-da80-4064-973a-a51b27a1dc8b.jpeg\"  style=\"object-position:0% 0%\" width=\"4926\"\/>USA-baserte Human Rights Activists News Agency (HRANA) sier tallet p\u00e5 d\u00f8de under protestene i Iran har passert 6000 og frykter at tallet er betydelig h\u00f8yere.   Foto: Brukergenerert innhold \/ AP \/ NTB    <\/p>\n","protected":false},"excerpt":{"rendered":"S\u00e5 langt er minst 6126 mennesker drept i iranske myndigheters hardhendte aksjoner mot protestene i landet, if\u00f8lge en&hellip;\n","protected":false},"author":2,"featured_media":148495,"comment_status":"","ping_status":"","sticky":false,"template":"","format":"standard","meta":{"footnotes":"","_share_on_mastodon":"0"},"categories":[5],"tags":[20,21,24,25,15,19,3228,22,23,17,18,13,30,28,29,14,16,1250,26,27],"class_list":["post-148494","post","type-post","status-publish","format-standard","has-post-thumbnail","category-overskrifter","tag-breaking-news","tag-breakingnews","tag-featured-news","tag-featurednews","tag-headlines","tag-hovedoppslag","tag-iran","tag-latest-news","tag-latestnews","tag-main-news","tag-mainnews","tag-news","tag-no","tag-norge","tag-norway","tag-nyheter","tag-overskrifter","tag-protest","tag-top-stories","tag-topstories"],"share_on_mastodon":{"url":"https:\/\/pubeurope.com\/@no\/115966688952525244","error":""},"_links":{"self":[{"href":"https:\/\/www.europesays.com\/no\/wp-json\/wp\/v2\/posts\/148494","targetHints":{"allow":["GET"]}}],"collection":[{"href":"https:\/\/www.europesays.com\/no\/wp-json\/wp\/v2\/posts"}],"about":[{"href":"https:\/\/www.europesays.com\/no\/wp-json\/wp\/v2\/types\/post"}],"author":[{"embeddable":true,"href":"https:\/\/www.europesays.com\/no\/wp-json\/wp\/v2\/users\/2"}],"replies":[{"embeddable":true,"href":"https:\/\/www.europesays.com\/no\/wp-json\/wp\/v2\/comments?post=148494"}],"version-history":[{"count":0,"href":"https:\/\/www.europesays.com\/no\/wp-json\/wp\/v2\/posts\/148494\/revisions"}],"wp:featuredmedia":[{"embeddable":true,"href":"https:\/\/www.europesays.com\/no\/wp-json\/wp\/v2\/media\/148495"}],"wp:attachment":[{"href":"https:\/\/www.europesays.com\/no\/wp-json\/wp\/v2\/media?parent=148494"}],"wp:term":[{"taxonomy":"category","embeddable":true,"href":"https:\/\/www.europesays.com\/no\/wp-json\/wp\/v2\/categories?post=148494"},{"taxonomy":"post_tag","embeddable":true,"href":"https:\/\/www.europesays.com\/no\/wp-json\/wp\/v2\/tags?post=148494"}],"curies":[{"name":"wp","href":"https:\/\/api.w.org\/{rel}","templated":true}]}}