{"id":14861,"date":"2025-08-22T07:33:10","date_gmt":"2025-08-22T07:33:10","guid":{"rendered":"https:\/\/www.europesays.com\/no\/14861\/"},"modified":"2025-08-22T07:33:10","modified_gmt":"2025-08-22T07:33:10","slug":"fredrikstad-kommune-autisme-skolegjerder-for-autister-i-fredrikstad-hvorfor-ble-det-sa-stygt","status":"publish","type":"post","link":"https:\/\/www.europesays.com\/no\/14861\/","title":{"rendered":"Fredrikstad kommune, Autisme | Skolegjerder for autister i Fredrikstad: Hvorfor ble det s\u00e5 stygt?"},"content":{"rendered":"\n<p>Fire barneskoler i Fredrikstad har f\u00e5tt <a href=\"https:\/\/www.f-b.no\/lager-skjermet-skolegard-til-autister-handler-om-barnas-egen-sikkerhet\/s\/5-59-3678916\" rel=\"Follow nofollow noopener\" target=\"_blank\">inngjerdede omr\u00e5der for elever<\/a> som trenger ekstra skjerming og sikkerhet. Dette gjelder prim\u00e6rt barn med autisme som kan utagere og v\u00e6re til fare for seg selv. Tiltaket er \u00f8nsket av foreldrene og faglig begrunnet av skolene.<\/p>\n<p>Men n\u00e5r <a href=\"https:\/\/www.f-b.no\/fredrikstad-politikere-om-a-skjerme-elever-bak-nettinggerder-ugreit-og-uheldig\/s\/5-59-3679732\" rel=\"Follow nofollow noopener\" target=\"_blank\">politikere sammenligner<\/a> omr\u00e5dene med \u00abhundeparker\u00bb og \u00abbur\u00bb, og n\u00e5r rektorer m\u00e5 forsvare seg mot anklager om \u00e5 stille barn til skue, er det tydelig at noe har g\u00e5tt galt, s\u00e5vel i utf\u00f8relsen som i kommunikasjonen.<\/p>\n<p>I g\u00e5r n\u00e5dde saken ogs\u00e5 riksmediene, med <a href=\"https:\/\/www.tv2.no\/nyheter\/innenriks\/inngjerdede-skolegarder-til-barn-med-autisme-helt-forferdelig\/18012701\/\" rel=\"Follow nofollow noopener\" target=\"_blank\">omtale i TV 2<\/a>.<\/p>\n<p>Kunne lett v\u00e6rt unng\u00e5tt<\/p>\n<p>Det mest frustrerende med denne saken, og <a href=\"https:\/\/www.f-b.no\/fredrikstad-skolekrise-for-barn-med-autisme-hvem-tar-ansvar\/o\/5-59-3679273\" rel=\"Follow nofollow noopener\" target=\"_blank\">debatten<\/a> den har skapt, er hvor lett det kunne v\u00e6rt unng\u00e5tt. Problemet er ikke at kommunen har laget skjermede omr\u00e5der for s\u00e5rbare barn.<\/p>\n<p><b>Problemet er at de p\u00e5 to av skolene har valgt to meter h\u00f8ye st\u00e5lgjerder, som uvegerlig f\u00e5r omr\u00e5dene til \u00e5 ligne fengselsg\u00e5rder.<\/b><\/p>\n<p>Hadde kommunen i stedet valgt lavere gjerder p\u00e5 alle skolene, gjerne i treverk eller et annet mindre industrielt materiale, ville den samme sikkerhetsfunksjonen v\u00e6rt oppn\u00e5dd uten den stigmatiserende effekten.<\/p>\n<p>Som inspekt\u00f8r <a href=\"https:\/\/www.f-b.no\/5-59-3680232\" rel=\"Follow nofollow noopener\" target=\"_blank\">Ole Westberg p\u00e5 Rekustad<\/a> skole selv p\u00e5peker: gjerdet er \u00abikke h\u00f8yere enn at det er mulig for barn \u00e5 klatre over, men s\u00e5 h\u00f8yt at vi kj\u00f8per oss litt tid\u00bb.<\/p>\n<p>      Reaksjonene sier alt<\/p>\n<p>Enkelte lokalpolitikere har bidratt til \u00e5 gj\u00f8re saken mer unyansert enn den fortjener.<\/p>\n<p>SV-politiker Silje Waters kaller det \u00abikke pedagogisk riktig\u00bb, mens Ap&#8217;s Siri Martinsen mener det \u00abser ut som en hundeg\u00e5rd\u00bb.<\/p>\n<p>Selv Frp&#8217;s Bianca Skoglie, som er del av det styrende flertallet, synes tiltaket er \u00abuheldig\u00bb og at barn \u00abikke b\u00f8r v\u00e6re innesperret p\u00e5 et omr\u00e5de som ser ut som et bur\u00bb.<\/p>\n<p>N\u00e5r politikere p\u00e5 tvers av partilinjene reagerer s\u00e5 sterkt, handler det ikke om ideologi \u2013 det handler om at noe ser galt ut.<\/p>\n<p>Ressursmangel er det egentlige problemet<\/p>\n<p>Alle parter er enige om at dette handler om ressursmangel. Det er for f\u00e5 plasser i forsterkede oppl\u00e6ringsarenaer, og skolene m\u00e5 improvisere.<\/p>\n<p>Det er prisverdig at Rekustad skole har klart \u00e5 etablere en ny avdeling for under \u00e9n million kroner p\u00e5 tre m\u00e5neder.<\/p>\n<p>Men n\u00e5r man m\u00e5 ty til slike l\u00f8sninger, b\u00f8r man i det minste s\u00f8rge for at de ikke skaper un\u00f8dvendig oppstyr. Et gjerde som koster det samme, men ser mindre fengselsaktig ut, ville gitt barna den samme sikkerheten uten \u00e5 provosere frem en politisk storm.<\/p>\n<p>Fredrikstad kommune har gjort det riktige for barna. Men de kunne gjort det p\u00e5 en m\u00e5te som ikke fikk det til \u00e5 se s\u00e5 galt ut.<\/p>\n<p>            Alt om \u00abautismegjerdene\u00bb<\/p>\n","protected":false},"excerpt":{"rendered":"Fire barneskoler i Fredrikstad har f\u00e5tt inngjerdede omr\u00e5der for elever som trenger ekstra skjerming og sikkerhet. Dette gjelder&hellip;\n","protected":false},"author":2,"featured_media":14862,"comment_status":"","ping_status":"","sticky":false,"template":"","format":"standard","meta":{"footnotes":""},"categories":[10],"tags":[36,2762,20,21,37,24,25,2836,15,22,23,13,30,28,29,14,1533,16,41,2837,804,26,27],"class_list":{"0":"post-14861","1":"post","2":"type-post","3":"status-publish","4":"format-standard","5":"has-post-thumbnail","7":"category-norge","8":"tag-art","9":"tag-autisme","10":"tag-breaking-news","11":"tag-breakingnews","12":"tag-debatt","13":"tag-featured-news","14":"tag-featurednews","15":"tag-fredrikstad-kommune","16":"tag-headlines","17":"tag-latest-news","18":"tag-latestnews","19":"tag-news","20":"tag-no","21":"tag-norge","22":"tag-norway","23":"tag-nyheter","24":"tag-opinion","25":"tag-overskrifter","26":"tag-politikk","27":"tag-rene-svendsen","28":"tag-skole","29":"tag-top-stories","30":"tag-topstories"},"share_on_mastodon":{"url":"","error":""},"_links":{"self":[{"href":"https:\/\/www.europesays.com\/no\/wp-json\/wp\/v2\/posts\/14861","targetHints":{"allow":["GET"]}}],"collection":[{"href":"https:\/\/www.europesays.com\/no\/wp-json\/wp\/v2\/posts"}],"about":[{"href":"https:\/\/www.europesays.com\/no\/wp-json\/wp\/v2\/types\/post"}],"author":[{"embeddable":true,"href":"https:\/\/www.europesays.com\/no\/wp-json\/wp\/v2\/users\/2"}],"replies":[{"embeddable":true,"href":"https:\/\/www.europesays.com\/no\/wp-json\/wp\/v2\/comments?post=14861"}],"version-history":[{"count":0,"href":"https:\/\/www.europesays.com\/no\/wp-json\/wp\/v2\/posts\/14861\/revisions"}],"wp:featuredmedia":[{"embeddable":true,"href":"https:\/\/www.europesays.com\/no\/wp-json\/wp\/v2\/media\/14862"}],"wp:attachment":[{"href":"https:\/\/www.europesays.com\/no\/wp-json\/wp\/v2\/media?parent=14861"}],"wp:term":[{"taxonomy":"category","embeddable":true,"href":"https:\/\/www.europesays.com\/no\/wp-json\/wp\/v2\/categories?post=14861"},{"taxonomy":"post_tag","embeddable":true,"href":"https:\/\/www.europesays.com\/no\/wp-json\/wp\/v2\/tags?post=14861"}],"curies":[{"name":"wp","href":"https:\/\/api.w.org\/{rel}","templated":true}]}}