{"id":149164,"date":"2026-01-28T05:09:11","date_gmt":"2026-01-28T05:09:11","guid":{"rendered":"https:\/\/www.europesays.com\/no\/149164\/"},"modified":"2026-01-28T05:09:11","modified_gmt":"2026-01-28T05:09:11","slug":"det-ser-ikke-ut-til-at-kulden-skal-gi-seg","status":"publish","type":"post","link":"https:\/\/www.europesays.com\/no\/149164\/","title":{"rendered":"\u2013 Det ser ikke ut til at kulden skal gi seg"},"content":{"rendered":"\n<ul class=\"_list_o9xde_3 _list_64s2r_85 _unordered_o9xde_106 text-sans-m\">\n<li class=\"_item_o9xde_30\">Kulden fortsetter \u00e5 dominere hele landet minst halvannen uke til, if\u00f8lge Meteorologisk institutt.<\/li>\n<li class=\"_item_o9xde_30\">Ungdommer savner v\u00e5rv\u00e6r, men flere trosser vinteren med joggesko.<\/li>\n<li class=\"_item_o9xde_30\">Uvanlig langvarig kuldeperiode i Norge, spesielt bemerkelsesverdig for Vestlandet.<\/li>\n<li class=\"_item_o9xde_30\">Finnmarksvidda og Innlandet forventer temperaturer ned mot -25 grader.<\/li>\n<\/ul>\n<p>Vis mer <\/p>\n<p class=\"_paragraph_o9xde_4 _paragraph_xtcu6_10 layout-component text-serif-m layout-normal text-serif-m layout-padded\">\u2013 Kulden vil vedvare i minst halvannen uke til i store deler av landet, sier vakthavende meteorolog Tone Christin Taule ved <a href=\"https:\/\/www.vg.no\/tag\/meteorologisk-institutt?utm_source=vg-article&amp;utm_medium=auto-tagger&amp;utm_campaign=ExpXm2\" class=\"_link_o9xde_39\" rel=\"nofollow noopener\" target=\"_blank\">Meteorologisk institutt<\/a> til VG.<\/p>\n<p class=\"_paragraph_o9xde_4 _paragraph_xtcu6_10 layout-component text-serif-m layout-normal text-serif-m layout-padded\">Emma (23) og Fredrik (26) har tatt turen ut denne tirsdagskvelden. <\/p>\n<p class=\"_paragraph_o9xde_4 _paragraph_xtcu6_10 layout-component text-serif-m layout-normal text-serif-m layout-padded\">\u2013 Jeg var klar for v\u00e5ren. N\u00e5 trodde jeg det hadde begynt \u00e5 bli litt varmere igjen, men s\u00e5 sn\u00f8dde det masse i dag, sier Emma. <\/p>\n<p><img alt=\"Med varme vinterjakker, men joggesko utenfor bildet.   Foto: Naina Hel\u00e9n J\u00e5ma \/ VG\" class=\"_image_qp4xg_65 layout-component layout-normal\" data-fullscreen- data-track-element-type=\"Article image fullscreen\" data-track-name=\"ImageFullscreen\" decoding=\"async\" loading=\"lazy\" height=\"4512\" itemprop=\"image\"  src=\"https:\/\/www.europesays.com\/no\/wp-content\/uploads\/2026\/01\/07374320-6268-4d5d-95e0-25cdad29c3f1.jpeg\"  style=\"object-position:0% 0%\" width=\"6768\"\/>Med varme vinterjakker, men joggesko utenfor bildet.   Foto: Naina Hel\u00e9n J\u00e5ma \/ VG<\/p>\n<p class=\"_paragraph_o9xde_4 _paragraph_xtcu6_10 layout-component text-serif-m layout-normal text-serif-m layout-padded\">Hun trosset sn\u00f8en og tok p\u00e5 seg joggeskoene likevel. <\/p>\n<p class=\"_paragraph_o9xde_4 _paragraph_xtcu6_10 layout-component text-serif-m layout-normal text-serif-m layout-padded\">\u2013 Det funket ikke s\u00e5 bra, for det er veldig glatt. Jeg pr\u00f8ver \u00e5 kombinere litt v\u00e5r og vinter med tykk jakke og joggesko. <\/p>\n<p class=\"_paragraph_o9xde_4 _paragraph_xtcu6_10 layout-component text-serif-m layout-normal text-serif-m layout-padded\">Fredrik har ogs\u00e5 tatt p\u00e5 seg joggesko, til tross for is og sn\u00f8 p\u00e5 bakken. <\/p>\n<p class=\"_paragraph_o9xde_4 _paragraph_xtcu6_10 layout-component text-serif-m layout-normal text-serif-m layout-padded\">\u2013 Jeg satser p\u00e5 at joggeskoene funker, og det gj\u00f8r de stort sett. Bortsett fra at jeg nesten falt oppi bakken der. <\/p>\n<p class=\"_paragraph_o9xde_4 _paragraph_xtcu6_10 layout-component text-serif-m layout-normal text-serif-m layout-padded\">Begge er enige om at de burde hatt brodder. <\/p>\n<p class=\"_paragraph_o9xde_4 _paragraph_xtcu6_10 layout-component text-serif-m layout-normal text-serif-m layout-padded\">\u2013 Men jeg pleier ikke \u00e5 bruke brodder, det gj\u00f8r at vi f\u00f8ler oss litt gamle. Vi tar heller risikoen. <\/p>\n<p>\u2013 Skjer ikke s\u00e5 ofte<\/p>\n<p class=\"_paragraph_o9xde_4 _paragraph_xtcu6_10 layout-component text-serif-m layout-normal text-serif-m layout-padded\">Taule p\u00e5peker at det er spesielt at hele landet opplever s\u00e5 langvarig kulde samtidig.<\/p>\n<p class=\"_paragraph_o9xde_4 _paragraph_xtcu6_10 layout-component text-serif-m layout-normal text-serif-m layout-padded\">\u2013 Det er ikke uvanlig med vinterkulde i januar og februar, men det som skiller seg ut n\u00e5, er hvor omfattende og langvarig den er. At hele Norge er inne i en slik kuldeperiode samtidig, skjer ikke ofte, sier Taule.<\/p>\n<p class=\"_paragraph_o9xde_4 _paragraph_xtcu6_10 layout-component text-serif-m layout-normal text-serif-m layout-padded\">Hun trekker frem at p\u00e5 Vestlandet er det sjelden at kulden varer s\u00e5 lenge.<\/p>\n<p class=\"_paragraph_o9xde_4 _paragraph_xtcu6_10 layout-component text-serif-m layout-normal text-serif-m layout-padded\">Oslo har knapt hatt dager med plussgrader s\u00e5 langt i 2026, if\u00f8lge <a href=\"https:\/\/www.yr.no\/nb\/historikk\/graf\/5-18700\/Norge\/Oslo\/Oslo\/Oslo%20(Blindern)?q=siste-30-dager\" class=\"_link_o9xde_39\" rel=\"nofollow noopener\" target=\"_blank\">Meteorologisk institutt<\/a>. Det gj\u00f8r \u00e5rets kuldeperiode bemerkelsesverdig sammenlignet med tidligere vintre.<\/p>\n<p><img alt=\"Oslofjorden 15. januar 2026.  Foto: Hallgeir V\u00e5genes \/ VG\" class=\"_image_qp4xg_65 layout-component layout-normal\" data-fullscreen- data-track-element-type=\"Article image fullscreen\" data-track-name=\"ImageFullscreen\" decoding=\"async\" loading=\"lazy\" height=\"5885\" itemprop=\"image\"  src=\"https:\/\/www.europesays.com\/no\/wp-content\/uploads\/2026\/01\/5ba40f6d-f16c-4e7d-a470-d159a6bfe51d.jpeg\"  style=\"object-position:0% 0%\" width=\"7279\"\/>Oslofjorden 15. januar 2026.  Foto: Hallgeir V\u00e5genes \/ VG<\/p>\n<p class=\"_paragraph_o9xde_4 _paragraph_xtcu6_10 layout-component text-serif-m layout-normal text-serif-m layout-padded\">If\u00f8lge meteorologen vil temperaturene svinge noe i tiden fremover, men det vil fortsatt v\u00e6re kaldt.<\/p>\n<p class=\"_paragraph_o9xde_4 _paragraph_xtcu6_10 layout-component text-serif-m layout-normal text-serif-m layout-padded\">Hun forteller at fra Lindesnes til Nordkapp blir det stort sett minusgrader, men enkelte steder kan temperaturene s\u00e5 vidt bikke over p\u00e5 plussiden i l\u00f8pet av dagen \u2013 gjerne mellom 1 og 3 plussgrader.<\/p>\n<p class=\"_paragraph_o9xde_4 _paragraph_xtcu6_10 layout-component text-serif-m layout-normal text-serif-m layout-padded\">Inga (25) og Cecilie (25) har ogs\u00e5 tatt turen ut i kulden.<\/p>\n<p class=\"_paragraph_o9xde_4 _paragraph_xtcu6_10 layout-component text-serif-m layout-normal text-serif-m layout-padded\">\u2013 Vi har pr\u00f8vd \u00e5 kle oss etter v\u00e6ret, men det blir testet allerede n\u00e5. <\/p>\n<p class=\"_paragraph_o9xde_4 _paragraph_xtcu6_10 layout-component text-serif-m layout-normal text-serif-m layout-padded\">Begge er enige om at de heller vil ha kulde enn regn og slaps. <\/p>\n<p class=\"_paragraph_o9xde_4 _paragraph_xtcu6_10 layout-component text-serif-m layout-normal text-serif-m layout-padded\">Likevel mener de at det b\u00f8r v\u00e6re lov \u00e5 klage litt p\u00e5 kulden. <\/p>\n<p class=\"_paragraph_o9xde_4 _paragraph_xtcu6_10 layout-component text-serif-m layout-normal text-serif-m layout-padded\">\u2013 Om du klager med noen andre, er det bare hyggelig. Det er vel slik man kommer seg gjennom det. <\/p>\n<p><img alt=\"Litt ust\u00f8 sk\u00f8yter Inga og Cecilie rundt p\u00e5 isen.   Foto: Naina Hel\u00e9n J\u00e5ma \/ VG\" class=\"_image_qp4xg_65 layout-component layout-normal\" data-fullscreen- data-track-element-type=\"Article image fullscreen\" data-track-name=\"ImageFullscreen\" decoding=\"async\" loading=\"lazy\" height=\"4222\" itemprop=\"image\"  src=\"https:\/\/www.europesays.com\/no\/wp-content\/uploads\/2026\/01\/b7ec629f-e968-4b2b-82ab-ffe53732a901.png\"  style=\"object-position:0% 0%\" width=\"6333\"\/>Litt ust\u00f8 sk\u00f8yter Inga og Cecilie rundt p\u00e5 isen.   Foto: Naina Hel\u00e9n J\u00e5ma \/ VG<\/p>\n<p class=\"_paragraph_o9xde_4 _paragraph_xtcu6_10 layout-component text-serif-m layout-normal text-serif-m layout-padded\">Taule forklarer at h\u00f8ytrykket som har ligget over landet over tid, har hindret lavtrykk med mildere luft og nedb\u00f8r i \u00e5 slippe til \u2013 s\u00e6rlig p\u00e5 Vestlandet.<\/p>\n<p class=\"_paragraph_o9xde_4 _paragraph_xtcu6_10 layout-component text-serif-m layout-normal text-serif-m layout-padded\">\u2013 P\u00e5 Vestlandet pleier lavtrykk fra havet \u00e5 gi mildere v\u00e6r, men h\u00f8ytrykket har holdt stand. I Nord-Norge ser vi imidlertid at h\u00f8ytrykket begynner \u00e5 svekkes, og lavtrykkene f\u00e5r slippe til.<\/p>\n<p class=\"_paragraph_o9xde_4 _paragraph_xtcu6_10 layout-component text-serif-m layout-normal text-serif-m layout-padded\">Det betyr at det kan bli litt mildere og ogs\u00e5 komme noe nedb\u00f8r i nord utover i neste uke.<\/p>\n<p><img alt=\"Oslo, 11. januar 2026.  Foto: Terje Pedersen \/ NTB\" class=\"_image_qp4xg_65 layout-component layout-normal\" data-fullscreen- data-track-element-type=\"Article image fullscreen\" data-track-name=\"ImageFullscreen\" decoding=\"async\" loading=\"lazy\" height=\"3884\" itemprop=\"image\"  src=\"https:\/\/www.europesays.com\/no\/wp-content\/uploads\/2026\/01\/4670fc93-5c5f-4017-a507-83e7b22bd222.jpeg\"  style=\"object-position:0% 0%\" width=\"5826\"\/>Oslo, 11. januar 2026.  Foto: Terje Pedersen \/ NTBLite sannsynlig med sol<\/p>\n<p class=\"_paragraph_o9xde_4 _paragraph_xtcu6_10 layout-component text-serif-m layout-normal text-serif-m layout-padded\">Utsiktene for S\u00f8rvestlandet og Tr\u00f8ndelag er fortsatt kalde og t\u00f8rre. Der blir det lite nedb\u00f8r.<\/p>\n<p class=\"_paragraph_o9xde_4 _paragraph_xtcu6_10 layout-component text-serif-m layout-normal text-serif-m layout-padded\">\u00d8stlandet kan derimot f\u00e5 litt mer skydekke og enkelte byger. Og dessverre er det lite sannsynlig med sol de n\u00e6rmeste dagene, da skyene ser ut til \u00e5 trekke lenger inn og ned over landsdelen.<\/p>\n<p class=\"_paragraph_o9xde_4 _paragraph_xtcu6_10 layout-component text-serif-m layout-normal layout-padded\"><strong class=\"_strong_o9xde_25\">Les ogs\u00e5:<\/strong> <a href=\"https:\/\/www.vg.no\/i\/1676mM\" data-track-element-type=\"Link\" data-track-id=\"link:1676mM\" class=\"_link_o9xde_39\" rel=\"nofollow noopener\" target=\"_blank\">Beregninger: 4,5 milliarder i str\u00f8mst\u00f8tte i januar<\/a><\/p>\n<p class=\"_paragraph_o9xde_4 _paragraph_xtcu6_10 layout-component text-serif-m layout-normal text-serif-m layout-padded\">David (40) har tatt seg en l\u00f8petur denne kalde tirsdagen.<\/p>\n<p class=\"_paragraph_o9xde_4 _paragraph_xtcu6_10 layout-component text-serif-m layout-normal text-serif-m layout-padded\">\u2013 Det er litt kaldt, men ikke s\u00e5 kaldt n\u00e5r du l\u00f8per. <\/p>\n<p class=\"_paragraph_o9xde_4 _paragraph_xtcu6_10 layout-component text-serif-m layout-normal text-serif-m layout-padded\">P\u00e5 sp\u00f8rsm\u00e5l om hvordan man skal kle seg, svarer han at det er viktig \u00e5 bruke ull under vanlige l\u00f8pekl\u00e6r.<\/p>\n<p><img alt=\"David lar seg ikke stoppe av kulden.   Foto: Naina Hel\u00e9n J\u00e5ma \/ VG\" class=\"_image_qp4xg_65 layout-component layout-normal\" data-fullscreen- data-track-element-type=\"Article image fullscreen\" data-track-name=\"ImageFullscreen\" decoding=\"async\" loading=\"lazy\" height=\"3664\" itemprop=\"image\"  src=\"https:\/\/www.europesays.com\/no\/wp-content\/uploads\/2026\/01\/045e48c8-62b4-425e-9b9d-7ee82c7ccd95.jpeg\"  style=\"object-position:0% 0%\" width=\"5495\"\/>David lar seg ikke stoppe av kulden.   Foto: Naina Hel\u00e9n J\u00e5ma \/ VG<\/p>\n<p class=\"_paragraph_o9xde_4 _paragraph_xtcu6_10 layout-component text-serif-m layout-normal text-serif-m layout-padded\">\u2013 Jeg l\u00f8per uansett. Man m\u00e5 kle seg som om det er 10 grader varmere n\u00e5r man skal l\u00f8pe. Ull hjelper veldig mye. <\/p>\n<p class=\"_paragraph_o9xde_4 _paragraph_xtcu6_10 layout-component text-serif-m layout-normal text-serif-m layout-padded\">Han er fra Los Angeles, men har bodd i Norge i 13 \u00e5r. <\/p>\n<p class=\"_paragraph_o9xde_4 _paragraph_xtcu6_10 layout-component text-serif-m layout-normal text-serif-m layout-padded\">\u2013 Da jeg kom hit, s\u00e5 skj\u00f8nte jeg ikke ull, men det funker jo helt fantastisk, sier han. <\/p>\n<p class=\"_paragraph_o9xde_4 _paragraph_xtcu6_10 layout-component text-serif-m layout-normal text-serif-m layout-padded\">Han forteller at kulden ikke er det verste ved den norske vinteren. <\/p>\n<p class=\"_paragraph_o9xde_4 _paragraph_xtcu6_10 layout-component text-serif-m layout-normal text-serif-m layout-padded\">\u2013 Jeg savner lyset. Vinteren er veldig m\u00f8rk, men kulden er ikke s\u00e5 ille.<\/p>\n<p><img alt=\"Denne uken er prinsesse Ingrid Alexandra p\u00e5 fylkesbes\u00f8k i Finnmark. Her bes\u00f8ker hun An\u00e1rjohka nasjonalpark p\u00e5 Finnmarksvidda.  Foto: Fredrik Varfjell \/ POOL \/ NTB\" class=\"_image_qp4xg_65 layout-component layout-normal\" data-fullscreen- data-track-element-type=\"Article image fullscreen\" data-track-name=\"ImageFullscreen\" decoding=\"async\" loading=\"lazy\" height=\"5391\" itemprop=\"image\"  src=\"https:\/\/www.europesays.com\/no\/wp-content\/uploads\/2026\/01\/9a301138-031a-4770-9dc8-74f9f5bed820.jpeg\"  style=\"object-position:0% 0%\" width=\"8087\"\/>Denne uken er prinsesse Ingrid Alexandra p\u00e5 fylkesbes\u00f8k i Finnmark. Her bes\u00f8ker hun An\u00e1rjohka nasjonalpark p\u00e5 Finnmarksvidda.  Foto: Fredrik Varfjell \/ POOL \/ NTB<\/p>\n<p class=\"_paragraph_o9xde_4 _paragraph_xtcu6_10 layout-component text-serif-m layout-normal text-serif-m layout-padded\">Flere steder i Innlandet m\u00e5 ogs\u00e5 forberede seg p\u00e5 sv\u00e6rt lave temperaturer.<\/p>\n<p class=\"_paragraph_o9xde_4 _paragraph_xtcu6_10 layout-component text-serif-m layout-normal text-serif-m layout-padded\">P\u00e5 Finnmarksvidda og i omr\u00e5der som Tynset kan det bli ned mot minus 25 grader. <\/p>\n<p class=\"_paragraph_o9xde_4 _paragraph_xtcu6_10 layout-component text-serif-m layout-normal text-serif-m layout-padded\">\u2013 Det er ikke uvanlig med kulde p\u00e5 Finnmarksvidda, men ogs\u00e5 her er det uvanlig at den varer s\u00e5 lenge \u2013 og ser ut til \u00e5 fortsette, sier Taule til VG.<\/p>\n<p class=\"_paragraph_o9xde_4 _paragraph_xtcu6_10 layout-component text-serif-m layout-normal text-serif-m layout-padded\"><strong class=\"_strong_o9xde_25\">Ekstremkulde f\u00f8rte til stengte skoler og barnehager i 2024. Se video:<\/strong><\/p>\n","protected":false},"excerpt":{"rendered":"Kulden fortsetter \u00e5 dominere hele landet minst halvannen uke til, if\u00f8lge Meteorologisk institutt. Ungdommer savner v\u00e5rv\u00e6r, men flere&hellip;\n","protected":false},"author":2,"featured_media":149165,"comment_status":"","ping_status":"","sticky":false,"template":"","format":"standard","meta":{"footnotes":"","_share_on_mastodon":"0"},"categories":[10],"tags":[20,21,24,25,15,8981,22,23,1202,3153,13,30,28,29,14,16,26,27],"class_list":["post-149164","post","type-post","status-publish","format-standard","has-post-thumbnail","category-norge","tag-breaking-news","tag-breakingnews","tag-featured-news","tag-featurednews","tag-headlines","tag-kulde","tag-latest-news","tag-latestnews","tag-meteorologisk-institutt","tag-nedbor","tag-news","tag-no","tag-norge","tag-norway","tag-nyheter","tag-overskrifter","tag-top-stories","tag-topstories"],"share_on_mastodon":{"url":"https:\/\/pubeurope.com\/@no\/115971002419069593","error":""},"_links":{"self":[{"href":"https:\/\/www.europesays.com\/no\/wp-json\/wp\/v2\/posts\/149164","targetHints":{"allow":["GET"]}}],"collection":[{"href":"https:\/\/www.europesays.com\/no\/wp-json\/wp\/v2\/posts"}],"about":[{"href":"https:\/\/www.europesays.com\/no\/wp-json\/wp\/v2\/types\/post"}],"author":[{"embeddable":true,"href":"https:\/\/www.europesays.com\/no\/wp-json\/wp\/v2\/users\/2"}],"replies":[{"embeddable":true,"href":"https:\/\/www.europesays.com\/no\/wp-json\/wp\/v2\/comments?post=149164"}],"version-history":[{"count":0,"href":"https:\/\/www.europesays.com\/no\/wp-json\/wp\/v2\/posts\/149164\/revisions"}],"wp:featuredmedia":[{"embeddable":true,"href":"https:\/\/www.europesays.com\/no\/wp-json\/wp\/v2\/media\/149165"}],"wp:attachment":[{"href":"https:\/\/www.europesays.com\/no\/wp-json\/wp\/v2\/media?parent=149164"}],"wp:term":[{"taxonomy":"category","embeddable":true,"href":"https:\/\/www.europesays.com\/no\/wp-json\/wp\/v2\/categories?post=149164"},{"taxonomy":"post_tag","embeddable":true,"href":"https:\/\/www.europesays.com\/no\/wp-json\/wp\/v2\/tags?post=149164"}],"curies":[{"name":"wp","href":"https:\/\/api.w.org\/{rel}","templated":true}]}}