{"id":149357,"date":"2026-01-28T09:35:18","date_gmt":"2026-01-28T09:35:18","guid":{"rendered":"https:\/\/www.europesays.com\/no\/149357\/"},"modified":"2026-01-28T09:35:18","modified_gmt":"2026-01-28T09:35:18","slug":"skam-dere-2","status":"publish","type":"post","link":"https:\/\/www.europesays.com\/no\/149357\/","title":{"rendered":"&#8211; Skam dere"},"content":{"rendered":"<p class=\"kicker \" style=\"\">Tidligere Trump-tilhenger:\u00a0<\/p>\n<p>    Marjorie Taylor Greene frykter borgerkrig etter drapene i Minneapolis. N\u00e5 ber hun begge sider \u00abfjerne politiske skylapper\u00bb.<\/p>\n<p>\n    ST\u00d8TTE: Marjorie Taylor Greene taler sammen med USAs president Donald Trump under et valgkampm\u00f8te i Georgia i mars 2024. Foto: Elijah Nouvelage \/ AFP\n  <\/p>\n<p>    Kort fortalt<\/p>\n<ul lang=\"nb-NO\">\n<li>Sykepleieren Alex Jeffrey Pretti ble drept i Minneapolis, noe som har utl\u00f8st protester og bekymringer for en mulig borgerkrig.<\/li>\n<li>Marjorie Taylor Greene kritiserer den politiske opptrappingen og oppfordrer til \u00e5 fjerne politiske skylapper.<\/li>\n<li>Donald Trump har sendt ICE-agenter til Minnesota, men sier han vurderer \u00e5 trappe ned operasjonen.<\/li>\n<li>Greene trekker paralleller til stormingen av Kongressen og advarer mot ytterligere vold og politisk splittelse.<\/li>\n<\/ul>\n<p class=\"italic ai-disclaimer\" data-lab-italic=\"italic\">Sammendraget er laget av ChatGPT og godkjent av Dagbladet.<\/p>\n<p>      Vis mer<br \/>\n      Vis mindre<\/p>\n<p> Dagbladets USA-ekspert Marie Simonsen mener reaksjonene etter at sykepleieren Alex Jeffrey Pretti (37) ble drept i Minneapolis\u00a0<a href=\"https:\/\/www.dagbladet.no\/nyheter\/ekstremt-farlig-for-trump\/84141669\" rel=\"nofollow noopener\" target=\"_blank\">er starten p\u00e5 et grasrotoppr\u00f8r<\/a>. <\/p>\n<p>    <a itemprop=\"url\" href=\"https:\/\/www.dagbladet.no\/nyheter\/ekstremt-farlig-for-trump\/84141669\" rel=\"nofollow noopener\" target=\"_blank\"><\/p>\n<p>        <img loading=\"lazy\" decoding=\"async\" src=\"https:\/\/www.europesays.com\/no\/wp-content\/uploads\/2026\/01\/84141830.webp.webp\" width=\"147\" height=\"100\" title=\"- Ekstremt farlig for Trump\" alt=\"\" class=\"lazyload\" style=\"--aspect-ratio-image: 1.47; \"\/><\/p>\n<p>        &#8211; Ekstremt farlig for Trump<\/p>\n<p>    <\/a><\/p>\n<p>N\u00e5 g\u00e5r den tidligere Trump-st\u00f8ttespilleren Marjorie Taylor Greene (51) kraftig ut mot det hun beskriver som en farlig opptrapping i amerikansk politikk.<\/p>\n<p>Bakgrunnen er den d\u00f8delige ICE-operasjonen l\u00f8rdag, som har utl\u00f8st voldsomme protester og demonstrasjoner.<\/p>\n<p class=\"font-weight-bold m-font-weight-bold\" data-lab-font_weight=\"font-weight-bold\">&#8211; Dere blir alle oppildnet til borgerkrig. Men ingenting av dette l\u00f8ser noen av de virkelige problemene vi alle st\u00e5r overfor \u2013 og tragisk nok d\u00f8r folk, skriver Greene p\u00e5 <a href=\"https:\/\/x.com\/FmrRepMTG\/status\/2015438556789870682\" rel=\"nofollow\">X<\/a>.<\/p>\n<p>        <img loading=\"lazy\" decoding=\"async\" src=\"https:\/\/www.europesays.com\/no\/wp-content\/uploads\/2026\/01\/84155183.webp.webp\" width=\"686\" height=\"460\" title=\"VOLDSOMME PROTESTER: Demonstranter deltar i \u00abICE Out\u00bb-protest i Minneapolis 23. januar 2026, der lokalsamfunn og fagforeninger aksjonerer mot f\u00f8derale immigrasjonsoperasjoner. Foto: Stephen Maturen \/ Getty Images \/ AFP\" alt=\"\" class=\"\" style=\"--aspect-ratio-image: 1.49; \"\/><\/p>\n<p>\n        VOLDSOMME PROTESTER: Demonstranter deltar i \u00abICE Out\u00bb-protest i Minneapolis 23. januar 2026, der lokalsamfunn og fagforeninger aksjonerer mot f\u00f8derale immigrasjonsoperasjoner. Foto: Stephen Maturen \/ Getty Images \/ AFP\n    <\/p>\n<p>Vil trappe ned  <\/p>\n<p>Donald Trump har sendt ut tusenvis av ICE-agenter til Minnesota som en del av Operation Metro Surge \u2013 noe som ogs\u00e5 har f\u00f8rt til store demonstrasjoner i delstaten og resten av USA.\u00a0<\/p>\n<p>    Hva er Operation Metro Surge?<\/p>\n<ul>\n<li class=\"lab-bodytext-line\"> En omfattende f\u00f8deral immigrasjonsaksjon i USA som startet i desember 2025, med hovedfokus p\u00e5 Minneapolis og Saint Paul i Minnesota.\u00a0<\/li>\n<li class=\"lab-bodytext-line\">Innsatsen ledes av det amerikanske innenriks- og sikkerhetsdepartementet\u00a0gjennom ICE og Customs and Border Protection.<\/li>\n<li class=\"lab-bodytext-line\">Aksjonen har som m\u00e5l \u00e5 p\u00e5gripe og deportere personer som oppholder seg i landet uten lovlig opphold.\u00a0<\/li>\n<li class=\"lab-bodytext-line\">Myndighetene beskriver operasjonen som en av de st\u00f8rste innenlandske immigrasjonsaksjonene noensinne, med tusenvis av agenter og et h\u00f8yt antall arrestasjoner.\u00a0<\/li>\n<li class=\"lab-bodytext-line\">Aksjonen utl\u00f8st kraftig kritikk, protester og rettslige skritt fra lokale og statlige myndigheter, som mener den skaper frykt i lokalsamfunn og kan bryte med grunnleggende rettigheter. <\/li>\n<\/ul>\n<p>      Vis mer<br \/>\n      Vis mindre<\/p>\n<p>Tirsdag sa Trump til Fox News at <a href=\"https:\/\/www.dagbladet.no\/nyheter\/vi-skal-trappe-ned-litt\/84153658\" rel=\"nofollow noopener\" target=\"_blank\">han vil trappe ned eller omstrukturere den omstridte og p\u00e5g\u00e5ende ICE-operasjonen<\/a>.\u00a0<\/p>\n<p>&#8211; Vi gjennomg\u00e5r alt og vil komme med en avgj\u00f8relse, sa han, og la til at han \u00f8nsker \u00aben veldig \u00e6rlig etterforskning\u00bb av de d\u00f8delige skytingene som har funnet sted. <\/p>\n<p>    <a itemprop=\"url\" href=\"https:\/\/www.dagbladet.no\/nyheter\/vi-skal-trappe-ned-litt\/84153658\" rel=\"nofollow noopener\" target=\"_blank\"><\/p>\n<p>        <img loading=\"lazy\" decoding=\"async\" src=\"https:\/\/www.europesays.com\/no\/wp-content\/uploads\/2026\/01\/1769592912_123_84153676.webp.webp\" width=\"147\" height=\"98\" title=\"- Vi skal trappe ned litt\" alt=\"\" class=\"lazyload\" style=\"--aspect-ratio-image: 1.50; \"\/><\/p>\n<p>        &#8211; Vi skal trappe ned litt<\/p>\n<p>    <\/a><\/p>\n<p>Trump har n\u00e5<a href=\"https:\/\/www.dagbladet.no\/nyheter\/trump-sender-tsaren\/84147327\" rel=\"nofollow noopener\" target=\"_blank\"> sendt inn sin s\u00e5kalte \u00abgrense-tsar\u00bb<\/a>, grensepolitisjef Tom Homan, for \u00e5 \u00abrekalibrere taktikken\u00bb i Minnesota.<\/p>\n<p>Flere eksperter og kritikere er overbevist om at Trump ikke egentlig mener det han sier om nedtrapping i delstaten.<\/p>\n<p>Politisk kommentator og innvandringspolitisk analytiker Mark Krikorian, som leder\u00a0Center for Immigration Studies, er bare \u00e9n av dem.\u00a0<\/p>\n<p>&#8211; Jeg tror ikke det er det Trump sier. Basert p\u00e5 det han skrev p\u00e5 Truth Social, sier han heller at immigrasjonsmyndighetene ikke trenger \u00e5 p\u00e5gripe folk ute i samfunnet \u2013 s\u00e5 lenge Minnesota endrer reglene sine og lar ICE hente ulovlige innvandrere direkte fra fengsel n\u00e5r de er ferdige med straffen sin der, sier han til <a href=\"https:\/\/www.foxnews.com\/politics\/conservative-immigration-experts-split-whether-trump-backing-down-mn-ice-fight.print\" rel=\"nofollow noopener\" target=\"_blank\">Fox News<\/a>.<\/p>\n<p>        <img loading=\"lazy\" decoding=\"async\" src=\"https:\/\/www.europesays.com\/no\/wp-content\/uploads\/2026\/01\/84155012.webp.webp\" width=\"980\" height=\"559\" title=\"GRENSE-TSAREN: USA-president Donald Trump og grenseansvarlig Tom Homan under en seremoni i Det ovale kontor, der Homan mottar en meksikansk grenseforsvarsmedalje, med forsvarsminister Pete Hegseth og general Dan Caine til stede. Foto: Alex Brandon \/ AP\" alt=\"\" class=\"\" style=\"--aspect-ratio-image: 1.75; \"\/><\/p>\n<p>\n        GRENSE-TSAREN: USA-president Donald Trump og grenseansvarlig Tom Homan under en seremoni i Det ovale kontor, der Homan mottar en meksikansk grenseforsvarsmedalje, med forsvarsminister Pete Hegseth og general Dan Caine til stede. Foto: Alex Brandon \/ AP\n    <\/p>\n<p>Kom med fire krav  <\/p>\n<p>Krikorian <a href=\"https:\/\/www.dagbladet.no\/nyheter\/trump-kommer-med-fire-krav\/84145040\" rel=\"nofollow noopener\" target=\"_blank\">viser til kravene<\/a> til lokal- og delstatsledere Trump nylig kom med p\u00e5 sitt eget sosiale medie:<\/p>\n<ul>\n<li>Overgi alle ulovlige innvandrere med kriminell bakgrunn som sitter i delstatlige fengsler og arrestlokaler til f\u00f8derale immigrasjonsmyndigheter for rask utvisning.<\/li>\n<li>Overgi alle ulovlige innvandrere som er p\u00e5grepet av lokal- eller delstatspoliti direkte til f\u00f8derale myndigheter.<\/li>\n<li>La lokalt politi hjelpe f\u00f8derale myndigheter med \u00e5 finne og p\u00e5gripe etterlyste eller mistenkte ulovlige innvandrere.<\/li>\n<li>S\u00f8rg for fullt samarbeid med f\u00f8derale myndigheter for \u00e5 fjerne alle ulovlige innvandrere med kriminell bakgrunn fra landet.<\/li>\n<\/ul>\n<p>    <a itemprop=\"url\" href=\"https:\/\/www.dagbladet.no\/nyheter\/trump-kommer-med-fire-krav\/84145040\" rel=\"nofollow noopener\" target=\"_blank\"><\/p>\n<p>        <img loading=\"lazy\" decoding=\"async\" src=\"https:\/\/www.europesays.com\/no\/wp-content\/uploads\/2026\/01\/1769592913_436_84145112.webp.webp\" width=\"980\" height=\"441\" title=\"Trump kommer med fire krav\" alt=\"\" class=\"lazyload\" style=\"--aspect-ratio-image: 2.22; \"\/><\/p>\n<p>        Trump kommer med fire krav<\/p>\n<p>    <\/a><\/p>\n<p>Et skille  <\/p>\n<p> Marjorie Taylor Greene, som tidligere var en profilert og sv\u00e6rt lojal st\u00f8ttespiller for Donald Trump, sier at hun fortsatt st\u00f8tter streng grensekontroll, deportasjon av kriminelle migranter og politiet.\u00a0<\/p>\n<p>Samtidig trekker hun et skille mellom v\u00e5penrettigheter og truende oppf\u00f8rsel.<\/p>\n<p class=\"font-weight-bold m-font-weight-bold\" data-lab-font_weight=\"font-weight-bold\">&#8211; \u00c5 lovlig b\u00e6re et skytev\u00e5pen er ikke det samme som \u00e5 vise det fram p\u00e5 en truende m\u00e5te, skriver hun.<\/p>\n<p>        <img loading=\"lazy\" decoding=\"async\" src=\"https:\/\/www.europesays.com\/no\/wp-content\/uploads\/2026\/01\/84149643.webp.webp\" width=\"980\" height=\"559\" title=\"DEN GANG DA: Marjorie Taylor Greene under en pressekonferanse utenfor Kongressen i Washington 1. mai 2024. Foto: J. Scott Applewhite \/ AP\" alt=\"\" class=\"\" style=\"--aspect-ratio-image: 1.75; \"\/><\/p>\n<p>\n        DEN GANG DA: Marjorie Taylor Greene under en pressekonferanse utenfor Kongressen i Washington 1. mai 2024. Foto: J. Scott Applewhite \/ AP\n    <\/p>\n<p>Motstridende forklaringer<\/p>\n<p>Myndighetene i USA har gitt ulike forklaringer p\u00e5 hva som skjedde da Pretti ble skutt under ICE-aksjonen.\u00a0<\/p>\n<p>Innenriksminister Kristi Noem har hevdet at Pretti trakk et v\u00e5pen mot agentene.<\/p>\n<p class=\"font-weight-bold m-font-weight-bold\" data-lab-font_weight=\"font-weight-bold\">Vitner bestrider dette.<\/p>\n<p>        <img loading=\"lazy\" decoding=\"async\" src=\"https:\/\/www.europesays.com\/no\/wp-content\/uploads\/2026\/01\/84141851.webp.webp\" width=\"980\" height=\"559\" title=\"D\u00d8DE: Alex J. Pretti, som ble skutt og drept, p\u00e5 et udaterert familiebilde. Foto: Charpaud Christopher \/ ABACA \/ Shutterstock\" alt=\"\" class=\"\" style=\"--aspect-ratio-image: 1.75; \"\/><\/p>\n<p>\n        D\u00d8DE: Alex J. Pretti, som ble skutt og drept, p\u00e5 et udaterert familiebilde. Foto: Charpaud Christopher \/ ABACA \/ Shutterstock\n    <\/p>\n<p>&#8211; Det s\u00e5 ikke ut som om han gjorde motstand, men som om han bare pr\u00f8vde \u00e5 hjelpe en kvinne opp. Jeg s\u00e5 ham ikke med et v\u00e5pen. De kastet ham i bakken, og s\u00e5 begynte de \u00e5 skyte, sier et vitne.<\/p>\n<p>        En person ble skutt og drept av f\u00f8derale agenter i Minneapolis l\u00f8rdag 24. januar. Video: X<\/p>\n<p>Greene viser til b\u00e5de det f\u00f8rste grunnlovstillegget, som beskytter ytrings- og forsamlingsfriheten, og det fjerde, som skal verne innbyggerne mot myndighetenes overgrep.<\/p>\n<p>&#8211; Det er ingenting galt med \u00e5 protestere lovlig og fredelig og filme det, skriver hun.<\/p>\n<p>            &#8211; Begge sider m\u00e5 fjerne de politiske skylappene, ellers vil flere liv g\u00e5 tapt.<\/p>\n<p class=\"author \" style=\"\">Marjorie Taylor Greene<\/p>\n<p>        <img loading=\"lazy\" decoding=\"async\" src=\"https:\/\/www.europesays.com\/no\/wp-content\/uploads\/2026\/01\/84149781.webp.webp\" width=\"980\" height=\"559\" title=\"Demonstranter protesterer mot ICE i sentrum av Minneapolis etter en d\u00f8delig skyting 25. januar 2026. Foto: Charpaud Christopher \/ ABACA \/ Shutterstock\" alt=\"\" class=\"\" style=\"--aspect-ratio-image: 1.75; \"\/><\/p>\n<p>\n        Demonstranter protesterer mot ICE i sentrum av Minneapolis etter en d\u00f8delig skyting 25. januar 2026. Foto: Charpaud Christopher \/ ABACA \/ Shutterstock\n    <\/p>\n<p>&#8211; Mistet forstanden<\/p>\n<p>Greene trekker ogs\u00e5 paralleller til stormingen av Kongressen 6. januar 2021.\u00a0<\/p>\n<p>Hun kritiserer det hun omtaler som en aggressiv jakt p\u00e5 deltakerne i etterkant.<\/p>\n<p class=\"font-weight-bold m-font-weight-bold\" data-lab-font_weight=\"font-weight-bold\">&#8211; Vi mistet fullstendig forstanden da vi s\u00e5 FBI gjennomf\u00f8re husransakelser og arrestasjoner, skriver hun.<\/p>\n<p>Til slutt retter hun en oppfordring til begge politiske leirer.<\/p>\n<p>&#8211; Begge sider m\u00e5 fjerne de politiske skylappene, ellers vil flere liv g\u00e5 tapt.<\/p>\n<p>        <img loading=\"lazy\" decoding=\"async\" src=\"https:\/\/www.europesays.com\/no\/wp-content\/uploads\/2026\/01\/84149899.webp.webp\" width=\"980\" height=\"559\" title=\"KLATRER: Tilhengere av Donald Trump klatrer p\u00e5 vestveggen av kongressbygningen under stormingen av Capitol 6. januar 2021 i Washington. Foto: Charpaud Christopher \/ ABACA \/ Shutterstock\" alt=\"\" class=\"\" style=\"--aspect-ratio-image: 1.75; \"\/><\/p>\n<p>\n        KLATRER: Tilhengere av Donald Trump klatrer p\u00e5 vestveggen av kongressbygningen under stormingen av Capitol 6. januar 2021 i Washington. Foto: Charpaud Christopher \/ ABACA \/ Shutterstock\n    <\/p>\n<p>Oppfordret til \u00e5 \u00abkjempe\u00bb<\/p>\n<p>Stormingen av kongressen skjedde 6. januar 2021, da Trump-tilhengere og oppviglere tok seg inn i Capitol-bygningen i Washington D.C.<\/p>\n<p>Dette skjedde samtidig som Kongressen skulle godkjenne valgresultatet fra presidentvalget i 2020.\u00a0<\/p>\n<p>        ALVORLIG: Tirsdag 9. februar startet riksrettssaken mot Donald Trump, hvor demokratene startet med \u00e5 vise rystende opptak fra stormingen av Kongressen. Video: AP<\/p>\n<p>Angrepet kom etter ubegrunnede p\u00e5stander om valgfusk, og fulgte et m\u00f8te der Donald Trump gjentok disse p\u00e5standene og oppfordret til \u00e5 \u00abkjempe\u00bb.\u00a0<\/p>\n<p>Demonstranter br\u00f8t gjennom politisperringer, tok seg inn i bygningen og avbr\u00f8t den formelle bekreftelsen av Joe Bidens valgseier i mange timer.<\/p>\n<p>    <a itemprop=\"url\" href=\"https:\/\/www.dagbladet.no\/nyheter\/stormet-kongressen-stiller-til-valg\/84082712\" rel=\"nofollow noopener\" target=\"_blank\"><\/p>\n<p>        <img loading=\"lazy\" decoding=\"async\" src=\"https:\/\/www.europesays.com\/no\/wp-content\/uploads\/2026\/01\/84082730.webp.webp\" width=\"147\" height=\"98\" title=\"Stormet kongressen: Stiller til valg\" alt=\"\" class=\"lazyload\" style=\"--aspect-ratio-image: 1.50; \"\/><\/p>\n<p>        Stormet kongressen: Stiller til valg<\/p>\n<p>    <\/a><\/p>\n<p>Fem personer d\u00f8de i tilknytning til hendelsen, hundrevis av politifolk ble skadet, og tusenvis av personer er seinere blitt etterforsket, siktet eller d\u00f8mt.\u00a0<\/p>\n<p>Hendelsen f\u00f8rte til at Trump ble stilt for riksrett for andre gang, anklaget for \u00e5 ha oppildnet til oppr\u00f8ret, f\u00f8r han ble frikjent i Senatet.<\/p>\n<p>        <img loading=\"lazy\" decoding=\"async\" src=\"https:\/\/www.europesays.com\/no\/wp-content\/uploads\/2026\/01\/1769592918_551_84054313.webp.webp\" width=\"686\" height=\"474\" title=\"VAR N\u00c6RE: Donald Trump kysser kongressrepresentant Marjorie Taylor Greene etter \u00e5 ha holdt tale for Kongressen i Washington 4. mars 2025. Foto: Annabelle Gordon \/ UPI \/ Shutterstock.\" alt=\"\" class=\"\" style=\"--aspect-ratio-image: 1.45; \"\/><\/p>\n<p>\n        VAR N\u00c6RE: Donald Trump kysser kongressrepresentant Marjorie Taylor Greene etter \u00e5 ha holdt tale for Kongressen i Washington 4. mars 2025. Foto: Annabelle Gordon \/ UPI \/ Shutterstock.\n    <\/p>\n<p>\u00c5pen krangel<\/p>\n<p>Marjorie Taylor Greene ga seg som kongressrepresentant i starten av januar etter et stort politisk brudd med Donald Trump.\u00a0<\/p>\n<p>I et oppsiktsvekkende intervju med <a href=\"https:\/\/www.nytimes.com\/2025\/12\/29\/magazine\/marjorie-taylor-greene-trump-maga-split.html\" rel=\"nofollow noopener\" target=\"_blank\">The New York Times<\/a> tok hun et personlig oppgj\u00f8r med presidenten, som hun tidligere hadde st\u00f8ttet.<\/p>\n<p>&#8211; Jeg var naiv, sa Greene til avisa.\u00a0<\/p>\n<p>&#8211; Jeg var s\u00e5 ny i politikken at det var lett \u00e5 tro p\u00e5 Donald Trump.<\/p>\n<p>Greene vendte seg bort fra Trump i l\u00f8pet av 2025 etter uenigheter om blant annet frigivelse av etterforskningsdokumenter og MAGA-bevegelsens retning. <\/p>\n<p>    Hva er ICE?<\/p>\n<p>ICE st\u00e5r for\u00a0U.S. Immigration and Customs Enforcement. Det er en amerikansk, f\u00f8deral etat underlagt innenriksdepartementet.<\/p>\n<p>ICE h\u00e5ndhever lover om innvandring og toll, og jobber s\u00e6rlig med \u00e5 bekjempe grensekryssende kriminalitet og ulovlig innvandring.<\/p>\n<p>Etaten ble opprettet 1. mars 2003, etter terrorangrepene 11. september 2001. M\u00e5let var \u00e5 styrke nasjonal sikkerhet.<\/p>\n<p>ICE har to hovedavdelinger:<\/p>\n<ul>\n<li>HSI (Homeland Security Investigations): Etterforsker internasjonal kriminalitet.\u00a0<\/li>\n<li>ERO (Enforcement and Removal Operations): Har ansvar for \u00e5 p\u00e5gripe, fengsle og sende ut personer som oppholder seg ulovlig i USA.<\/li>\n<\/ul>\n<p>      Vis mer<br \/>\n      Vis mindre<\/p>\n","protected":false},"excerpt":{"rendered":"Tidligere Trump-tilhenger:\u00a0 Marjorie Taylor Greene frykter borgerkrig etter drapene i Minneapolis. N\u00e5 ber hun begge sider \u00abfjerne politiske&hellip;\n","protected":false},"author":2,"featured_media":149358,"comment_status":"","ping_status":"","sticky":false,"template":"","format":"standard","meta":{"footnotes":"","_share_on_mastodon":"0"},"categories":[5],"tags":[20,21,24,25,15,19,1242,2075,22,23,17,18,13,30,28,29,14,16,1149,15381,26,27,412],"class_list":["post-149357","post","type-post","status-publish","format-standard","has-post-thumbnail","category-overskrifter","tag-breaking-news","tag-breakingnews","tag-featured-news","tag-featurednews","tag-headlines","tag-hovedoppslag","tag-italia","tag-jordskred","tag-latest-news","tag-latestnews","tag-main-news","tag-mainnews","tag-news","tag-no","tag-norge","tag-norway","tag-nyheter","tag-overskrifter","tag-ras","tag-sicilia","tag-top-stories","tag-topstories","tag-utenriks"],"share_on_mastodon":{"url":"https:\/\/pubeurope.com\/@no\/115972048599511094","error":""},"_links":{"self":[{"href":"https:\/\/www.europesays.com\/no\/wp-json\/wp\/v2\/posts\/149357","targetHints":{"allow":["GET"]}}],"collection":[{"href":"https:\/\/www.europesays.com\/no\/wp-json\/wp\/v2\/posts"}],"about":[{"href":"https:\/\/www.europesays.com\/no\/wp-json\/wp\/v2\/types\/post"}],"author":[{"embeddable":true,"href":"https:\/\/www.europesays.com\/no\/wp-json\/wp\/v2\/users\/2"}],"replies":[{"embeddable":true,"href":"https:\/\/www.europesays.com\/no\/wp-json\/wp\/v2\/comments?post=149357"}],"version-history":[{"count":0,"href":"https:\/\/www.europesays.com\/no\/wp-json\/wp\/v2\/posts\/149357\/revisions"}],"wp:featuredmedia":[{"embeddable":true,"href":"https:\/\/www.europesays.com\/no\/wp-json\/wp\/v2\/media\/149358"}],"wp:attachment":[{"href":"https:\/\/www.europesays.com\/no\/wp-json\/wp\/v2\/media?parent=149357"}],"wp:term":[{"taxonomy":"category","embeddable":true,"href":"https:\/\/www.europesays.com\/no\/wp-json\/wp\/v2\/categories?post=149357"},{"taxonomy":"post_tag","embeddable":true,"href":"https:\/\/www.europesays.com\/no\/wp-json\/wp\/v2\/tags?post=149357"}],"curies":[{"name":"wp","href":"https:\/\/api.w.org\/{rel}","templated":true}]}}