{"id":149808,"date":"2026-01-28T18:34:41","date_gmt":"2026-01-28T18:34:41","guid":{"rendered":"https:\/\/www.europesays.com\/no\/149808\/"},"modified":"2026-01-28T18:34:41","modified_gmt":"2026-01-28T18:34:41","slug":"santino-mirenna-deler-hjerteskjaerende-nyheter-om-jordskred-i-niscemi-2","status":"publish","type":"post","link":"https:\/\/www.europesays.com\/no\/149808\/","title":{"rendered":"Santino Mirenna deler hjerteskj\u00e6rende nyheter om jordskred i Niscemi"},"content":{"rendered":"<p class=\"kicker \" style=\"\">Mark Rutte:<\/p>\n<p>    Det er langt fra alle europeiske politikere som er forn\u00f8yd med Nato-sjef Mark Ruttes Trump-strategi.<\/p>\n<p>\n    SMISK: Mark Rutte har strukket seg for langt for \u00e5 holde Donakld Trump i Nato-folden, mener flere europeiske politikere. Foto: Alex Brandon \/ Ap \/ NTB\n  <\/p>\n<p>Da Mark Rutte tok over som Nato-sjef etter Jens Stoltenberg for snaue halvannet \u00e5r siden, visste han at det var en krevende jobb som sto foran ham.\u00a0<\/p>\n<p>At han m\u00e5tte forholde seg til trusler fra et Nato-land til et annet, var neppe noe han s\u00e5 for seg. Ruttes viktigste m\u00e5l som generalsekret\u00e6r i Nato har v\u00e6rt \u00e5 holde alliansen sammen.<\/p>\n<p>Donald Trumps trusler og uttalelser om at han vil ta over Gr\u00f8nland, var sv\u00e6rt krevende for alliansen. Han truet ogs\u00e5 \u00e5tte europeiske land, herunder Norge, med straffetoll etter at de sendte Nato-styrker forrige uke. Senere gikk han tilbake p\u00e5 truslene.<\/p>\n<p class=\"font-weight-bold m-font-weight-bold\" data-lab-font_weight=\"font-weight-bold\">Etter sin mye omdiskuterte tale til Verdens \u00f8konomiske forum i Davos forrige uke, s\u00e5 Trump ut til \u00e5 g\u00e5 tilbake p\u00e5 sitt uttalte m\u00e5l om at USA skal \u00abeie\u00bb Gr\u00f8nland.\u00a0<\/p>\n<p>Trump m\u00f8tte Rutte i Davos, og etter m\u00f8tet virket det som om Trump roet ned sin Gr\u00f8nland-retorikk.<\/p>\n<p>    <a itemprop=\"url\" href=\"https:\/\/www.dagbladet.no\/nyheter\/usa-melding-fortsett-a-dromme\/84147873\" rel=\"nofollow noopener\" target=\"_blank\"><\/p>\n<p>        <img loading=\"lazy\" decoding=\"async\" src=\"https:\/\/www.europesays.com\/no\/wp-content\/uploads\/2026\/01\/1769625280_704_84147918.webp.webp\" width=\"980\" height=\"441\" title=\"USA-melding: - Fortsett \u00e5 dr\u00f8mme\" alt=\"\" class=\"lazyload\" style=\"--aspect-ratio-image: 2.22; \"\/><\/p>\n<p>        USA-melding: &#8211; Fortsett \u00e5 dr\u00f8mme<\/p>\n<p>    <\/a><\/p>\n<p>&#8211; Skammelig \u00f8yeblikk  <\/p>\n<p>Likevel er det langt fra alle i Europa som er forn\u00f8yd med Rutte, noe som kom klart til uttrykk i Europaparlamentet p\u00e5 mandag. Der forsvarte Rutte <a href=\"https:\/\/www.dagbladet.no\/nyheter\/usa-melding-fortsett-a-dromme\/84147873\" rel=\"nofollow noopener\" target=\"_blank\">USAs posisjon i Nato.<\/a><\/p>\n<p class=\"font-weight-bold m-font-weight-bold\" data-lab-font_weight=\"font-weight-bold\">&#8211; Hvis noen her tror at EU eller Europa som helhet kan forsvare seg uten USA, kan de bare fortsette \u00e5 dr\u00f8mme. Det kan dere ikke, sa Rutte.<\/p>\n<p>Den kommentaren falt ikke i god jord, spesielt ikke i Frankrike.<\/p>\n<p>\u00abNei, kj\u00e6re Mark Rutte. Europeere kan og m\u00e5 ta kontroll over sin egen sikkerhet. Dette er den europeiske pilaren i Nato\u00bb, skrev Frankrikes utenriksminister Jean-No\u00ebl Bardot p\u00e5 <a href=\"https:\/\/x.com\/jnbarrot\/status\/2015911347930681684?s=20\" rel=\"nofollow\">X.<\/a><\/p>\n<p>Enda lenger gikk Frankrikes tidligere Europa-minister, Nathalie Loiseau, som sitter i Europeparlamentet.<\/p>\n<p class=\"font-weight-bold m-font-weight-bold\" data-lab-font_weight=\"font-weight-bold\">\u00abDet var et skammelig \u00f8yeblikk. Vi trenger ikke en Trump-fanatiker. Nato m\u00e5 gjennopprette balansen mellom amerikansk og europeiske bidrag\u00bb, skriver Loiseau p\u00e5 <a href=\"https:\/\/x.com\/NathalieLoiseau\/status\/2016032724343980191?s=20\" rel=\"nofollow\">X.<\/a><\/p>\n<p>Nacho Sanchez Amor, en sosialistisk EU-parlamentariker fra Spania, var enda mer direkte i en opphetet meningsutveksling med Rutte.<\/p>\n<p>&#8211; Er du USAs ambassad\u00f8r til Nato, eller generalsekret\u00e6ren som representerer alliansen og dens medlemmer, spurte Amor.<\/p>\n<p>    <a itemprop=\"url\" href=\"https:\/\/www.dagbladet.no\/nyheter\/svaret-fungerte\/84154845\" rel=\"nofollow noopener\" target=\"_blank\"><\/p>\n<p>        <img loading=\"lazy\" decoding=\"async\" src=\"https:\/\/www.europesays.com\/no\/wp-content\/uploads\/2026\/01\/1769625280_439_84154860.webp.webp\" width=\"980\" height=\"441\" title=\"Svaret fungerte\" alt=\"\" class=\"lazyload\" style=\"--aspect-ratio-image: 2.22; \"\/><\/p>\n<p>        Svaret fungerte<\/p>\n<p>    <\/a><\/p>\n<p>Konflikt har gjort \u00abstor skade\u00bb<\/p>\n<p>Ruttes viktigste m\u00e5l som generalsekret\u00e6r er \u00e5 holde alliansen samlet, med andre ord: S\u00f8rge for \u00e5 forhindre at USA under Donald Trump ikke vender Europa ryggen.<\/p>\n<p><a href=\"https:\/\/www.politico.eu\/article\/mark-rutte-donald-trump-flattery-nato\/\" rel=\"nofollow noopener\" target=\"_blank\">Politico<\/a> har snakket med mer enn ett dusin Nato-insidere, diplomater og tidligere Rutte-medarbeidere.\u00a0<\/p>\n<p>De beskriver Rutte som en som er god til \u00e5 h\u00e5ndtere kriser. Gr\u00f8nland-krisen trekkes fram som eksempel, der den n\u00e5 har kommet inn i et mer diplomatisk spor etter en dramatisk uke med stadige Trump-trusler.<\/p>\n<p class=\"font-weight-bold m-font-weight-bold\" data-lab-font_weight=\"font-weight-bold\">P\u00e5 tross av at situasjonen n\u00e5 er langt roligere, mener en Nato-diplomat at konflikten gjorde \u00abstor skade\u00bb. Han legger til at Ruttes tiln\u00e6rming er \u00abet plaster p\u00e5 s\u00e5ret\u00bb som har \u00abfremmedgjort allierte\u00bb.<\/p>\n<p>&#8211; Vi er en allianse p\u00e5 32 land &#8211; ikke en USA-pluss-31-klubb, sier diplomaten.<\/p>\n<p>    <a itemprop=\"url\" href=\"https:\/\/www.dagbladet.no\/nyheter\/for-tidlig-a-avskrive-nato-1\/84157051\" rel=\"nofollow noopener\" target=\"_blank\"><\/p>\n<p>        <img loading=\"lazy\" decoding=\"async\" src=\"https:\/\/www.europesays.com\/no\/wp-content\/uploads\/2026\/01\/1769625281_123_84157062.webp.webp\" width=\"980\" height=\"441\" title=\"- For tidlig \u00e5 avskrive Nato\" alt=\"\" class=\"lazyload\" style=\"--aspect-ratio-image: 2.22; \"\/><\/p>\n<p>        &#8211; For tidlig \u00e5 avskrive Nato<\/p>\n<p>    <\/a><\/p>\n<p>Stoltenberg vil ikke \u00abavskrive Nato\u00bb  <\/p>\n<p>At Rutte har v\u00e6rt bekymret for Natos fremtid er alt annet enn ubegrunnet. Tidligere i januar uttalte Danmarks statsminister Mette Frederiksen at hvis USA velger \u00e5 angripe et annet Nato-land milit\u00e6rt s\u00e5 \u00abopph\u00f8rer alt, inkludert v\u00e5rt Nato og sikkerheten som er bygget opp siden slutten av andre verdenskrig\u00bb.<\/p>\n<p>Onsdag uttalte Frederiksen at de pr\u00f8ver \u00e5 finne ut av situasjonen sammen med USA, og at \u00abvi deler bekymringer om sikkerheten i Arktis\u00bb.<\/p>\n<p>Norges finansminister, og tidligere Nato-sjef, Jens Stoltenberg <a href=\"https:\/\/www.dagbladet.no\/nyheter\/for-tidlig-a-avskrive-nato-1\/84157051\" rel=\"nofollow noopener\" target=\"_blank\">sa til Dagbladet onsdag<\/a> at han mener \u00abdet er for tidlig \u00e5 avskrive Nato\u00bb.<\/p>\n<p class=\"font-weight-bold m-font-weight-bold\" data-lab-font_weight=\"font-weight-bold\">&#8211; Det er riktig at Nato opplever st\u00f8rre utfordringer og mer usikkerhet enn p\u00e5 mange \u00e5r, men det er fortsatt en viktig allianse. Vi er s\u00e5 mye sterkere n\u00e5r vi er b\u00e5de Nord-Amerika og Europa sammen enn Europa alene, sl\u00e5r Stoltenberg fast.\u00a0<\/p>\n","protected":false},"excerpt":{"rendered":"Mark Rutte: Det er langt fra alle europeiske politikere som er forn\u00f8yd med Nato-sjef Mark Ruttes Trump-strategi. SMISK:&hellip;\n","protected":false},"author":2,"featured_media":149809,"comment_status":"","ping_status":"","sticky":false,"template":"","format":"standard","meta":{"footnotes":"","_share_on_mastodon":"0"},"categories":[12],"tags":[20,21,24,25,15,2075,479,22,23,13,30,28,29,14,16,8977,26,27,42,43,44,45],"class_list":["post-149808","post","type-post","status-publish","format-standard","has-post-thumbnail","category-verden","tag-breaking-news","tag-breakingnews","tag-featured-news","tag-featurednews","tag-headlines","tag-jordskred","tag-kjendis","tag-latest-news","tag-latestnews","tag-news","tag-no","tag-norge","tag-norway","tag-nyheter","tag-overskrifter","tag-santino-mirenna","tag-top-stories","tag-topstories","tag-verden","tag-world","tag-world-news","tag-worldnews"],"share_on_mastodon":{"url":"https:\/\/pubeurope.com\/@no\/115974167823548971","error":""},"_links":{"self":[{"href":"https:\/\/www.europesays.com\/no\/wp-json\/wp\/v2\/posts\/149808","targetHints":{"allow":["GET"]}}],"collection":[{"href":"https:\/\/www.europesays.com\/no\/wp-json\/wp\/v2\/posts"}],"about":[{"href":"https:\/\/www.europesays.com\/no\/wp-json\/wp\/v2\/types\/post"}],"author":[{"embeddable":true,"href":"https:\/\/www.europesays.com\/no\/wp-json\/wp\/v2\/users\/2"}],"replies":[{"embeddable":true,"href":"https:\/\/www.europesays.com\/no\/wp-json\/wp\/v2\/comments?post=149808"}],"version-history":[{"count":0,"href":"https:\/\/www.europesays.com\/no\/wp-json\/wp\/v2\/posts\/149808\/revisions"}],"wp:featuredmedia":[{"embeddable":true,"href":"https:\/\/www.europesays.com\/no\/wp-json\/wp\/v2\/media\/149809"}],"wp:attachment":[{"href":"https:\/\/www.europesays.com\/no\/wp-json\/wp\/v2\/media?parent=149808"}],"wp:term":[{"taxonomy":"category","embeddable":true,"href":"https:\/\/www.europesays.com\/no\/wp-json\/wp\/v2\/categories?post=149808"},{"taxonomy":"post_tag","embeddable":true,"href":"https:\/\/www.europesays.com\/no\/wp-json\/wp\/v2\/tags?post=149808"}],"curies":[{"name":"wp","href":"https:\/\/api.w.org\/{rel}","templated":true}]}}