{"id":14983,"date":"2025-08-22T09:31:57","date_gmt":"2025-08-22T09:31:57","guid":{"rendered":"https:\/\/www.europesays.com\/no\/14983\/"},"modified":"2025-08-22T09:31:57","modified_gmt":"2025-08-22T09:31:57","slug":"eple-epler-spiser-mest-epler","status":"publish","type":"post","link":"https:\/\/www.europesays.com\/no\/14983\/","title":{"rendered":"Eple, Epler | Spiser mest epler:"},"content":{"rendered":"\n<p>\u2013 At tr\u00f8nderske kvinner over 50 spiser mest epler, m\u00e5 vel v\u00e6re fordi de er kloke folk, da, sier tr\u00f8nder og Sp-topp Marit Arnstad (63) n\u00e5r Nationen tar kontakt og ber om en eplekjekk kommentar til funnene i en ny unders\u00f8kelse fra Bama.<\/p>\n<p>2025 ser ut til \u00e5 bli et rekord\u00e5r for norsk epleproduksjon. Etter en v\u00e5r med perfekte vekstforhold og en sommer med mye sol, varsler fruktgrossisten at epleh\u00f8sten kan bli historisk god.<\/p>\n<p>Samtidig med gladmeldingen presenterer Bama en unders\u00f8kelse over hvem som spiser mest epler her i landet.<\/p>\n<p>  <a href=\"https:\/\/www.nationen.no\/5-148-766571\" class=\"related-teaser has-image default-story-teaser article--c-eRUmMG article--c-eRUmMG-jKCPdD-design-default\" rel=\"nofollow noopener\" target=\"_blank\"><\/p>\n<p>    <img decoding=\"async\" loading=\"lazy\"  src=\"https:\/\/www.europesays.com\/no\/wp-content\/uploads\/2025\/08\/6S_YXw3z82I.jfif\" alt=\"\" class=\"brick-c-cFOWSL\" style=\"\"\/><\/p>\n<p>\n            Les ogs\u00e5<\/p>\n<p>              Rekord-\u00e5r for epler\n        <\/p>\n<p>  <\/a><br \/>\n  Store forskjeller <\/p>\n<p>\u2013 Det er faktisk tydelige forskjeller p\u00e5 bosted, alder og kj\u00f8nn n\u00e5r det kommer til eplekonsum, sier Sigrun H\u00f8vik, leder for analyse og innsikt i Bama, i en pressemelding.<\/p>\n<p>Ved hjelp av Opinion har hun gjennomf\u00f8rt en stor unders\u00f8kelse som tar for seg nordmenns forhold til blant annet epler. Der svarte 2000 nordmenn p\u00e5 sp\u00f8rsm\u00e5l om sitt forhold til frukten.<\/p>\n<p>\u2013 De ivrigste eplespiserne finner vi i Tr\u00f8ndelag. Der opplyser hele 16 prosent at de spiser epler hver eneste dag. Det gj\u00f8r tr\u00f8nderne til de ivrigste eplespiserne i hele landet.<\/p>\n<p>I den andre enden av skalaen finner vi Oslo-borgerne og nordlendinger. Blant dem sier bare 8 prosent at de spiser eple daglig. Det er lavest i landet.<\/p>\n<p>\u2013 Aldersmessig er det de over 50 \u00e5r som spiser mest epler, og de over 66 er de aller ivrigste, sier H\u00f8vik.<\/p>\n<p>            Funn i epleunders\u00f8kelsen<\/p>\n<p>Vestlandet topper ofte-spisingen: 44 prosent spiser epler ofte (10 prosent daglig + 34 prosent flere ganger i uken). Det er h\u00f8yest av alle landsdeler.<\/p>\n<p>Midt-Norge har flest epleelskere: Tr\u00f8nderne har flest daglige spisere i landet (16 prosent).<\/p>\n<p>Eldre spiser mest: I gruppen 66 \u00e5r+ spiser hele 57 prosent epler ofte (16 prosent daglig + 41 prosent flere ganger ukentlig).<\/p>\n<p>S\u00f8rlandet, Vestfold og Telemark: 0 prosent oppgir at de aldri spiser epler. Det gj\u00f8r dem til de eneste delene av landet hvor alle spiser epler p\u00e5 ett eller annet niv\u00e5.<\/p>\n<p>\u2013 Damer spiser ogs\u00e5 mer epler enn menn. 15 prosent av kvinner spiser hver dag, mens kun 7 prosent av menn sier det samme.<\/p>\n<p>\u2013 Kan man da si at tr\u00f8nderdamer over 50 er de ivrigste eplespiserne?<\/p>\n<p>\u2013 N\u00e5r man sl\u00e5r sammen alle faktorene, blir basen kanskje litt liten til \u00e5 kunne sl\u00e5 det helt fast, men det stemmer at damer har h\u00f8yere frekvens enn menn, at de eldste spiser mer enn yngre, og at Midt-Norge ligger h\u00f8yest av landsdelene p\u00e5 daglig inntak, sier H\u00f8vik.<\/p>\n<p>   <img decoding=\"async\" width=\"5712\" height=\"4284\" fetchpriority=\"low\"  loading=\"lazy\"  src=\"https:\/\/www.europesays.com\/no\/wp-content\/uploads\/2025\/08\/8d21edcf-0dc7-4f80-823d-ab9bb9d26b30.jpg\" alt=\"Produsentbes\u00f8k hos Grethe Sylling i Lier.\" class=\"brick-c-cFOWSL\" style=\"--brick-image-ratio: 5712 \/ 4284;\"\/><\/p>\n<p>    Et h\u00f8steklart discovery-eple. I \u00e5r kan vi fr\u00e5tse.<br \/>\n    Foto: Bama\n  <\/p>\n<p>  Arnstad: \u2013 Litt h\u00f8ytid<\/p>\n<p>Marit Arnstad bekrefter at hun spiser epler ofte.<\/p>\n<p>\u2013 Men helst n\u00e5r de norske eplene er i sesong.<\/p>\n<p>\u2013 Da jeg vokste opp hadde vi en eplehage med de gamle sortene gravenstein og \u00e5ker\u00f8. \u00c5ker\u00f8-eplene ble h\u00f8stet med stor forsiktighet og lagret til bruk senere p\u00e5 h\u00f8sten. Jeg har alltid likt dem, det er litt h\u00f8ytid over \u00e5 spise et perfekt \u00e5ker\u00f8-eple, forteller Senterpartiets parlamentariske leder som tr\u00e5dte sine barnesko p\u00e5 slektsg\u00e5rden Skatval i Stj\u00f8rdal kommune i Tr\u00f8ndelag.<\/p>\n<p>Hun legger til at hun ogs\u00e5 liker flere av de nye sortene, som discovery og summerred.<\/p>\n<p>\u2013 Tror du p\u00e5 det gamle ordtaket som sier at et eple om dagen holder doktoren borte?<\/p>\n<p>\u2013 Ja, noe er det nok i det gamle ordtaket. Holder kolestrolet nede og sunt for kropp og sjel enten det er eplet i seg selv, eller en herlig eplekake.<\/p>\n<p>Spiser ikke frukt<\/p>\n<p>   <img decoding=\"async\" width=\"4001\" height=\"5998\" fetchpriority=\"low\"  loading=\"lazy\"  src=\"https:\/\/www.europesays.com\/no\/wp-content\/uploads\/2025\/08\/NTB_314TMi_RutQ.jpg\" alt=\"Bergen, Norway 20250820. &#10;Anne B. Ragde var til stede under TV 2s presentasjonen av h\u00f8stens tv-programmer i Grieghallen.&#10;Foto: Paul S. Amundsen \/ NTB\" class=\"brick-c-cFOWSL\" style=\"--brick-image-ratio: 4001 \/ 5998;\"\/><\/p>\n<p>    Anne B. Ragde spiser ikke frukt.<br \/>\n    Foto: Paul S. Amundsen \/ NTB\n  <\/p>\n<p>Nationen tar kontakt med en annen profilert tr\u00f8nderdame, i sin beste alder, for \u00e5 h\u00f8re om hun kjenner seg igjen i unders\u00f8kelsen, nemlig forfatter Anne B. Ragde (67) i Trondheim.<\/p>\n<p>Men her har eplet falt langt fra stammen.<\/p>\n<p>\u2013 Hvor ofte spiser du epler?<\/p>\n<p>\u2013 Jeg spiser ikke frukt.<\/p>\n<p>\u2013 N\u00e5 m\u00e5 vi bite i det sure eplet. Kan du utdype overfor Nationens lesere?<\/p>\n<p>\u2013 T\u00e5ler ikke syren, f\u00e5r hodepine!!! Bare gr\u00f8nnsaker her i g\u00e5rden, svarer forfatteren.<\/p>\n<p>For de som elsker norske epler, ligger det an til \u00e5 bli en fantastisk h\u00f8st, if\u00f8lge produktsjef Sivert Gl\u00e6rum i Bama.<\/p>\n<p>\u2013 Vi forventer \u00e5 selge nesten 7000 tonn under \u00e5rets sesong. Det er en kraftig \u00f8kning fra i fjor. Om alt som er planlagt blir levert, vil det etter alt \u00e5 d\u00f8mme bli en ny norsk eplerekord.<\/p>\n<p>\u2013 Vi regner med \u00e5 ha norske epler ut desember, og norske lagringsepler frem til slutten av februar, sier Gl\u00e6rum.<\/p>\n","protected":false},"excerpt":{"rendered":"\u2013 At tr\u00f8nderske kvinner over 50 spiser mest epler, m\u00e5 vel v\u00e6re fordi de er kloke folk, da,&hellip;\n","protected":false},"author":2,"featured_media":14984,"comment_status":"","ping_status":"","sticky":false,"template":"","format":"standard","meta":{"footnotes":""},"categories":[10],"tags":[2857,36,2613,20,21,2852,2853,24,25,2854,15,22,23,2856,13,30,28,2855,29,14,16,1510,26,27],"class_list":{"0":"post-14983","1":"post","2":"type-post","3":"status-publish","4":"format-standard","5":"has-post-thumbnail","7":"category-norge","8":"tag-anne-b-ragde","9":"tag-art","10":"tag-bama","11":"tag-breaking-news","12":"tag-breakingnews","13":"tag-eple","14":"tag-epler","15":"tag-featured-news","16":"tag-featurednews","17":"tag-frukt","18":"tag-headlines","19":"tag-latest-news","20":"tag-latestnews","21":"tag-marit-arnstad","22":"tag-news","23":"tag-no","24":"tag-norge","25":"tag-norsk-mat","26":"tag-norway","27":"tag-nyheter","28":"tag-overskrifter","29":"tag-story","30":"tag-top-stories","31":"tag-topstories"},"share_on_mastodon":{"url":"","error":""},"_links":{"self":[{"href":"https:\/\/www.europesays.com\/no\/wp-json\/wp\/v2\/posts\/14983","targetHints":{"allow":["GET"]}}],"collection":[{"href":"https:\/\/www.europesays.com\/no\/wp-json\/wp\/v2\/posts"}],"about":[{"href":"https:\/\/www.europesays.com\/no\/wp-json\/wp\/v2\/types\/post"}],"author":[{"embeddable":true,"href":"https:\/\/www.europesays.com\/no\/wp-json\/wp\/v2\/users\/2"}],"replies":[{"embeddable":true,"href":"https:\/\/www.europesays.com\/no\/wp-json\/wp\/v2\/comments?post=14983"}],"version-history":[{"count":0,"href":"https:\/\/www.europesays.com\/no\/wp-json\/wp\/v2\/posts\/14983\/revisions"}],"wp:featuredmedia":[{"embeddable":true,"href":"https:\/\/www.europesays.com\/no\/wp-json\/wp\/v2\/media\/14984"}],"wp:attachment":[{"href":"https:\/\/www.europesays.com\/no\/wp-json\/wp\/v2\/media?parent=14983"}],"wp:term":[{"taxonomy":"category","embeddable":true,"href":"https:\/\/www.europesays.com\/no\/wp-json\/wp\/v2\/categories?post=14983"},{"taxonomy":"post_tag","embeddable":true,"href":"https:\/\/www.europesays.com\/no\/wp-json\/wp\/v2\/tags?post=14983"}],"curies":[{"name":"wp","href":"https:\/\/api.w.org\/{rel}","templated":true}]}}