{"id":150073,"date":"2026-01-29T04:31:09","date_gmt":"2026-01-29T04:31:09","guid":{"rendered":"https:\/\/www.europesays.com\/no\/150073\/"},"modified":"2026-01-29T04:31:09","modified_gmt":"2026-01-29T04:31:09","slug":"bodo-glimt-atletico-madrid-bodo-glimt-videre-etter-historisk-champions-league-bragd","status":"publish","type":"post","link":"https:\/\/www.europesays.com\/no\/150073\/","title":{"rendered":"Bod\u00f8 Glimt, Atletico Madrid | Bod\u00f8\/Glimt videre etter historisk Champions League-bragd"},"content":{"rendered":"\n<p><b><a rel=\"Follow nofollow noopener\" href=\"https:\/\/live.nettavisen.no\/fotball\/1\/2026-01-28\/kamp\/2701132\" target=\"_blank\">ATL\u00c9TICO MADRID \u2013 BOD\u00d8\/GLIMT 1-2:<\/a><\/b><\/p>\n<p>\u2013 Skulle gjerne skrevet \u00abtror ikke det jeg ser\u00bb om Glimt. Men jeg tror det \u2013 fordi de rett og slett er spinnvilt gode, skriver Viaplay-ekspert Lars Tj\u00e6rn\u00e5s p\u00e5 <a rel=\"Follow nofollow\" href=\"https:\/\/x.com\/Tjaernas\/status\/2016623086573904262?s=20\">X.<\/a><\/p>\n<p>\u2013 Det er vanskelig \u00e5 beskrive hvor stort dette her er, sier TV 2-kommentator Simen Stams\u00f8 M\u00f8ller.<\/p>\n<p>Glimt-trener Kjetil Knutsen var ogs\u00e5 i full eufori etter triumfen.<\/p>\n<p>\u2013 Dette er r\u00e5tt, men vi hadde en plan som alle trodde p\u00e5. Alt er mulig, men for en innsats, sier Glimt-trener Kjetil Knutsen til TV 2.<\/p>\n<p>\u2013 F\u00f8lelsene er enorme, jeg er s\u00e5 ufattelig stolt, fortsetter han.<\/p>\n<p>M\u00e5lscorer Fredrik Sj\u00f8vold var p\u00e5 sin side tom for ord etter seieren:<\/p>\n<p>\u2013 Det er s\u00e5 sykt, jeg klarer nesten ikke \u00e5 beskrive det, sier han til TV 2.<\/p>\n<p>Videre i Champions League<\/p>\n<p>Etter seieren endte gultr\u00f8yene som nummer 23 p\u00e5 tabellen, noe som gj\u00f8r at de er videre til omspillet, som lagene mellom 9. og 24.-plass g\u00e5r inn i.<\/p>\n<p>\u2013 \u00c5 vinne her og g\u00e5 videre i Champions League er helt sinnssykt, sier Ronny Deila p\u00e5 TV 2.<\/p>\n<p>\u2013 Eventyrlige Bod\u00f8 Glimt! Vinner i Madrid og er videre i Champions League! Fotball-Norge bukker og heier, for et lag! istemmer Jonas Gahr St\u00f8re p\u00e5 <a href=\"https:\/\/x.com\/jonasgahrstore\/status\/2016632181091717157?s=20\" rel=\"Follow nofollow\">X.<\/a><\/p>\n<p>N\u00e5 venter enten Real Madrid eller Inter i neste runde.<\/p>\n<p>\u2013 Vi m\u00e5 smake litt p\u00e5 den. At vi klarte \u00e5 g\u00e5 videre er en gavepakke. Det er helt sykt! sier Knutsen.<\/p>\n<p>Triumfen er Glimts andre store skalp p\u00e5 rad. I deres siste CL-oppgj\u00f8r sjokkerte de Erling Braut Haaland og resten av Manchester City da de vant 3-1 i Bod\u00f8<\/p>\n<p><b>Les ogs\u00e5: <a href=\"https:\/\/www.nettavisen.no\/sport\/nye-kjetil-knutsen-rykter-trekkes-fram-i-tyskland\/s\/5-95-2848240\" rel=\"Follow nofollow noopener\" target=\"_blank\">Nye Kjetil Knutsen-rykter: Trekkes fram i Tyskland<\/a><\/b><\/p>\n<p>S\u00f8rloth-m\u00e5l<\/p>\n<p>Glimt fikk imidlertid en t\u00f8ff start p\u00e5 kampen.<\/p>\n<p>Etter en fryktelig heading, gjorde Alexander S\u00f8rloth raskt opp for seg da han sendte den spanske hovedstadsklubben i ledelsen etter et kvarter.<\/p>\n<p>\u2013 S\u00f8rloth-spesial! Han knuser Jostein Gundersen i den duellen. en maktdemonstrasjon, utbryter Stams\u00f8 M\u00f8ller.<\/p>\n<p>\u2013 S\u00f8rloth er ikke langt topp 5 Europas beste avsluttere i lufta. Har hele pakka. Timing, spenst, t\u00f8ffhet, posisjonering, teknikk til \u00e5 styre ned i hj\u00f8rner, skriver Tj\u00e6rn\u00e5s p\u00e5 <a rel=\"Follow nofollow\" href=\"https:\/\/x.com\/Tjaernas\/status\/2016607028358066448?s=20\">X.<\/a><\/p>\n<p>En dr\u00f8y halvtime inn i kampen sjokkerte Glimt da Fredrik Sj\u00f8vold utlignet for gjestene.<\/p>\n<p>\u2013 Det er fantastisk deilig! For fem \u00e5r siden spilte han p\u00e5 niv\u00e5 fire, n\u00e5 er han m\u00e5lscorer i Madrid, sier \u00d8yvind Alsaker.<\/p>\n<p>Kjetil Knutsens menn ga seg ikke med det, og med 31 minutter igjen p\u00e5 klokken fullf\u00f8rte Kasper H\u00f8gh snuoperasjonen for gultr\u00f8yene.<\/p>\n<p>\u2013 Hold no keft for en danske, utbryter Alsaker.<\/p>\n<p>    Vil du se neste video?<\/p>\n<p>    <a href=\"https:\/\/www.nettavisen.no\/nyheter\/britisk-turist-arrestert-etter-sex-kjop-pa-strand-i-pattaya-i-thailand\/v\/5-95-2842119\" class=\"recommend-poster\" data-adp-clicklabel=\"video-recommend\" data-adp-clickvalue=\"poster\" rel=\"nofollow noopener\" target=\"_blank\"><br \/>\n      <img decoding=\"async\" width=\"200\" height=\"200\" loading=\"lazy\" src=\"https:\/\/www.europesays.com\/no\/wp-content\/uploads\/2026\/01\/Pattaya+til+cue.jpg\" alt=\"\" class=\"brick-c-cFOWSL\" style=\"--brick-image-ratio: 200 \/ 200;\"\/><\/p>\n<p>23-\u00e5ring tatt p\u00e5 fersken med bestemor0:51<\/p>\n<p>    <\/a><\/p>\n<p><b>Les ogs\u00e5: <a rel=\"Follow nofollow noopener\" href=\"https:\/\/www.nettavisen.no\/sport\/bodo-glimt-fans-i-ekstrem-tidsnod\/s\/5-95-2850307\" target=\"_blank\">Bod\u00f8\/Glimt-fans i ekstrem tidsn\u00f8d: Tre timer forsinket<\/a><\/b><\/p>\n<p>Glimt-drama f\u00f8r start<\/p>\n<p>F\u00f8r kampstart var det drama for en rekke Glimt-supportere som satt fast i Oslo p\u00e5 et fly som var nesten tre timer forsinket.<\/p>\n<p>P\u00e5 plass p\u00e5 flyet satt ogs\u00e5 Nettavisens sjefredakt\u00f8r, Gunnar Stavrum, som meldte om en stresset stemning blant reisende Bod\u00f8\/Glimt-fans.<\/p>\n<p>\u2013 Historiens tregeste boarding. Sjekk av hver passasjer. Enn\u00e5 ikke av bakken. Flyet beregnet til 3.50 timer, betyr landing ti min f\u00f8r kampstart. Tr\u00f8st: Veldig n\u00e6rt stadion, sa Stavrum.<\/p>\n<p>Flyet landet til slutt sju minutter inn i f\u00f8rste omgang, noe som gjorde at supporterne gikk glipp av store deler av kampen.<\/p>\n<p>  <a data-static=\"\" href=\"#skip-\" class=\"brick-c-fgNmNC\">Hopp over karusellen.<\/a><\/p>\n<p data-static=\"\" class=\"brick-c-fgNmNC\" id=\"carousel-title-\">Innholdskarusell med 20 artikler.<\/p>\n<ul data-static=\"\" aria-label=\"Navigasjon for innholdskarusell\" class=\"carousel-nav\">\n<li>\n<\/li>\n<li>\n<\/li>\n<\/ul>\n","protected":false},"excerpt":{"rendered":"ATL\u00c9TICO MADRID \u2013 BOD\u00d8\/GLIMT 1-2: \u2013 Skulle gjerne skrevet \u00abtror ikke det jeg ser\u00bb om Glimt. Men jeg&hellip;\n","protected":false},"author":2,"featured_media":150074,"comment_status":"","ping_status":"","sticky":false,"template":"","format":"standard","meta":{"footnotes":""},"categories":[59],"tags":[30,28,29,83,82],"class_list":{"0":"post-150073","1":"post","2":"type-post","3":"status-publish","4":"format-standard","5":"has-post-thumbnail","7":"category-sport","8":"tag-no","9":"tag-norge","10":"tag-norway","11":"tag-sport","12":"tag-sports"},"share_on_mastodon":{"url":"https:\/\/pubeurope.com\/@no\/115976515249059591","error":""},"_links":{"self":[{"href":"https:\/\/www.europesays.com\/no\/wp-json\/wp\/v2\/posts\/150073","targetHints":{"allow":["GET"]}}],"collection":[{"href":"https:\/\/www.europesays.com\/no\/wp-json\/wp\/v2\/posts"}],"about":[{"href":"https:\/\/www.europesays.com\/no\/wp-json\/wp\/v2\/types\/post"}],"author":[{"embeddable":true,"href":"https:\/\/www.europesays.com\/no\/wp-json\/wp\/v2\/users\/2"}],"replies":[{"embeddable":true,"href":"https:\/\/www.europesays.com\/no\/wp-json\/wp\/v2\/comments?post=150073"}],"version-history":[{"count":0,"href":"https:\/\/www.europesays.com\/no\/wp-json\/wp\/v2\/posts\/150073\/revisions"}],"wp:featuredmedia":[{"embeddable":true,"href":"https:\/\/www.europesays.com\/no\/wp-json\/wp\/v2\/media\/150074"}],"wp:attachment":[{"href":"https:\/\/www.europesays.com\/no\/wp-json\/wp\/v2\/media?parent=150073"}],"wp:term":[{"taxonomy":"category","embeddable":true,"href":"https:\/\/www.europesays.com\/no\/wp-json\/wp\/v2\/categories?post=150073"},{"taxonomy":"post_tag","embeddable":true,"href":"https:\/\/www.europesays.com\/no\/wp-json\/wp\/v2\/tags?post=150073"}],"curies":[{"name":"wp","href":"https:\/\/api.w.org\/{rel}","templated":true}]}}