{"id":150185,"date":"2026-01-29T07:50:17","date_gmt":"2026-01-29T07:50:17","guid":{"rendered":"https:\/\/www.europesays.com\/no\/150185\/"},"modified":"2026-01-29T07:50:17","modified_gmt":"2026-01-29T07:50:17","slug":"heroisk-glimt-bragd-i-madrid-2-1-seieren-over-atletico-madrid-ga-avansement-i-champions-league","status":"publish","type":"post","link":"https:\/\/www.europesays.com\/no\/150185\/","title":{"rendered":"Heroisk Glimt-bragd i Madrid \u2013 2-1-seie\u00adren over Atl\u00e9tico Madrid ga avan\u00adsement i Champions League"},"content":{"rendered":"<p>Seieren over Manchester City ble til nye tre poeng over Atl\u00e9tico Madrid, og med ni poeng totalt klatret Glimt inn blant de 24 beste i ligaspillet. Det betyr at de skal spille utslagskamp for \u00e5 fors\u00f8ke \u00e5 ta seg inn til en \u00e5ttedelsfinale.<\/p>\n<p>Fredrik Sj\u00f8vold og Kasper H\u00f8gh scoret m\u00e5lene som sendte Glimt videre. Fredag avgj\u00f8r trekningen om det blir 9.-plasserte Real Madrid eller 10.-plasserte Inter som st\u00e5r imot. F\u00f8rste kamp spilles midt under OL.<\/p>\n<p>\u2013 Dette er sykt, helt vilt. N\u00e5 venter to helt syke kamper om tre uker, og det er bare \u00e5 glede seg, sa Jens Petter Hauge til TV 2.<\/p>\n<p>\u2013 Det var en av de d\u00e5rligste kampene v\u00e5re, men innsatsen gj\u00f8r at vi g\u00e5r videre. Vi kriger for hverandre.<\/p>\n<p>San Siro-vibber<\/p>\n<p>Lagkaptein Patrick Berg n\u00f8lte ikke med \u00e5 rangere kampen.<\/p>\n<p>\u2013 Det er litt uvirkelig. Jeg f\u00e5r litt s\u00e5nne vibber fra San Siro med landslaget i fjor. S\u00e5 mange tilhengere har tatt turen. Dette er tidenes resultat for v\u00e5r del, sa han til TV 2.<\/p>\n<p>Trener Kjetil Knutsen var ogs\u00e5 glad.<\/p>\n<p>\u2013 Dette er r\u00e5tt. Vi hadde en plan, og alle trodde p\u00e5 det, sa han.<\/p>\n<p>Tapet gj\u00f8r at ogs\u00e5 Atl\u00e9tico Madrid m\u00e5 spille en utslagskamp. Det gjelder samtlige lag p\u00e5 plassene fra ni til 24 i ligaspillet. Kun de \u00e5tte beste g\u00e5r direkte til \u00e5ttedelsfinale.<\/p>\n<p>F\u00f8r kampen hadde Opta Analysts regnet seg fram til at det 11,8 prosents sjanse for at Bod\u00f8\/Glimt skulle avansere. Glimt var avhengig av \u00e5 vinne kampen for \u00e5 kunne ta seg til sluttspillet i Champions League. Samtidig m\u00e5tte ogs\u00e5 andre resultater g\u00e5 lagets vei for at de skulle komme seg inn blant de 24 lagene som skulle til sluttspillet.<\/p>\n<p>Det var akkurat det som skjedde. Glimt endte opp som lag nummer 23 og gikk videre p\u00e5 m\u00e5lforskjell blant lagene med ni poeng.<\/p>\n<p>Matchvinner<\/p>\n<p>Glimts matchvinner ble dansken Kasper H\u00f8gh 13 minutter inn i 2. omgang. De gule fikk til en kanonade av dimensjoner der den ene avslutningen etter den andre avl\u00f8ste hverandre, og p\u00e5 det som m\u00e5 ha v\u00e6rt den femte lyktes H\u00f8gh med \u00e5 f\u00e5 ballen over m\u00e5lstreken.<\/p>\n<p>\u2013 Den avslutningen vi f\u00e5r n\u00e5 blir helt ellevill, konstaterte TV 2s Simen Stams\u00f8 M\u00f8ller.<\/p>\n<p>Glimt var hissige fra start og hadde to fine muligheter f\u00f8r det var spilt fem minutter.<\/p>\n<p>Sondre Brunstad Fet fikk en god mulighet etter et typisk Glimt-angrep der ballen gikk fort mellom spillerne allerede etter dr\u00f8ye to minutters spill. Bare to minutter senere glapp det bakerst hos Atletico, og toppscorer H\u00f8gh b\u00e5de kunne og burde ha scoret, men avslutningen gikk over m\u00e5l fra kloss hold.<\/p>\n<p>Sakte, men sikkert koblet derimot hjemmelaget grepet i det som var en herlig 1. omgang med mye flott fotball.<\/p>\n<p>S\u00f8rloth-scoring<\/p>\n<p>Alexander S\u00f8rloth kunne ha scoret etter sju minutter, men headingen hans p\u00e5 det uts\u00f8kte innlegget til Julian Alverez p\u00e5 bakerste ble for svak. Ikke lenge etter hadde hjemmelaget en scoring inne, men selv ikke VAR kunne hindre at det ble d\u00f8mt offside.<\/p>\n<p>I det 15. minutt kunne ingen nekte Atl\u00e9tico Madrid scoringen. S\u00f8rloth knuste Glimts Jostein Gundersen i duellen inne i feltet, og Norges landslagsspiss headet sikkert i m\u00e5l mot klubben han spilte 26 kamper og scoret 13 m\u00e5l for i 2015.<\/p>\n<p>Atl\u00e9tico dundret p\u00e5 etter 1-0-scoringen og herjet delvis med Glimt. Men det var i motsatt ende at det smalt p\u00e5 Metropolitano. Sondre Brunstad Fet, H\u00e5kon Evjen og Fredrik Bj\u00f8rkan spilte seg fri p\u00e5 venstrekanten, og det var Bj\u00f8rkan som fikk sl\u00e5tt innlegget. Der var Fredrik Sj\u00f8vold den mest \u00e5rv\u00e5kne, og han bredsidet ballen i m\u00e5l bak Jan Oblak og klubben som ligger p\u00e5 3.-plass bak Barcelona og Real Madrid i La Liga.<\/p>\n<p>Pablo Barrios kom p\u00e5 et utall dype l\u00f8p i l\u00f8pet av kampen, og rett f\u00f8r pause kom han seg fri igjen f\u00f8r han knallet ballen i tverrliggeren. Der hadde Glimt flaks som slapp unna baklengs. Atl\u00e9tico Madrid hadde mange muligheter f\u00f8r pause, men effektiviteten var ikke p\u00e5 topp.<\/p>\n<p>Det straffet seg skikkelig da Glimt scoret igjen etter pause.<\/p>\n","protected":false},"excerpt":{"rendered":"Seieren over Manchester City ble til nye tre poeng over Atl\u00e9tico Madrid, og med ni poeng totalt klatret&hellip;\n","protected":false},"author":2,"featured_media":150186,"comment_status":"","ping_status":"","sticky":false,"template":"","format":"standard","meta":{"footnotes":""},"categories":[59],"tags":[967,30,28,29,83,82],"class_list":{"0":"post-150185","1":"post","2":"type-post","3":"status-publish","4":"format-standard","5":"has-post-thumbnail","7":"category-sport","8":"tag-artikler-fra-ntb","9":"tag-no","10":"tag-norge","11":"tag-norway","12":"tag-sport","13":"tag-sports"},"share_on_mastodon":{"url":"https:\/\/pubeurope.com\/@no\/115977297761540587","error":""},"_links":{"self":[{"href":"https:\/\/www.europesays.com\/no\/wp-json\/wp\/v2\/posts\/150185","targetHints":{"allow":["GET"]}}],"collection":[{"href":"https:\/\/www.europesays.com\/no\/wp-json\/wp\/v2\/posts"}],"about":[{"href":"https:\/\/www.europesays.com\/no\/wp-json\/wp\/v2\/types\/post"}],"author":[{"embeddable":true,"href":"https:\/\/www.europesays.com\/no\/wp-json\/wp\/v2\/users\/2"}],"replies":[{"embeddable":true,"href":"https:\/\/www.europesays.com\/no\/wp-json\/wp\/v2\/comments?post=150185"}],"version-history":[{"count":0,"href":"https:\/\/www.europesays.com\/no\/wp-json\/wp\/v2\/posts\/150185\/revisions"}],"wp:featuredmedia":[{"embeddable":true,"href":"https:\/\/www.europesays.com\/no\/wp-json\/wp\/v2\/media\/150186"}],"wp:attachment":[{"href":"https:\/\/www.europesays.com\/no\/wp-json\/wp\/v2\/media?parent=150185"}],"wp:term":[{"taxonomy":"category","embeddable":true,"href":"https:\/\/www.europesays.com\/no\/wp-json\/wp\/v2\/categories?post=150185"},{"taxonomy":"post_tag","embeddable":true,"href":"https:\/\/www.europesays.com\/no\/wp-json\/wp\/v2\/tags?post=150185"}],"curies":[{"name":"wp","href":"https:\/\/api.w.org\/{rel}","templated":true}]}}