{"id":150410,"date":"2026-01-29T12:22:09","date_gmt":"2026-01-29T12:22:09","guid":{"rendered":"https:\/\/www.europesays.com\/no\/150410\/"},"modified":"2026-01-29T12:22:09","modified_gmt":"2026-01-29T12:22:09","slug":"disse-personlige-bilskiltene-forbys-i-norge","status":"publish","type":"post","link":"https:\/\/www.europesays.com\/no\/150410\/","title":{"rendered":"Disse personlige bilskiltene forbys i Norge"},"content":{"rendered":"<p class=\"kicker text-red color_mobile_text-red\" style=\"\">Setter ned foten:<\/p>\n<p>    Mange nordmenn f\u00e5r nei p\u00e5 s\u00f8knaden om personlige bilskilt. Her er 1003 skilt p\u00e5 Statens vegvesens svarteliste.<\/p>\n<p>\n    IKKE FRITT FRAM: Personlige skilt gir bilen s\u00e6rpreg, men Statens vegvesen er n\u00f8ye n\u00e5r de vurderer hvilke tegnkombinasjoner som godtas og ikke. Foto: Steinar Andr\u00e9 Danielsen.\n  <\/p>\n<p>(Elbil24): &#8211; Vi vil ikke godkjenne tegnkombinasjoner<br \/>\nsom er nedsettende, groteske eller seksualiserte, sier Aleksander Bergli<br \/>\nEriksen i Statens vegvesen til Elbil24.<\/p>\n<p>I 2025 ga Statens vegvesen avslag p\u00e5 1496 s\u00f8knader om personlige bilskilt. Mange av avslagene skyldtes<br \/>\nat s\u00f8kere ikke betalte innen fristen eller trakk s\u00f8knaden, men hundrevis av slike<br \/>\ns\u00f8knader blir avvist fordi den \u00f8nskede tegnkombinasjonen er st\u00f8tende.<\/p>\n<p>&#8211; Den som<br \/>\ns\u00f8ker om personlig kjennemerke er ansvarlig for \u00e5 velge en tegnkombinasjon som<br \/>\netter alminnelig oppfatning ikke er st\u00f8tende, eller p\u00e5 annen m\u00e5te medf\u00f8rer<br \/>\nulempe for noen, forklarer Eriksen.<\/p>\n<p>    <a itemprop=\"url\" href=\"https:\/\/www.elbil24.no\/pro\/14-elbiler-i-kald-motorvei-test\/84129859\" rel=\"nofollow noopener\" target=\"_blank\"><\/p>\n<p>        <img loading=\"lazy\" decoding=\"async\" src=\"https:\/\/www.europesays.com\/no\/wp-content\/uploads\/2026\/01\/84131077.webp.webp\" width=\"980\" height=\"441\" title=\"14 elbiler i kald motorvei-test\" alt=\"\" class=\"lazyload\" style=\"--aspect-ratio-image: 2.22; \"\/><\/p>\n<p>        14 elbiler i kald motorvei-test<\/p>\n<p>    <\/a><\/p>\n<p>1003<br \/>\nulovlige bilskilt\t<\/p>\n<p>I tabellen under ser du<br \/>\nsamtlige tegnkombinasjoner som Statens vegvesen har merket som<br \/>\nst\u00f8tende. Det betyr at s\u00f8knaden din avvises om du \u00f8nsker et av skiltene i tabellen under.<\/p>\n<ul>\n<li class=\"lab-bodytext-line italic m-italic\" data-lab-italic=\"italic\">PS! Vi advarer mot st\u00f8tende spr\u00e5k og uakseptable ytringer i mange av eksemplene.<\/li>\n<\/ul>\n<p class=\"no_italic m-no_italic\" data-lab-italic=\"\">Da Elbil24 unders\u00f8kte personlige bilskilt i 2023, var det 751 tegnkombinasjoner som l\u00e5 i Statens vegvesens avslag-oversikt. I dag er tallet 1003. Nordmenn finner med andre ord stadig nye m\u00e5ter \u00e5 utfordre vegvesenet p\u00e5.<\/p>\n<p class=\"no_italic m-no_italic\" data-lab-italic=\"\">Hvis<br \/>\ndu blar deg videre i oversikten (du kan s\u00f8ke i s\u00f8kefeltet \u00f8verst) ser du at det<br \/>\ner veldig mange seksualiserte tegnkombinasjoner som g\u00e5r igjen. I tillegg sl\u00e5s<br \/>\ndet ned p\u00e5 politiske ytringer som \u00abSKYTULV\u00bb og \u00abNEI ULV\u00bb.<\/p>\n<p>Politiske<br \/>\nstikk<\/p>\n<p>N\u00e5r vi f\u00f8rst nevner politikk: \u00abMDG LOL,\u00bb \u00abFY MDG\u00bb og \u00abMDGT\u00d8YS\u00bb er<br \/>\nblant de 28 avviste tegnkombinasjonene som er myntet p\u00e5 Milj\u00f8partiet De<br \/>\nGr\u00f8nne. Ogs\u00e5 Arbeiderpartiet har fiender i bilskilt-verdenen: Tegnkombinasjonen<br \/>\n\u00abI H8 AP\u00bb er ikke tillatt.<\/p>\n<p>        <img loading=\"lazy\" decoding=\"async\" src=\"https:\/\/www.europesays.com\/no\/wp-content\/uploads\/2026\/01\/84155726.webp.webp\" width=\"667\" height=\"141\" title=\"Skilt som dette godtas ikke av Statens vegvesen.\" alt=\"\" class=\"\" style=\"--aspect-ratio-image: 4.73; \"\/><\/p>\n<p>\n        Skilt som dette godtas ikke av Statens vegvesen.\n    <\/p>\n<p>&#8211;<br \/>\nVed vurderingen av om en tegnkombinasjon medf\u00f8rer ulempe for noen, skal det<br \/>\nblant annet tas hensyn til immaterielle rettigheter som varemerke eller<br \/>\nfirmanavn, sier Eriksen.<\/p>\n<p>Det<br \/>\ner ingen tvil om at det er en stor jobb \u00e5 luke ut alle kombinasjonene som ikke<br \/>\negner seg. I tillegg til de \u00e5penbare variantene m\u00e5 vegvesenet ogs\u00e5 fjerne skilt<br \/>\nsom kan virke st\u00f8tende om man leser tegnkombinasjonene speilvendt eller<br \/>\nbaklengs.<\/p>\n<p>        Video: Steinar Andr\u00e9 Danielsen.<\/p>\n<p>9000 kroner<\/p>\n<p>I juni er det ni \u00e5r siden personlige bilskilt ble innf\u00f8rt i Norge.<br \/>\nEt personlig bilskilt koster 9000 kroner og gir deg enerett p\u00e5 skiltet i ti \u00e5r.<\/p>\n<p>Skiltet m\u00e5 ha en tegnkombinasjon som best\u00e5r av to til sju tegn, og<br \/>\ntegnkombinasjonen kan ikke v\u00e6re i bruk fra f\u00f8r av. I tillegg kan den alts\u00e5 ikke<br \/>\nv\u00e6re st\u00f8tende.<\/p>\n<p>For \u00e5 f\u00e5 innvilget s\u00f8knaden om personlig bilskilt m\u00e5 du v\u00e6re minst<br \/>\n18 \u00e5r gammel og eie kj\u00f8ret\u00f8yet som skiltet skal brukes p\u00e5. Kj\u00f8ret\u00f8yet kan heller ikke ha en medeier.<\/p>\n<p>    <a itemprop=\"url\" href=\"https:\/\/www.elbil24.no\/nyheter\/na-kan-vi-fa-digitalt-vognkort-i-norge\/83051147\" rel=\"nofollow noopener\" target=\"_blank\"><\/p>\n<p>        <img loading=\"lazy\" decoding=\"async\" src=\"https:\/\/www.europesays.com\/no\/wp-content\/uploads\/2026\/01\/83056186.webp.webp\" width=\"980\" height=\"441\" title=\"Ny l\u00f8sning: Kan forsvinne\" alt=\"\" class=\"lazyload\" style=\"--aspect-ratio-image: 2.22; \"\/><\/p>\n<p>        Ny l\u00f8sning: Kan forsvinne<\/p>\n<p>    <\/a><\/p>\n<p>&#8211; Stabil interesse<\/p>\n<p>I dag finnes det totalt 14.225 personlige bilskilt i bruk p\u00e5<br \/>\nnorske veier.<\/p>\n<p>&#8211; Vi opplever interessen<br \/>\nfor personlige skilt som ganske stabil. Dette viser ogs\u00e5 de \u00e5rlige tallene p\u00e5<br \/>\nmottatte s\u00f8knader. I perioder med mye medieoppslag kan vi se en trend i at<br \/>\ninteressen \u00f8ker noe, sier Eriksen.<\/p>\n<p>Her er antallet s\u00f8knader de siste fem \u00e5rene:<\/p>\n<ul>\n<li class=\"lab-bodytext-line\">2021: 3510 s\u00f8knader<\/li>\n<li class=\"lab-bodytext-line\">2022: 2553 s\u00f8knader<\/li>\n<li class=\"lab-bodytext-line\">2023: 2515 s\u00f8knader<\/li>\n<li class=\"lab-bodytext-line\">2024: 2992 s\u00f8knader<\/li>\n<li class=\"lab-bodytext-line\">2025: 3263 s\u00f8knader<\/li>\n<\/ul>\n","protected":false},"excerpt":{"rendered":"Setter ned foten: Mange nordmenn f\u00e5r nei p\u00e5 s\u00f8knaden om personlige bilskilt. Her er 1003 skilt p\u00e5 Statens&hellip;\n","protected":false},"author":2,"featured_media":150411,"comment_status":"","ping_status":"","sticky":false,"template":"","format":"standard","meta":{"footnotes":"","_share_on_mastodon":"0"},"categories":[10],"tags":[13128,20,21,267,24,25,15,22,23,777,13,30,28,29,14,16,16641,1899,26,27],"class_list":["post-150410","post","type-post","status-publish","format-standard","has-post-thumbnail","category-norge","tag-bilskilt","tag-breaking-news","tag-breakingnews","tag-elbil","tag-featured-news","tag-featurednews","tag-headlines","tag-latest-news","tag-latestnews","tag-mdg","tag-news","tag-no","tag-norge","tag-norway","tag-nyheter","tag-overskrifter","tag-personlige-bilskilt","tag-statens-vegvesen","tag-top-stories","tag-topstories"],"share_on_mastodon":{"url":"https:\/\/pubeurope.com\/@no\/115978367358955553","error":""},"_links":{"self":[{"href":"https:\/\/www.europesays.com\/no\/wp-json\/wp\/v2\/posts\/150410","targetHints":{"allow":["GET"]}}],"collection":[{"href":"https:\/\/www.europesays.com\/no\/wp-json\/wp\/v2\/posts"}],"about":[{"href":"https:\/\/www.europesays.com\/no\/wp-json\/wp\/v2\/types\/post"}],"author":[{"embeddable":true,"href":"https:\/\/www.europesays.com\/no\/wp-json\/wp\/v2\/users\/2"}],"replies":[{"embeddable":true,"href":"https:\/\/www.europesays.com\/no\/wp-json\/wp\/v2\/comments?post=150410"}],"version-history":[{"count":0,"href":"https:\/\/www.europesays.com\/no\/wp-json\/wp\/v2\/posts\/150410\/revisions"}],"wp:featuredmedia":[{"embeddable":true,"href":"https:\/\/www.europesays.com\/no\/wp-json\/wp\/v2\/media\/150411"}],"wp:attachment":[{"href":"https:\/\/www.europesays.com\/no\/wp-json\/wp\/v2\/media?parent=150410"}],"wp:term":[{"taxonomy":"category","embeddable":true,"href":"https:\/\/www.europesays.com\/no\/wp-json\/wp\/v2\/categories?post=150410"},{"taxonomy":"post_tag","embeddable":true,"href":"https:\/\/www.europesays.com\/no\/wp-json\/wp\/v2\/tags?post=150410"}],"curies":[{"name":"wp","href":"https:\/\/api.w.org\/{rel}","templated":true}]}}