{"id":15061,"date":"2025-08-22T11:09:33","date_gmt":"2025-08-22T11:09:33","guid":{"rendered":"https:\/\/www.europesays.com\/no\/15061\/"},"modified":"2025-08-22T11:09:33","modified_gmt":"2025-08-22T11:09:33","slug":"partner-fest-i-bdo-etter-kjempesalg-finansavisen","status":"publish","type":"post","link":"https:\/\/www.europesays.com\/no\/15061\/","title":{"rendered":"Partner-fest i BDO etter kjempesalg &#8211; Finansavisen"},"content":{"rendered":"<ol>\n<li><a href=\"https:\/\/news.google.com\/rss\/articles\/CBMiqAFBVV95cUxOa3pNR3c3c2ZITVRJcnZzek5KNEVieW1MaEdxUWU4TE5xNTdIRE1uYm5sRVR4VEdmREZGZHBNekxoWnQ0eGZ6eEFFbnBpLWhmTVBzM3RiU2p2Uk13X21ZYm9zQVR4azl4UC1pQjVBcEV5ZG5oTElKUlB5dW5UWVZBRnFxcl9XWnUxcXdqMU4tdmVPYTY5QURNOGF1OEpYTDFiamhBUVlqaDQ?oc=5\" target=\"_blank\" rel=\"nofollow noopener\">Partner-fest i BDO etter kjempesalg<\/a>&nbsp;&nbsp;Finansavisen<\/li>\n<li><a href=\"https:\/\/news.google.com\/rss\/articles\/CBMieEFVX3lxTE9wSndLV0h5NlZiU3ozVlNIVTRDOHBKbjJjaVUxd1oyUDRjR2VwUU9Ecm5NRUpZRjJsTmh4bmRVazdLV3RST0ZyaXBWQTVnczlFWFZiWnZGODNXVW9CQVdtODE5amFtWHZScjVBc0ZCVnpUaFNKS3JZbw?oc=5\" target=\"_blank\" rel=\"nofollow noopener\">(+) Selger milliardvirksomhet<\/a>&nbsp;&nbsp;fvn.no<\/li>\n<li><a href=\"https:\/\/news.google.com\/rss\/articles\/CBMisgFBVV95cUxNUHZmSUh0YW5uNjJzWlhQZnFSQjgwRTdoX1FjLS1KY25abEJZUHBSWlphTUJGcmZzT3ZYM0RRZGNSajhFRWkxeXlUWDZYam8wYVRyQldBQVRMRVM3NXREbUhSLXZGZzl5VDlFVFAxYVNKRkdqaVN1eDRQcWxJSmhYWm5icUoycExvOHMzbWRSUVUxckJUc3pZa3hyay1iUlRJNHUtNFN6OXVEY1BZTWY2OWJ3?oc=5\" target=\"_blank\" rel=\"nofollow noopener\">BDO selger regnskaps\u00addelen \u2013 halve kontoret i Skien f\u00e5r ny eier<\/a>&nbsp;&nbsp;varden.no<\/li>\n<li><a href=\"https:\/\/news.google.com\/rss\/articles\/CBMiZkFVX3lxTE1ZMlQzUzBBcS14WXVPQXIzNUdHWHVja0xDa3p1TXFmS0ZCZTdjOHI1bjgzY1hMNnNZWm5NQVo2Y2xTTmVQNjYzRkFpdEZXaXVEZ09vVWVfeFUydVgwSFl6cnhFTVdUQQ?oc=5\" target=\"_blank\" rel=\"nofollow noopener\">BDO selger regnskapsvirksomheten til Ran Group<\/a>&nbsp;&nbsp;E24<\/li>\n<li><a href=\"https:\/\/news.google.com\/rss\/articles\/CBMiqgFBVV95cUxOb3RqZ2QwS1g4c0ZtRF9INGk0clhZQmJ0dGtxOWFuOXhoejhla3ZoS0lGbnNZLXlVT0E0Z1FMdnBCRmkyc0xZYXRNd2JxRFFySTVSZC11Tlg0SmJWMFlRNkRnNURHTmVaZWJPcjAyUUZxTXJ2TzMyYVJHRDRVWjBIVE8zdUxhSXpwd1AtQ2pwa3BFUlRYZEFSaHU3djZDM2R1RzdwOXJ5NktNZw?oc=5\" target=\"_blank\" rel=\"nofollow noopener\">\u00d8konomi og n\u00e6ringsliv, Arbeidsliv | Lokal arbeidsplass gj\u00f8r store endringer\u2013 dette skjer med de ansatte<\/a>&nbsp;&nbsp;Moss Avis<\/li>\n<\/ol>\n","protected":false},"excerpt":{"rendered":"Partner-fest i BDO etter kjempesalg&nbsp;&nbsp;Finansavisen (+) Selger milliardvirksomhet&nbsp;&nbsp;fvn.no BDO selger regnskaps\u00addelen \u2013 halve kontoret i Skien f\u00e5r ny&hellip;\n","protected":false},"author":2,"featured_media":15062,"comment_status":"","ping_status":"","sticky":false,"template":"","format":"standard","meta":{"footnotes":""},"categories":[56],"tags":[2860,31,60,61,62,30,28,29],"class_list":{"0":"post-15061","1":"post","2":"type-post","3":"status-publish","4":"format-standard","5":"has-post-thumbnail","7":"category-naeringsliv","8":"tag-bdo","9":"tag-breaking","10":"tag-business","11":"tag-economy","12":"tag-naeringsliv","13":"tag-no","14":"tag-norge","15":"tag-norway"},"share_on_mastodon":{"url":"","error":""},"_links":{"self":[{"href":"https:\/\/www.europesays.com\/no\/wp-json\/wp\/v2\/posts\/15061","targetHints":{"allow":["GET"]}}],"collection":[{"href":"https:\/\/www.europesays.com\/no\/wp-json\/wp\/v2\/posts"}],"about":[{"href":"https:\/\/www.europesays.com\/no\/wp-json\/wp\/v2\/types\/post"}],"author":[{"embeddable":true,"href":"https:\/\/www.europesays.com\/no\/wp-json\/wp\/v2\/users\/2"}],"replies":[{"embeddable":true,"href":"https:\/\/www.europesays.com\/no\/wp-json\/wp\/v2\/comments?post=15061"}],"version-history":[{"count":0,"href":"https:\/\/www.europesays.com\/no\/wp-json\/wp\/v2\/posts\/15061\/revisions"}],"wp:featuredmedia":[{"embeddable":true,"href":"https:\/\/www.europesays.com\/no\/wp-json\/wp\/v2\/media\/15062"}],"wp:attachment":[{"href":"https:\/\/www.europesays.com\/no\/wp-json\/wp\/v2\/media?parent=15061"}],"wp:term":[{"taxonomy":"category","embeddable":true,"href":"https:\/\/www.europesays.com\/no\/wp-json\/wp\/v2\/categories?post=15061"},{"taxonomy":"post_tag","embeddable":true,"href":"https:\/\/www.europesays.com\/no\/wp-json\/wp\/v2\/tags?post=15061"}],"curies":[{"name":"wp","href":"https:\/\/api.w.org\/{rel}","templated":true}]}}