{"id":150822,"date":"2026-01-29T23:14:10","date_gmt":"2026-01-29T23:14:10","guid":{"rendered":"https:\/\/www.europesays.com\/no\/150822\/"},"modified":"2026-01-29T23:14:10","modified_gmt":"2026-01-29T23:14:10","slug":"bruk-stillongs-og-ullsokker","status":"publish","type":"post","link":"https:\/\/www.europesays.com\/no\/150822\/","title":{"rendered":"\u2013 Bruk stillongs og ullsokker"},"content":{"rendered":"\n<p class=\"_lead_o9xde_2 _lead_xtcu6_50 layout-component text-serif-m layout-normal text-serif-l layout-component layout-wide layout-padded _wide_17hqh_1 layout-padded\">\u2013 Temperaturen er avhengig av hvordan skyene oppf\u00f8rer seg. <\/p>\n<p><img alt=\"34 KALDE P\u00c5 FJELLET: Dashbordet i bilen til VGs journalist fotografert under en kj\u00f8retur over Hemsedalsfjellet torsdag. Det viste n\u00e5del\u00f8se minusgrader p\u00e5 utsiden.  Foto: Frank Ertesv\u00e5g\" class=\"_image_qp4xg_65 layout-component layout-wide\" data-fullscreen- data-track-element-type=\"Article image fullscreen\" data-track-name=\"ImageFullscreen\" fetchpriority=\"high\" decoding=\"sync\" loading=\"eager\" height=\"4032\" itemprop=\"image\"  src=\"https:\/\/www.europesays.com\/no\/wp-content\/uploads\/2026\/01\/882ba5e1-1f45-4130-823e-1bfebc80a666.png\"  style=\"object-position:0% 0%\" width=\"3024\"\/>34 KALDE P\u00c5 FJELLET: Dashbordet i bilen til VGs journalist fotografert under en kj\u00f8retur over Hemsedalsfjellet torsdag. Det viste n\u00e5del\u00f8se minusgrader p\u00e5 utsiden.  Foto: Frank Ertesv\u00e5g<\/p>\n<ul aria-hidden=\"true\" class=\"_images_ntbth_112\">\n<li><a class=\"_link_ntbth_117\" href=\"https:\/\/www.vg.no\/forfatter\/svanhild-boee\" style=\"z-index:2\" title=\"Svanhild B\u00f8e\" rel=\"nofollow noopener\" target=\"_blank\"><img alt=\"Bilde av Svanhild B\u00f8e\" class=\"_image_ntbth_93\" fetchpriority=\"low\" loading=\"lazy\" decoding=\"async\" itemprop=\"image\"  src=\"https:\/\/www.europesays.com\/no\/wp-content\/uploads\/2026\/01\/1769728449_944_2c6a983e-8ef8-4c60-8e5a-75c7e7bc3314.jpeg\"  width=\"480\"\/><\/a><\/li>\n<li><a class=\"_link_ntbth_117\" href=\"https:\/\/www.vg.no\/forfatter\/frank-ertesvaag\" style=\"z-index:1\" title=\"Frank Ertesv\u00e5g\" rel=\"nofollow noopener\" target=\"_blank\"><img alt=\"Bilde av Frank Ertesv\u00e5g\" class=\"_image_ntbth_93\" fetchpriority=\"low\" loading=\"lazy\" decoding=\"async\" itemprop=\"image\"  src=\"https:\/\/www.europesays.com\/no\/wp-content\/uploads\/2026\/01\/1769728449_736_77e9adab-9419-475b-b494-fe98c1a693d1.jpeg\"  width=\"480\"\/><\/a><\/li>\n<\/ul>\n<p>Rapporterer fra Hemsedal og Oslo Oppdatert torsdag 29. januar kl. 23:26     <\/p>\n<p class=\"_paragraph_o9xde_4 _paragraph_xtcu6_10 layout-component text-serif-m layout-normal text-serif-m layout-padded\">Det sier vakthavende meteorolog Emily Carin R\u00f8nning. <\/p>\n<p class=\"_paragraph_o9xde_4 _paragraph_xtcu6_10 layout-component text-serif-m layout-normal text-serif-m layout-padded\">\u2013 Det er veldig kaldt, bekrefter hun videre. <\/p>\n<p class=\"_paragraph_o9xde_4 _paragraph_xtcu6_10 layout-component text-serif-m layout-normal text-serif-m layout-padded\">Kulden holder alts\u00e5 fremdeles fast. Da VGs journalist kj\u00f8rte over Hemsedalsfjellet rundt klokken 18 torsdag kveld, viste termometeret p\u00e5 bilen minus 34 grader.<\/p>\n<p class=\"_paragraph_o9xde_4 _paragraph_xtcu6_10 layout-component text-serif-m layout-normal text-serif-m layout-padded\">Det var s\u00e5 kaldt at det fr\u00f8s p\u00e5 innsiden av bilvinduene.<\/p>\n<p class=\"_paragraph_o9xde_4 _paragraph_xtcu6_10 layout-component text-serif-m layout-normal text-serif-m layout-padded\">Det var lite folk i hovedgaten i Hemsedal. VGs reporter kunne bare skimte to-tre skil\u00f8pere i bakken. Kulden drar mye str\u00f8m fra elbilene, og p\u00e5 ladestasjonen p\u00e5 Gol var det helt fullt. <\/p>\n<p class=\"_paragraph_o9xde_4 _paragraph_xtcu6_10 layout-component text-serif-m layout-normal text-serif-m layout-padded\">\u2013 Det har v\u00e6rt s\u00e5 kaldt der f\u00f8r, men det har ikke skjedd s\u00e5 ofte, sier R\u00f8nning. <\/p>\n<p class=\"_paragraph_o9xde_4 _paragraph_xtcu6_10 layout-component text-serif-m layout-normal text-serif-m layout-padded\">Hun forteller at under en kuldeperiode i 2010 var det m\u00e5lt ned til minus 39 grader, og at det i 2024 var minus 36,2 grader. <\/p>\n<p class=\"_paragraph_o9xde_4 _paragraph_xtcu6_10 layout-component text-serif-m layout-normal text-serif-m layout-padded\">\u2013 Utenom det har det holdt seg litt varmere. Det er ikke i n\u00e6rheten av kulderekord enn\u00e5. Den ligger p\u00e5 minus 51 fra Karasjok, sier hun. <\/p>\n<p>Kuldeperioden vil fortsette<\/p>\n<p class=\"_paragraph_o9xde_4 _paragraph_xtcu6_10 layout-component text-serif-m layout-normal text-serif-m layout-padded\">Kaldest i landet i dag var derimot <a href=\"https:\/\/www.vg.no\/tag\/folldal?utm_source=vg-article&amp;utm_medium=auto-tagger&amp;utm_campaign=j0zrXo\" class=\"_link_o9xde_39\" rel=\"nofollow noopener\" target=\"_blank\">Folldal<\/a> med hele minus 39,3 grader. <\/p>\n<p class=\"_paragraph_o9xde_4 _paragraph_xtcu6_10 layout-component text-serif-m layout-normal text-serif-m layout-padded\">\u2013 Det er ikke usannsynlig at det kan n\u00e5 minus 40 grader p\u00e5 Folldal, men det har ikke skjedd enn\u00e5.<\/p>\n<p><img alt=\"Oslofjorden 15. januar 2026.  Foto: Hallgeir V\u00e5genes \/ VG\" class=\"_image_qp4xg_65 layout-component layout-normal\" data-fullscreen- data-track-element-type=\"Article image fullscreen\" data-track-name=\"ImageFullscreen\" decoding=\"async\" loading=\"lazy\" height=\"5810\" itemprop=\"image\"  src=\"https:\/\/www.europesays.com\/no\/wp-content\/uploads\/2026\/01\/88da2b41-be1c-457e-90b2-35e8bfe9a26a.jpeg\"  style=\"object-position:0% 0%\" width=\"7274\"\/>Oslofjorden 15. januar 2026.  Foto: Hallgeir V\u00e5genes \/ VG<\/p>\n<p class=\"_paragraph_o9xde_4 _paragraph_xtcu6_10 layout-component text-serif-m layout-normal text-serif-m layout-padded\">Likevel sier hun at det ikke er ofte det er s\u00e5 kaldt der heller. <\/p>\n<p class=\"_paragraph_o9xde_4 _paragraph_xtcu6_10 layout-component text-serif-m layout-normal text-serif-m layout-padded\">\u2013 Her var det nede i minus 39,2 i 2024.<\/p>\n<p class=\"_paragraph_o9xde_4 _paragraph_xtcu6_10 layout-component text-serif-m layout-normal layout-padded\"><strong class=\"_strong_o9xde_25\">Les ogs\u00e5:<\/strong> <a href=\"https:\/\/www.vg.no\/i\/ExpXm2\" data-track-element-type=\"Link\" data-track-id=\"link:ExpXm2\" class=\"_link_o9xde_39\" rel=\"nofollow noopener\" target=\"_blank\">Langvarig kulde: \u2013 Uvanlig kaldt over hele landet<\/a><\/p>\n<p class=\"_paragraph_o9xde_4 _paragraph_xtcu6_10 layout-component text-serif-m layout-normal text-serif-m layout-padded\">I skrivende stund sent torsdag kveld er det R\u00f8ros lufthavn som topper listen over de kaldeste stedene i landet. Der er det nemlig minus 35,2 grader, if\u00f8lge meteorologen. <\/p>\n<p class=\"_paragraph_o9xde_4 _paragraph_xtcu6_10 layout-component text-serif-m layout-normal text-serif-m layout-padded\">\u2013 Denne perioden ser ut til \u00e5 fortsette i alle fall en liten stund, men kanskje det kan bli litt mindre kaldt gjennom helgen. <\/p>\n<p class=\"_paragraph_o9xde_4 _paragraph_xtcu6_10 layout-component text-serif-m layout-normal text-serif-m layout-padded\">R\u00f8nning sier at det er vanskelig \u00e5 vite helt hvor kaldt det kommer til \u00e5 bli.<\/p>\n<p class=\"_paragraph_o9xde_4 _paragraph_xtcu6_10 layout-component text-serif-m layout-normal text-serif-m layout-padded\">\u2013 Det har v\u00e6rt veldig stabilt v\u00e6r og generelt veldig like dager med lite endring. I helgen kan det bli litt overskyet, og det utgj\u00f8r ofte fem til ti grader. Her er det lokale forskjeller. <\/p>\n<p class=\"_paragraph_o9xde_4 _paragraph_xtcu6_10 layout-component text-serif-m layout-normal text-serif-m layout-padded\">Hun understreker at temperaturen derfor er avhengig av hvordan skyene oppf\u00f8rer seg til helgen. <\/p>\n<p>Fortsett \u00e5 bruke vinterkl\u00e6r<\/p>\n<p class=\"_paragraph_o9xde_4 _paragraph_xtcu6_10 layout-component text-serif-m layout-normal text-serif-m layout-padded\">R\u00f8nning sier at man fremdeles skal kle seg godt.<\/p>\n<p class=\"_paragraph_o9xde_4 _paragraph_xtcu6_10 layout-component text-serif-m layout-normal text-serif-m layout-padded\">\u2013 Bruk stillongs og ullsokker, lue og votter. Om du fryser n\u00e5r du g\u00e5r ut d\u00f8ren, s\u00e5 m\u00e5 du snu og ta p\u00e5 deg noe mer, avslutter hun. <\/p>\n","protected":false},"excerpt":{"rendered":"\u2013 Temperaturen er avhengig av hvordan skyene oppf\u00f8rer seg. 34 KALDE P\u00c5 FJELLET: Dashbordet i bilen til VGs&hellip;\n","protected":false},"author":2,"featured_media":150823,"comment_status":"","ping_status":"","sticky":false,"template":"","format":"standard","meta":{"footnotes":"","_share_on_mastodon":"0"},"categories":[10],"tags":[20,21,24,25,4179,15,936,8981,22,23,13,30,28,29,14,16,26,27],"class_list":["post-150822","post","type-post","status-publish","format-standard","has-post-thumbnail","category-norge","tag-breaking-news","tag-breakingnews","tag-featured-news","tag-featurednews","tag-folldal","tag-headlines","tag-hemsedal","tag-kulde","tag-latest-news","tag-latestnews","tag-news","tag-no","tag-norge","tag-norway","tag-nyheter","tag-overskrifter","tag-top-stories","tag-topstories"],"share_on_mastodon":{"url":"https:\/\/pubeurope.com\/@no\/115980931121912655","error":""},"_links":{"self":[{"href":"https:\/\/www.europesays.com\/no\/wp-json\/wp\/v2\/posts\/150822","targetHints":{"allow":["GET"]}}],"collection":[{"href":"https:\/\/www.europesays.com\/no\/wp-json\/wp\/v2\/posts"}],"about":[{"href":"https:\/\/www.europesays.com\/no\/wp-json\/wp\/v2\/types\/post"}],"author":[{"embeddable":true,"href":"https:\/\/www.europesays.com\/no\/wp-json\/wp\/v2\/users\/2"}],"replies":[{"embeddable":true,"href":"https:\/\/www.europesays.com\/no\/wp-json\/wp\/v2\/comments?post=150822"}],"version-history":[{"count":0,"href":"https:\/\/www.europesays.com\/no\/wp-json\/wp\/v2\/posts\/150822\/revisions"}],"wp:featuredmedia":[{"embeddable":true,"href":"https:\/\/www.europesays.com\/no\/wp-json\/wp\/v2\/media\/150823"}],"wp:attachment":[{"href":"https:\/\/www.europesays.com\/no\/wp-json\/wp\/v2\/media?parent=150822"}],"wp:term":[{"taxonomy":"category","embeddable":true,"href":"https:\/\/www.europesays.com\/no\/wp-json\/wp\/v2\/categories?post=150822"},{"taxonomy":"post_tag","embeddable":true,"href":"https:\/\/www.europesays.com\/no\/wp-json\/wp\/v2\/tags?post=150822"}],"curies":[{"name":"wp","href":"https:\/\/api.w.org\/{rel}","templated":true}]}}