{"id":150958,"date":"2026-01-30T06:05:13","date_gmt":"2026-01-30T06:05:13","guid":{"rendered":"https:\/\/www.europesays.com\/no\/150958\/"},"modified":"2026-01-30T06:05:13","modified_gmt":"2026-01-30T06:05:13","slug":"stromforsyning-420-kv-linje-urovekkende-signaler-fra-statnett-om-420-linje-til-tromso","status":"publish","type":"post","link":"https:\/\/www.europesays.com\/no\/150958\/","title":{"rendered":"Str\u00f8mforsyning, 420 kV-linje | Urovekkende signaler fra Statnett om 420-linje til Troms\u00f8\u00a0"},"content":{"rendered":"\n<p>Da Nord-Norge samlet seg i Oslo i januar, svarte konserndirekt\u00f8r i Statnett at hun ikke kunne kommentere behovet for 420-linje til Troms\u00f8.<\/p>\n<p>Det var under seminaret til regionr\u00e5dene dagen f\u00f8r Nord i S\u00f8r at vi stilte sp\u00f8rsm\u00e5l til Statnett-sjefen Elisabeth Vike Vardheim, om hva hun mente om en potensiell 420-linje innom Troms\u00f8. Vi fikk ingen konkrete svar. Frav\u00e6ret av svar fortsatte ogs\u00e5 under et kraftseminar i regi av Troms Kraft og Troms Holding to uker seinere i Troms\u00f8, der planansvarlig for Statnett region nord, Toini L\u00f8vseth, deltok.<\/p>\n<p>I Statnetts strategiske m\u00e5lnett ligger det inne en hypotetisk r\u00f8d strek innom Troms\u00f8. Den symboliserer Statnetts m\u00e5l om at det en gang m\u00e5 gj\u00f8res noe med nettet innom Troms\u00f8. Den r\u00f8de streken gir Nord-Norges motor, Troms\u00f8, et h\u00e5p om at behovene for \u00f8kt nett og kraft vil realiseres som en 420-linje. Som et sentraltnett. Om s\u00e5 i 2045. Aller helst mye tidligere.<\/p>\n<p>  <a href=\"https:\/\/www.nordnorskdebatt.no\/5-124-400115\" class=\"related-teaser has-image default-opinion-teaser article--c-eRUmMG article--c-eRUmMG-jKCPdD-design-default\" rel=\"nofollow noopener\" target=\"_blank\"><\/p>\n<p>    <img decoding=\"async\" loading=\"lazy\"  src=\"https:\/\/www.europesays.com\/no\/wp-content\/uploads\/2026\/01\/Troms%C3%B8+m%C3%B8rketid.jpg\" alt=\"\" class=\"brick-c-cFOWSL\" style=\"\"\/><\/p>\n<p>\n            Les ogs\u00e5<\/p>\n<p>              Troms\u00f8 m\u00e5 f\u00e5 mer kraft\n        <\/p>\n<p>  <\/a><\/p>\n<p>Men etter alle solemerker kommer ikke konsekvensutredningen til Statnett for Nord-Norge \u00e5 konkludere med en 420-linje innom Troms\u00f8. KVU-en er imidlertid ikke offentlig enn\u00e5. Vi h\u00e5per vi tar kraftig feil.<\/p>\n<p>Tar vi ikke feil er det selvsagt p\u00e5 sin plass at selskapet Fjuel Troms\u00f8 er ute i NRK allerede n\u00e5 med sin sterke bekymring rundt mangelen p\u00e5 sentralnett innom Troms\u00f8, at n\u00e6ringslivet i nord med NHO Arktis, N\u00e6ringsforeningen i Troms\u00f8-regionen og ProTroms\u00f8 har kommet med sterke advarsler &#8211; og at politikere og fagfolk fra kraftbransjen og Fornybar Norge l\u00f8fter dette hver gang det er tema.<\/p>\n<p>Vi har advart mot at beregningene for behovene er for d\u00e5rlige. Det er i liten grad tatt hensyn til at Troms\u00f8, og Karls\u00f8y, m\u00e5 utvikle seg, at fiskerifl\u00e5ten og bussene m\u00e5 elektrifiseres, at nye n\u00e6ringer kan komme p\u00e5 plass \u2013 for ikke \u00e5 glemme \u00e5 f\u00e5 kraft til all n\u00e6ring som venter p\u00e5 \u00e5 f\u00e5 etablere seg.<\/p>\n<p>Kunnskapsgrunnlaget, slik vi har sett drypp av i innspillsm\u00f8ter, tar ikke hensyn til behovene milit\u00e6rt og sivilt, med beredskap rundt v\u00e5re helsetjenester, forsvar og mobilitet. De ligger alle i nedre sjikt av muligheter og utfordringer i et hundre\u00e5rsperspektiv.<\/p>\n<p>Hvis Statnett mener at det kun er behov for regionalnett inn mot Troms\u00f8, legger det f\u00f8ringer for utviklingen av landsdelen de neste 80-100 \u00e5rene. Sier Statnett n\u00e5 at vi ikke skal ha 420-linje innom Troms\u00f8, sier de samtidig nei til all utvikling framover. Da blir det status quo. Det gr\u00f8nne skiftet blir umulig. Nye arbeidsplasser og n\u00e6ringer kan ikke satses p\u00e5. Og tryggheten v\u00e5r utfordres i et beredskapsperspektiv. V\u00e5rt ansvar som samfunnsutviklere blir mye vanskeligere.<\/p>\n<p>Statlig byr\u00e5krati og KVU-er m\u00e5 ikke f\u00e5 det siste ordet i hva som skal skje i det viktigste strategiske omr\u00e5det i Norge \u2013 og kanskje i Skandinavia og Europa \u2013 i overskuelig framtid.<\/p>\n","protected":false},"excerpt":{"rendered":"Da Nord-Norge samlet seg i Oslo i januar, svarte konserndirekt\u00f8r i Statnett at hun ikke kunne kommentere behovet&hellip;\n","protected":false},"author":2,"featured_media":150959,"comment_status":"","ping_status":"","sticky":false,"template":"","format":"standard","meta":{"footnotes":"","_share_on_mastodon":"0"},"categories":[10],"tags":[16687,36,20,21,24,25,15,6321,22,23,13,30,28,29,14,1533,16,3481,8386,26,27,263],"class_list":["post-150958","post","type-post","status-publish","format-standard","has-post-thumbnail","category-norge","tag-420-kv-linje","tag-art","tag-breaking-news","tag-breakingnews","tag-featured-news","tag-featurednews","tag-headlines","tag-karlsoy","tag-latest-news","tag-latestnews","tag-news","tag-no","tag-norge","tag-norway","tag-nyheter","tag-opinion","tag-overskrifter","tag-statnett","tag-stromforsyning","tag-top-stories","tag-topstories","tag-tromso"],"share_on_mastodon":{"url":"https:\/\/pubeurope.com\/@no\/115982547247352962","error":""},"_links":{"self":[{"href":"https:\/\/www.europesays.com\/no\/wp-json\/wp\/v2\/posts\/150958","targetHints":{"allow":["GET"]}}],"collection":[{"href":"https:\/\/www.europesays.com\/no\/wp-json\/wp\/v2\/posts"}],"about":[{"href":"https:\/\/www.europesays.com\/no\/wp-json\/wp\/v2\/types\/post"}],"author":[{"embeddable":true,"href":"https:\/\/www.europesays.com\/no\/wp-json\/wp\/v2\/users\/2"}],"replies":[{"embeddable":true,"href":"https:\/\/www.europesays.com\/no\/wp-json\/wp\/v2\/comments?post=150958"}],"version-history":[{"count":0,"href":"https:\/\/www.europesays.com\/no\/wp-json\/wp\/v2\/posts\/150958\/revisions"}],"wp:featuredmedia":[{"embeddable":true,"href":"https:\/\/www.europesays.com\/no\/wp-json\/wp\/v2\/media\/150959"}],"wp:attachment":[{"href":"https:\/\/www.europesays.com\/no\/wp-json\/wp\/v2\/media?parent=150958"}],"wp:term":[{"taxonomy":"category","embeddable":true,"href":"https:\/\/www.europesays.com\/no\/wp-json\/wp\/v2\/categories?post=150958"},{"taxonomy":"post_tag","embeddable":true,"href":"https:\/\/www.europesays.com\/no\/wp-json\/wp\/v2\/tags?post=150958"}],"curies":[{"name":"wp","href":"https:\/\/api.w.org\/{rel}","templated":true}]}}