{"id":15103,"date":"2025-08-22T12:02:09","date_gmt":"2025-08-22T12:02:09","guid":{"rendered":"https:\/\/www.europesays.com\/no\/15103\/"},"modified":"2025-08-22T12:02:09","modified_gmt":"2025-08-22T12:02:09","slug":"nyheter-helse-hotellgjester-i-rib-kjorte-pa-skjaer-plukket-opp-av-fisketurister","status":"publish","type":"post","link":"https:\/\/www.europesays.com\/no\/15103\/","title":{"rendered":"Nyheter, Helse | Hotellgjester i rib kj\u00f8rte p\u00e5 skj\u00e6r \u2013 plukket opp av fisketurister"},"content":{"rendered":"\n<p>Det var klokken 1215 fredag at det ble sl\u00e5tt full alarm i \u00d8ygarden etter at en b\u00e5t med hotellgjester fra Panorama hotell smalt rett i et skj\u00e6r rett s\u00f8r for Tofter\u00f8y.<\/p>\n<p>\u2013 Jeg s\u00e5 det ikke, men h\u00f8rte smellet, sier den tyske turisten Harald Prigge.<\/p>\n<p>Han satte fart mot ulykkesstedet. De var kun 150 meter unna.<\/p>\n<p>\u2013 Personene l\u00e5 i vannet med vestene p\u00e5. Vi s\u00e5 bare folk som sv\u00f8mte i vannet. Vi fikk dem opp i v\u00e5r b\u00e5t. Noen bl\u00f8dde fra hodet. Vi tok dem med i b\u00e5ten og til en holme. Der ventet vi p\u00e5 hjelp, sier han.<\/p>\n<p>Ribben l\u00e5 opp ned i vannet.<\/p>\n<p>\u2013 Var det dramatisk?<\/p>\n<p>   <img decoding=\"async\" width=\"2688\" height=\"1792\" fetchpriority=\"low\"  loading=\"lazy\"  src=\"https:\/\/www.europesays.com\/no\/wp-content\/uploads\/2025\/08\/EH9_2444.jpg\" alt=\"\" class=\"brick-c-cFOWSL\" style=\"--brick-image-ratio: 2688 \/ 1792;\"\/><\/p>\n<p>    Harald Prigge<br \/>\n    Foto: EIRIK HAGES\u00c6TER\n  <\/p>\n<p>\u2013 Ja, det var det, men jeg er ikke helt uvant med n\u00f8dsituasjoner, sier Prigge.<\/p>\n<p>Organisert tur<\/p>\n<p>En ambulanseb\u00e5t fra Austevoll og OV\u00bb Utv\u00e6r fra Kystverket var i n\u00e6rheten. De kom til unnsetning. De seks skadde ble fraktet til en kai ved Panorama hotell.<\/p>\n<p>Fem av de involverte var gjester p\u00e5 Panorama Hotell &amp; Resort. Det bekrefter hotellsjef Silvia H\u00f8ines. Nummer seks var b\u00e5tf\u00f8reren.<\/p>\n<p>\u2013 Dette er gjester p\u00e5 hotellet som vi har organisert en rib-tur for gjennom et samarbeidsselskap, opplyser hun.<\/p>\n<p>Fem personer er fraktet til Haukeland. Noen ble fl\u00f8yet med luftambulanse.<\/p>\n<p>   <img decoding=\"async\" width=\"2000\" height=\"1126\" fetchpriority=\"low\"  loading=\"lazy\"  src=\"https:\/\/www.europesays.com\/no\/wp-content\/uploads\/2025\/08\/Resized_20250822_131914_2.jpg\" alt=\"\" class=\"brick-c-cFOWSL\" style=\"--brick-image-ratio: 2000 \/ 1126;\"\/><\/p>\n<p>    Bilde av luftambulansen, tatt fra hotellomr\u00e5det.<br \/>\n    Foto: Privat\n  <\/p>\n<p><b>\u2013 Jeg tror at alle sammen har hatt kontakt med helsepersonell, men det virker som at noen er hardere skadet enn andre.<\/b><\/p>\n<p>Det opplyser teknisk ansvarlig p\u00e5 hotellet, Joar Holm Andersen.<\/p>\n<p>   <img decoding=\"async\" width=\"4128\" height=\"2752\" fetchpriority=\"low\"  loading=\"lazy\"  src=\"https:\/\/www.europesays.com\/no\/wp-content\/uploads\/2025\/08\/EH9_2343.jpg\" alt=\"\" class=\"brick-c-cFOWSL\" style=\"--brick-image-ratio: 4128 \/ 2752;\"\/><\/p>\n<p>    Ambulanseb\u00e5ten \u00abAustevoll\u00bb ligger ved kai.<br \/>\n    Foto: EIRIK HAGES\u00c6TER\n  <\/p>\n<p>Les mer om: artikkelemnene<\/p>\n","protected":false},"excerpt":{"rendered":"Det var klokken 1215 fredag at det ble sl\u00e5tt full alarm i \u00d8ygarden etter at en b\u00e5t med&hellip;\n","protected":false},"author":2,"featured_media":15104,"comment_status":"","ping_status":"","sticky":false,"template":"","format":"standard","meta":{"footnotes":""},"categories":[10],"tags":[1586,36,20,21,24,25,15,736,22,23,13,30,28,29,14,16,2869,1510,26,27],"class_list":{"0":"post-15103","1":"post","2":"type-post","3":"status-publish","4":"format-standard","5":"has-post-thumbnail","7":"category-norge","8":"tag-ambulanse","9":"tag-art","10":"tag-breaking-news","11":"tag-breakingnews","12":"tag-featured-news","13":"tag-featurednews","14":"tag-headlines","15":"tag-helse","16":"tag-latest-news","17":"tag-latestnews","18":"tag-news","19":"tag-no","20":"tag-norge","21":"tag-norway","22":"tag-nyheter","23":"tag-overskrifter","24":"tag-oygarden","25":"tag-story","26":"tag-top-stories","27":"tag-topstories"},"share_on_mastodon":{"url":"","error":""},"_links":{"self":[{"href":"https:\/\/www.europesays.com\/no\/wp-json\/wp\/v2\/posts\/15103","targetHints":{"allow":["GET"]}}],"collection":[{"href":"https:\/\/www.europesays.com\/no\/wp-json\/wp\/v2\/posts"}],"about":[{"href":"https:\/\/www.europesays.com\/no\/wp-json\/wp\/v2\/types\/post"}],"author":[{"embeddable":true,"href":"https:\/\/www.europesays.com\/no\/wp-json\/wp\/v2\/users\/2"}],"replies":[{"embeddable":true,"href":"https:\/\/www.europesays.com\/no\/wp-json\/wp\/v2\/comments?post=15103"}],"version-history":[{"count":0,"href":"https:\/\/www.europesays.com\/no\/wp-json\/wp\/v2\/posts\/15103\/revisions"}],"wp:featuredmedia":[{"embeddable":true,"href":"https:\/\/www.europesays.com\/no\/wp-json\/wp\/v2\/media\/15104"}],"wp:attachment":[{"href":"https:\/\/www.europesays.com\/no\/wp-json\/wp\/v2\/media?parent=15103"}],"wp:term":[{"taxonomy":"category","embeddable":true,"href":"https:\/\/www.europesays.com\/no\/wp-json\/wp\/v2\/categories?post=15103"},{"taxonomy":"post_tag","embeddable":true,"href":"https:\/\/www.europesays.com\/no\/wp-json\/wp\/v2\/tags?post=15103"}],"curies":[{"name":"wp","href":"https:\/\/api.w.org\/{rel}","templated":true}]}}