{"id":15105,"date":"2025-08-22T12:04:14","date_gmt":"2025-08-22T12:04:14","guid":{"rendered":"https:\/\/www.europesays.com\/no\/15105\/"},"modified":"2025-08-22T12:04:14","modified_gmt":"2025-08-22T12:04:14","slug":"e39-arbeid-det-blir-nedsatt-hastighet-pa-e39","status":"publish","type":"post","link":"https:\/\/www.europesays.com\/no\/15105\/","title":{"rendered":"E39, Arbeid | Det blir nedsatt hastighet p\u00e5 E39"},"content":{"rendered":"\n<p>Til helgen starter entrepren\u00f8r Stangeland \u00e5 etablere en 760 meter lang midlertidig anleggsvei langs E39 ved Schancheholen for \u00e5 ferdigstille den siste etappen av Sykkelstamvegen. Etableringen skjer p\u00e5 kveld\/natt av hensyn til trafikken p\u00e5 E39 Motorvegen.<\/p>\n<p>N\u00e5r anleggsvegen tas i bruk, vil det bli en innsnevring i de s\u00f8rg\u00e5ende feltene fra SIF stadion til Auglendsveien og det blir ogs\u00e5 nedsatt hastighet til 60 km\/t. Veien blir bygd for \u00e5 avlaste anleggstrafikk gjennom boligomr\u00e5dene av hensyn til naboer og myke trafikanter. Den midlertidige anleggsveien vil v\u00e6re i bruk til utp\u00e5 ny\u00e5ret 2026.<\/p>\n<p>\u2013 Vi ber bilistene om \u00e5 v\u00e6re aktsomme og ta hensyn til at det p\u00e5g\u00e5r arbeid langs en sterkt trafikkert motorvei, skriver Statens vegvesen i en melding til Sandnesposten.<\/p>\n<p>   <img decoding=\"async\" width=\"1016\" height=\"754\" fetchpriority=\"low\"  loading=\"lazy\"  src=\"https:\/\/www.europesays.com\/no\/wp-content\/uploads\/2025\/08\/anleggsvei-sykkel.png\" alt=\"\" class=\"brick-c-cFOWSL\" style=\"--brick-image-ratio: 1016 \/ 754;\"\/><\/p>\n<p>    Dette er omr\u00e5det som p\u00e5virkes<\/p>\n<p>Les mer om: artikkelemnene<\/p>\n","protected":false},"excerpt":{"rendered":"Til helgen starter entrepren\u00f8r Stangeland \u00e5 etablere en 760 meter lang midlertidig anleggsvei langs E39 ved Schancheholen for&hellip;\n","protected":false},"author":2,"featured_media":15106,"comment_status":"","ping_status":"","sticky":false,"template":"","format":"standard","meta":{"footnotes":""},"categories":[59],"tags":[991,36,2298,2870,30,28,29,83,82,1510],"class_list":{"0":"post-15105","1":"post","2":"type-post","3":"status-publish","4":"format-standard","5":"has-post-thumbnail","7":"category-sport","8":"tag-arbeid","9":"tag-art","10":"tag-e39","11":"tag-jau","12":"tag-no","13":"tag-norge","14":"tag-norway","15":"tag-sport","16":"tag-sports","17":"tag-story"},"share_on_mastodon":{"url":"","error":""},"_links":{"self":[{"href":"https:\/\/www.europesays.com\/no\/wp-json\/wp\/v2\/posts\/15105","targetHints":{"allow":["GET"]}}],"collection":[{"href":"https:\/\/www.europesays.com\/no\/wp-json\/wp\/v2\/posts"}],"about":[{"href":"https:\/\/www.europesays.com\/no\/wp-json\/wp\/v2\/types\/post"}],"author":[{"embeddable":true,"href":"https:\/\/www.europesays.com\/no\/wp-json\/wp\/v2\/users\/2"}],"replies":[{"embeddable":true,"href":"https:\/\/www.europesays.com\/no\/wp-json\/wp\/v2\/comments?post=15105"}],"version-history":[{"count":0,"href":"https:\/\/www.europesays.com\/no\/wp-json\/wp\/v2\/posts\/15105\/revisions"}],"wp:featuredmedia":[{"embeddable":true,"href":"https:\/\/www.europesays.com\/no\/wp-json\/wp\/v2\/media\/15106"}],"wp:attachment":[{"href":"https:\/\/www.europesays.com\/no\/wp-json\/wp\/v2\/media?parent=15105"}],"wp:term":[{"taxonomy":"category","embeddable":true,"href":"https:\/\/www.europesays.com\/no\/wp-json\/wp\/v2\/categories?post=15105"},{"taxonomy":"post_tag","embeddable":true,"href":"https:\/\/www.europesays.com\/no\/wp-json\/wp\/v2\/tags?post=15105"}],"curies":[{"name":"wp","href":"https:\/\/api.w.org\/{rel}","templated":true}]}}