{"id":151094,"date":"2026-01-30T09:20:18","date_gmt":"2026-01-30T09:20:18","guid":{"rendered":"https:\/\/www.europesays.com\/no\/151094\/"},"modified":"2026-01-30T09:20:18","modified_gmt":"2026-01-30T09:20:18","slug":"konsert-nordpa-fjellhotell-arnfinn-og-olav-slar-sammen-kreftene","status":"publish","type":"post","link":"https:\/\/www.europesays.com\/no\/151094\/","title":{"rendered":"Konsert, Nordp\u00e5 Fjellhotell | Arnfinn og Olav sl\u00e5r sammen kreftene"},"content":{"rendered":"\n<p>\u2013 Det er f\u00f8rste gangen vi to spiller sammen og premieren er p\u00e5 Nordp\u00e5 Fjellhotell, sier duoen.<\/p>\n<p>Konserten foreg\u00e5r l\u00f8rdag den 31. januar p\u00e5 Nordp\u00e5 Fjellhotell i Holt\u00e5len, og de lokale musikerne gleder seg til \u00e5 endelig st\u00e5 p\u00e5 scena sammen.<\/p>\n<p>\u2013 Vi tar i bruk det vi mener vi kan spille p\u00e5: mandolin, gitar, munnspill, feler, lur og kam, forteller de.<\/p>\n<p>Str\u00f8mmevold og Lukseng\u00e5rd Mjelda sier at det blir en allsidig konsert med eget materiale ispedd ymse historier. N\u00e5 h\u00e5per de bare at s\u00e5 mange som mulig tar turen til Nordp\u00e5.<\/p>\n<p>  <a href=\"https:\/\/www.retten.no\/5-44-1068918\" class=\"related-teaser has-image default-story-teaser article--c-eRUmMG article--c-eRUmMG-jKCPdD-design-default\" wp_automatic_readability=\"1\" rel=\"nofollow noopener\" target=\"_blank\"><\/p>\n<p>    <img decoding=\"async\" loading=\"lazy\"  src=\"https:\/\/www.europesays.com\/no\/wp-content\/uploads\/2026\/01\/Christina+Undhjem+Bilde1.jpg\" alt=\"\" class=\"brick-c-cFOWSL\" style=\"\"\/><\/p>\n<p>\n            Les ogs\u00e5<\/p>\n<p>  Nytt album: \u2013 Musikk som gir frysninger<\/p>\n<p>  <\/a><\/p>\n<p>  <a href=\"https:\/\/www.retten.no\/5-44-1066051\" class=\"related-teaser has-image default-story-teaser article--c-eRUmMG article--c-eRUmMG-jKCPdD-design-default\" wp_automatic_readability=\"1\" rel=\"nofollow noopener\" target=\"_blank\"><\/p>\n<p>    <img decoding=\"async\" loading=\"lazy\"  src=\"https:\/\/www.europesays.com\/no\/wp-content\/uploads\/2026\/01\/al_sammen_PROMO.png\" alt=\"\" class=\"brick-c-cFOWSL\" style=\"\"\/><\/p>\n<p>\n            Les ogs\u00e5<\/p>\n<p>  \u2013 Jeg er veldig stolt av den l\u00e5ta<\/p>\n<p>  <\/a><\/p>\n<p>  <a href=\"https:\/\/www.retten.no\/5-44-1087116\" class=\"related-teaser has-image default-story-teaser article--c-eRUmMG article--c-eRUmMG-jKCPdD-design-default\" wp_automatic_readability=\"1\" rel=\"nofollow noopener\" target=\"_blank\"><\/p>\n<p>    For abonnenter<\/p>\n<p>    <img decoding=\"async\" loading=\"lazy\"  src=\"https:\/\/www.europesays.com\/no\/wp-content\/uploads\/2026\/01\/De+skal+hylle+Helge.jpeg\" alt=\"\" class=\"brick-c-cFOWSL\" style=\"\"\/><\/p>\n<p>\n            Les ogs\u00e5<\/p>\n<p>  Hjertevarm hyllest: De spiller Helge St\u00f8holens musikk for en god sak<\/p>\n<p>  <\/a><\/p>\n","protected":false},"excerpt":{"rendered":"\u2013 Det er f\u00f8rste gangen vi to spiller sammen og premieren er p\u00e5 Nordp\u00e5 Fjellhotell, sier duoen. Konserten&hellip;\n","protected":false},"author":2,"featured_media":151095,"comment_status":"","ping_status":"","sticky":false,"template":"","format":"standard","meta":{"footnotes":"","_share_on_mastodon":"0"},"categories":[58],"tags":[36,71,4175,155,30,16692,28,29,3847,1510,72],"class_list":["post-151094","post","type-post","status-publish","format-standard","has-post-thumbnail","category-underholdning","tag-art","tag-entertainment","tag-holtalen","tag-konsert","tag-no","tag-nordpa-fjellhotell","tag-norge","tag-norway","tag-roros","tag-story","tag-underholdning"],"share_on_mastodon":{"url":"https:\/\/pubeurope.com\/@no\/115983313982707367","error":""},"_links":{"self":[{"href":"https:\/\/www.europesays.com\/no\/wp-json\/wp\/v2\/posts\/151094","targetHints":{"allow":["GET"]}}],"collection":[{"href":"https:\/\/www.europesays.com\/no\/wp-json\/wp\/v2\/posts"}],"about":[{"href":"https:\/\/www.europesays.com\/no\/wp-json\/wp\/v2\/types\/post"}],"author":[{"embeddable":true,"href":"https:\/\/www.europesays.com\/no\/wp-json\/wp\/v2\/users\/2"}],"replies":[{"embeddable":true,"href":"https:\/\/www.europesays.com\/no\/wp-json\/wp\/v2\/comments?post=151094"}],"version-history":[{"count":0,"href":"https:\/\/www.europesays.com\/no\/wp-json\/wp\/v2\/posts\/151094\/revisions"}],"wp:featuredmedia":[{"embeddable":true,"href":"https:\/\/www.europesays.com\/no\/wp-json\/wp\/v2\/media\/151095"}],"wp:attachment":[{"href":"https:\/\/www.europesays.com\/no\/wp-json\/wp\/v2\/media?parent=151094"}],"wp:term":[{"taxonomy":"category","embeddable":true,"href":"https:\/\/www.europesays.com\/no\/wp-json\/wp\/v2\/categories?post=151094"},{"taxonomy":"post_tag","embeddable":true,"href":"https:\/\/www.europesays.com\/no\/wp-json\/wp\/v2\/tags?post=151094"}],"curies":[{"name":"wp","href":"https:\/\/api.w.org\/{rel}","templated":true}]}}