{"id":15117,"date":"2025-08-22T12:23:10","date_gmt":"2025-08-22T12:23:10","guid":{"rendered":"https:\/\/www.europesays.com\/no\/15117\/"},"modified":"2025-08-22T12:23:10","modified_gmt":"2025-08-22T12:23:10","slug":"roar-strand-ferdig-i-rosenborg","status":"publish","type":"post","link":"https:\/\/www.europesays.com\/no\/15117\/","title":{"rendered":"Roar Strand ferdig i Rosenborg"},"content":{"rendered":"<p>     Spill Profeten   <img decoding=\"async\" class=\"_confettiImage_b81ng_95\" src=\"https:\/\/www.europesays.com\/no\/wp-content\/uploads\/2025\/08\/SzwcSxt.png\" alt=\"\" fetchpriority=\"high\" loading=\"eager\"\/>   <img decoding=\"async\" class=\"_playerImage_b81ng_83\" src=\"https:\/\/www.europesays.com\/no\/wp-content\/uploads\/2025\/08\/U9NvSiG.png\" alt=\"profeten-promo-player\" fetchpriority=\"high\" loading=\"eager\"\/>     <\/p>\n<p class=\"_lead_1bvmi_2 _lead_xtcu6_50 layout-component text-serif-m layout-normal text-serif-l layout-component layout-wide layout-padded _wide_17hqh_1 layout-padded\">Rosenborg-legenden skriver p\u00e5 sin Facebook-profil at hans kontrakt i klubben ikke forlenges.<\/p>\n<p><img alt=\" Foto: Ole Martin Wold \/ NTB\" class=\"_image_qp4xg_65 layout-component layout-wide\" data-fullscreen- data-track-element-type=\"Article image fullscreen\" data-track-name=\"ImageFullscreen\" fetchpriority=\"high\" decoding=\"sync\" loading=\"eager\" height=\"5760\" itemprop=\"image\"  src=\"https:\/\/www.europesays.com\/no\/wp-content\/uploads\/2025\/08\/11eacf30-a045-4718-bc59-6247e7dce0ee\"  style=\"object-position:0% 0%\" width=\"8640\"\/> Foto: Ole Martin Wold \/ NTB<\/p>\n<ul aria-hidden=\"true\" class=\"_images_1y6fe_106\">\n<li><a class=\"_link_1y6fe_111\" href=\"https:\/\/www.vg.no\/forfatter\/andreas-hopen\" style=\"z-index:1\" title=\"Andreas Hopen\" rel=\"nofollow noopener\" target=\"_blank\"><img alt=\"Bilde av Andreas Hopen\" class=\"_image_1y6fe_88\" fetchpriority=\"low\" loading=\"lazy\" decoding=\"async\" itemprop=\"image\"  src=\"https:\/\/www.europesays.com\/no\/wp-content\/uploads\/2025\/08\/1755865390_134_8d697287-ea03-4d54-ab67-6d65b82629eb\"  width=\"480\"\/><\/a><\/li>\n<\/ul>\n<p> Oppdatert fredag 22. august kl. 14:06     <\/p>\n<p class=\"_paragraph_1bvmi_4 _paragraph_xtcu6_10 layout-component text-serif-m layout-normal text-serif-m layout-padded\">Roar Strand (55) ble f\u00f8rst ansatt som trener p\u00e5 klubbens akademi. Da Kjetil Rekdal ble Rosenborgs hovedtrener f\u00f8r 2022-sesongen, l\u00f8ftet han sin gamle landslagskamerat opp i teamet rundt A-laget.<\/p>\n<p class=\"_paragraph_1bvmi_4 _paragraph_xtcu6_10 layout-component text-serif-m layout-normal text-serif-m layout-padded\">Der var Strand frem til svenske Alfred Johansson (34) ble ansatt i 2024. Da gikk han ned til akademiet igjen, og n\u00e5 forsvinner han alts\u00e5 ut av klubben der han spilte sin f\u00f8rste kamp mot Sogndal i 1989 og sin siste som 40-\u00e5ring mot Aalesund i 2010.<\/p>\n<p class=\"_paragraph_1bvmi_4 _paragraph_xtcu6_10 layout-component text-serif-m layout-normal text-serif-m layout-padded\">\u2013 Klubben har n\u00e5 vurdert det dit hen at min kontrakt ikke forlenges. Begrunnelsen er \u2013 slik jeg forst\u00e5r det \u2013 \u00f8nske om fornyelse i apparatet, skriver Strand.<\/p>\n<p class=\"_paragraph_1bvmi_4 _paragraph_xtcu6_10 layout-component text-serif-m layout-normal text-serif-m layout-padded\">Torsdag seiret Rosenborg mot Mainz i kvalifiseringen til Conference League:<\/p>\n<p class=\"_paragraph_1bvmi_4 _paragraph_xtcu6_10 layout-component text-serif-m layout-normal text-serif-m layout-padded\">Han takker for tiden som trener og spillerutvikler i klubben.<\/p>\n<p class=\"_paragraph_1bvmi_4 _paragraph_xtcu6_10 layout-component text-serif-m layout-normal text-serif-m layout-padded\">\u2013 Jeg har videreutviklet min fotballkompetanse, og har hatt stor glede av \u00e5 legge til rette for at nye fotballspillere skal f\u00e5 de beste forutsetninger for \u00e5 vokse.<\/p>\n<p class=\"_paragraph_1bvmi_4 _paragraph_xtcu6_10 layout-component text-serif-m layout-normal text-serif-m layout-padded\">Han opplyser om at han ikke har noen ny jobb \u00e5 g\u00e5 til 1. januar 2026.<\/p>\n<p class=\"_paragraph_1bvmi_4 _paragraph_xtcu6_10 layout-component text-serif-m layout-normal text-serif-m layout-padded\">Ingen har flere kamper for RBK enn Roar Strand som i 2010 stoppet p\u00e5 645 kamper i hvitt og svart.<\/p>\n","protected":false},"excerpt":{"rendered":"Spill Profeten Rosenborg-legenden skriver p\u00e5 sin Facebook-profil at hans kontrakt i klubben ikke forlenges. Foto: Ole Martin Wold&hellip;\n","protected":false},"author":2,"featured_media":15118,"comment_status":"","ping_status":"","sticky":false,"template":"","format":"standard","meta":{"footnotes":""},"categories":[59],"tags":[134,92,30,28,29,162,83,82],"class_list":{"0":"post-15117","1":"post","2":"type-post","3":"status-publish","4":"format-standard","5":"has-post-thumbnail","7":"category-sport","8":"tag-eliteserien","9":"tag-fotball","10":"tag-no","11":"tag-norge","12":"tag-norway","13":"tag-rosenborg-bk","14":"tag-sport","15":"tag-sports"},"share_on_mastodon":{"url":"","error":""},"_links":{"self":[{"href":"https:\/\/www.europesays.com\/no\/wp-json\/wp\/v2\/posts\/15117","targetHints":{"allow":["GET"]}}],"collection":[{"href":"https:\/\/www.europesays.com\/no\/wp-json\/wp\/v2\/posts"}],"about":[{"href":"https:\/\/www.europesays.com\/no\/wp-json\/wp\/v2\/types\/post"}],"author":[{"embeddable":true,"href":"https:\/\/www.europesays.com\/no\/wp-json\/wp\/v2\/users\/2"}],"replies":[{"embeddable":true,"href":"https:\/\/www.europesays.com\/no\/wp-json\/wp\/v2\/comments?post=15117"}],"version-history":[{"count":0,"href":"https:\/\/www.europesays.com\/no\/wp-json\/wp\/v2\/posts\/15117\/revisions"}],"wp:featuredmedia":[{"embeddable":true,"href":"https:\/\/www.europesays.com\/no\/wp-json\/wp\/v2\/media\/15118"}],"wp:attachment":[{"href":"https:\/\/www.europesays.com\/no\/wp-json\/wp\/v2\/media?parent=15117"}],"wp:term":[{"taxonomy":"category","embeddable":true,"href":"https:\/\/www.europesays.com\/no\/wp-json\/wp\/v2\/categories?post=15117"},{"taxonomy":"post_tag","embeddable":true,"href":"https:\/\/www.europesays.com\/no\/wp-json\/wp\/v2\/tags?post=15117"}],"curies":[{"name":"wp","href":"https:\/\/api.w.org\/{rel}","templated":true}]}}