{"id":1512,"date":"2025-08-07T11:22:21","date_gmt":"2025-08-07T11:22:21","guid":{"rendered":"https:\/\/www.europesays.com\/no\/1512\/"},"modified":"2025-08-07T11:22:21","modified_gmt":"2025-08-07T11:22:21","slug":"trump-varsler-100-prosent-toll-pa-databrikker-2","status":"publish","type":"post","link":"https:\/\/www.europesays.com\/no\/1512\/","title":{"rendered":"Trump varsler 100 prosent toll p\u00e5 databrikker"},"content":{"rendered":"<p class=\"txt-ind\">\u2013 Vi kommer til \u00e5 legge toll p\u00e5 omtrent 100 prosent p\u00e5 databrikker og halvledere, sa USAs president Donald Trump da han m\u00f8tte Apple-sjef Tim Cook i Det hvite hus onsdag.<\/p>\n<p class=\"txt-ind\">\u2013 Men om du bygger i USA, er det ingen avgifter, legger Trump til.<\/p>\n<p class=\"txt-ind\">Taiwan sier torsdag morgen at brikkeprodusenten TSMC, som er en av landets viktigste eksportbedrifter, er unntatt fra den nye tollen. TSMC har ogs\u00e5 fabrikker i USA.<\/p>\n<p class=\"txt-ind\">P\u00e5 de asiatiske b\u00f8rsene falt aksjekursen til flere selskaper med tilknytning til databrikkeproduksjon. Tokyo Electron, som lager utstyr for brikkeproduksjon gikk ned 3,4 prosent, mens brikkeprodusenten Renesas falt 2,5 prosent p\u00e5 Tokyo-b\u00f8rsen. I S\u00f8r-Korea gikk SK hynix ned 2,9 prosent.<\/p>\n<p class=\"txt-ind\">I tillegg til at den nye tollen trolig vil gj\u00f8re elektronikk dyrere, kan den ogs\u00e5 p\u00e5virke prisene p\u00e5 biler, husholdningsapparater og andre varer som er en del av folk digitale hverdag.<\/p>\n<p class=\"txt-ind\">Mangel p\u00e5 databrikker bidro til den generelle prisveksten og til \u00f8kte bilpriser under koronapandemien. Den globale ettersp\u00f8rselen etter databrikker har \u00f8kt, og i juni var salgsveksten p\u00e5 19,6 prosent sammenlignet med samme m\u00e5ned i fjor.<\/p>\n<p class=\"txt-ind\">Den varslede tollen er en klar dreining fra gulrot til pisk i fors\u00f8ket p\u00e5 \u00e5 gjenopplive produksjonen av databrikker p\u00e5 hjemmebane. Mens Trump satser p\u00e5 at \u00f8kte kostnader for importerte brikker vil stimulere til \u00f8kt produksjon i USA, vedtok Kongressen et tverrpolitisk forslag i 2022 \u2013 alts\u00e5 mens Joe Biden var president \u2013 om \u00e5 gi inntil 50 milliarder i ulike st\u00f8ttetiltak for \u00e5 lokke private investorer til bransjen.<\/p>\n<p><a class=\"group clear-both w-full !no-underline my-8 sm:my-12 bg-stone-50 dark:bg-brandStone-700 dark:text-brandNeutral-100 flex items-stretch flex-nowrap\" href=\"https:\/\/www.digi.no\/artikler\/det-hvite-hus-trump-tror-iphone-kan-lages-i-usa\/557733\" rel=\"nofollow noopener\" target=\"_blank\"><img decoding=\"async\" class=\" object-cover h-full w-full transition-transform duration-700 ease-in-out group-hover:scale-[1.05] will-change-transform\" src=\"https:\/\/www.europesays.com\/no\/wp-content\/uploads\/2025\/08\/leavitt.jpg\"  alt=\"Pressesekret\u00e6r Karoline Leavitt under pressekonferansen i Det hvite hus hvor hun fortalte om Donald Trumps tro p\u00e5 at Iphone kan produseres i USA.\" loading=\"lazy\"\/><\/p>\n<p>Les ogs\u00e5:<\/p>\n<p class=\"group-hover:underline text-brandNeutral-900 dark:text-brandNeutral-100 mt-2 text-base sm:text-xl leading-5 sm:leading-6 font-bold\">Trump-uttalelse strider mot det Apple har sagt i \u00e5revis<\/p>\n<p><\/a><\/p>\n","protected":false},"excerpt":{"rendered":"\u2013 Vi kommer til \u00e5 legge toll p\u00e5 omtrent 100 prosent p\u00e5 databrikker og halvledere, sa USAs president&hellip;\n","protected":false},"author":2,"featured_media":1513,"comment_status":"","ping_status":"","sticky":false,"template":"","format":"standard","meta":{"footnotes":""},"categories":[56],"tags":[60,429,61,62,30,28,29],"class_list":{"0":"post-1512","1":"post","2":"type-post","3":"status-publish","4":"format-standard","5":"has-post-thumbnail","7":"category-naeringsliv","8":"tag-business","9":"tag-databrikker","10":"tag-economy","11":"tag-naeringsliv","12":"tag-no","13":"tag-norge","14":"tag-norway"},"share_on_mastodon":{"url":"","error":""},"_links":{"self":[{"href":"https:\/\/www.europesays.com\/no\/wp-json\/wp\/v2\/posts\/1512","targetHints":{"allow":["GET"]}}],"collection":[{"href":"https:\/\/www.europesays.com\/no\/wp-json\/wp\/v2\/posts"}],"about":[{"href":"https:\/\/www.europesays.com\/no\/wp-json\/wp\/v2\/types\/post"}],"author":[{"embeddable":true,"href":"https:\/\/www.europesays.com\/no\/wp-json\/wp\/v2\/users\/2"}],"replies":[{"embeddable":true,"href":"https:\/\/www.europesays.com\/no\/wp-json\/wp\/v2\/comments?post=1512"}],"version-history":[{"count":0,"href":"https:\/\/www.europesays.com\/no\/wp-json\/wp\/v2\/posts\/1512\/revisions"}],"wp:featuredmedia":[{"embeddable":true,"href":"https:\/\/www.europesays.com\/no\/wp-json\/wp\/v2\/media\/1513"}],"wp:attachment":[{"href":"https:\/\/www.europesays.com\/no\/wp-json\/wp\/v2\/media?parent=1512"}],"wp:term":[{"taxonomy":"category","embeddable":true,"href":"https:\/\/www.europesays.com\/no\/wp-json\/wp\/v2\/categories?post=1512"},{"taxonomy":"post_tag","embeddable":true,"href":"https:\/\/www.europesays.com\/no\/wp-json\/wp\/v2\/tags?post=1512"}],"curies":[{"name":"wp","href":"https:\/\/api.w.org\/{rel}","templated":true}]}}