{"id":15125,"date":"2025-08-22T12:31:15","date_gmt":"2025-08-22T12:31:15","guid":{"rendered":"https:\/\/www.europesays.com\/no\/15125\/"},"modified":"2025-08-22T12:31:15","modified_gmt":"2025-08-22T12:31:15","slug":"millie-bobby-brown-har-blitt-mamma-2","status":"publish","type":"post","link":"https:\/\/www.europesays.com\/no\/15125\/","title":{"rendered":"Millie Bobby Brown har blitt mamma"},"content":{"rendered":"<p>                    <img width=\"732\" height=\"661\" src=\"https:\/\/www.europesays.com\/no\/wp-content\/uploads\/2025\/08\/millie-bobby-brown-mamma-barn-jake-bongiovi-732x661.jpg\" class=\"attachment-featured-full size-featured-full wp-post-image\" alt=\"millie bobby brown mamma barn jake bongiovi\" decoding=\"async\" fetchpriority=\"high\"  \/>                    Millie Bobby Brown (Instagram(milliebobbybrown)                <\/p>\n<p>                Av <a href=\"http:\/\/730.no\/cdn-cgi\/l\/email-protection#2c5c435f586c1b1f1c024243\" rel=\"nofollow noopener\" target=\"_blank\">Nina Marl\u00e9n Halvorsen<\/a><\/p>\n<p>21. aug 2025 kl. 20:12<\/p>\n<p>Stranger Things-stjernen Millie Bobby Brown r\u00f8per at to har blitt til tre.<\/p>\n<p>Torsdag kan skuespilleren dele den gledelig nyheten om at hun og ektemannen Jake Bongiovi har \u00f8nsket et tredje familiemedlem velkommen.<\/p>\n<p>N\u00e5 er de nemlig foreldre til en datter.<\/p>\n<p>Hvis du stusser over hvordan dette har f\u00e5tt for seg ettersom Stranger Things gjorde seg ferdig med innspillingen av femte sesong f\u00f8rst i desember, har briten en forklaring p\u00e5 dette.<\/p>\n<p>P\u00e5 <a href=\"https:\/\/www.instagram.com\/730no\/\" rel=\"nofollow noopener\" target=\"_blank\">Instagram<\/a> forteller Millie Bobby Brown at hun og Jake Bongiovi har blitt foreldre via adopsjon.<\/p>\n<p>\u00abVi er utrolig spente p\u00e5 \u00e5 ta fatt p\u00e5 dette vakre neste kapittelet av foreldrerollen i b\u00e5de fred og ro\u00bb, skriver hun her.<\/p>\n<p><img loading=\"lazy\" decoding=\"async\" width=\"1000\" height=\"1278\" src=\"https:\/\/www.europesays.com\/no\/wp-content\/uploads\/2025\/08\/Millie-bobby-Brown-mamma-barn.jpg\" alt=\"Millie bobby Brown mamma barn\" class=\"wp-image-305790\"  \/>(Instagram\/milliebobbybrown)<\/p>\n<p>Millie og Jake har v\u00e6rt kj\u00e6rester siden 2021, og giftet seg i fjor sommer.<\/p>\n<p>        <script async src=\"\/\/www.instagram.com\/embed.js\"><\/script><\/p>\n","protected":false},"excerpt":{"rendered":"Millie Bobby Brown (Instagram(milliebobbybrown) Av Nina Marl\u00e9n Halvorsen 21. aug 2025 kl. 20:12 Stranger Things-stjernen Millie Bobby Brown&hellip;\n","protected":false},"author":2,"featured_media":15126,"comment_status":"","ping_status":"","sticky":false,"template":"","format":"standard","meta":{"footnotes":""},"categories":[58],"tags":[2871,2872,71,2873,2874,2875,2794,220,30,28,29,2795,72,2876],"class_list":{"0":"post-15125","1":"post","2":"type-post","3":"status-publish","4":"format-standard","5":"has-post-thumbnail","7":"category-underholdning","8":"tag-adopsjon","9":"tag-bon-jovi","10":"tag-entertainment","11":"tag-jake-bongiovi","12":"tag-jon-bon-jovi","13":"tag-mamma","14":"tag-millie-bobby-brown","15":"tag-netflix","16":"tag-no","17":"tag-norge","18":"tag-norway","19":"tag-stranger-things","20":"tag-underholdning","21":"tag-yummy-mummy"},"share_on_mastodon":{"url":"","error":""},"_links":{"self":[{"href":"https:\/\/www.europesays.com\/no\/wp-json\/wp\/v2\/posts\/15125","targetHints":{"allow":["GET"]}}],"collection":[{"href":"https:\/\/www.europesays.com\/no\/wp-json\/wp\/v2\/posts"}],"about":[{"href":"https:\/\/www.europesays.com\/no\/wp-json\/wp\/v2\/types\/post"}],"author":[{"embeddable":true,"href":"https:\/\/www.europesays.com\/no\/wp-json\/wp\/v2\/users\/2"}],"replies":[{"embeddable":true,"href":"https:\/\/www.europesays.com\/no\/wp-json\/wp\/v2\/comments?post=15125"}],"version-history":[{"count":0,"href":"https:\/\/www.europesays.com\/no\/wp-json\/wp\/v2\/posts\/15125\/revisions"}],"wp:featuredmedia":[{"embeddable":true,"href":"https:\/\/www.europesays.com\/no\/wp-json\/wp\/v2\/media\/15126"}],"wp:attachment":[{"href":"https:\/\/www.europesays.com\/no\/wp-json\/wp\/v2\/media?parent=15125"}],"wp:term":[{"taxonomy":"category","embeddable":true,"href":"https:\/\/www.europesays.com\/no\/wp-json\/wp\/v2\/categories?post=15125"},{"taxonomy":"post_tag","embeddable":true,"href":"https:\/\/www.europesays.com\/no\/wp-json\/wp\/v2\/tags?post=15125"}],"curies":[{"name":"wp","href":"https:\/\/api.w.org\/{rel}","templated":true}]}}