{"id":15129,"date":"2025-08-22T12:35:09","date_gmt":"2025-08-22T12:35:09","guid":{"rendered":"https:\/\/www.europesays.com\/no\/15129\/"},"modified":"2025-08-22T12:35:09","modified_gmt":"2025-08-22T12:35:09","slug":"nyheter-oygarden-oygarden-bat-har-kjort-pa-et-skjaer","status":"publish","type":"post","link":"https:\/\/www.europesays.com\/no\/15129\/","title":{"rendered":"Nyheter, \u00d8ygarden | \u00d8ygarden: B\u00e5t har kj\u00f8rt p\u00e5 et skj\u00e6r"},"content":{"rendered":"\n<p>Politiet fikk klokken 1214 fredag melding om at en b\u00e5t med seks personer har kj\u00f8rt p\u00e5 et skj\u00e6r i \u00d8ygarden.<\/p>\n<p>\u2013 Alle har kommet seg p\u00e5 land, ukjent skadeomfang, opplyser operasjonsleder Steinar Hausvik.<\/p>\n<p>Ulykken har skjedd s\u00f8r p\u00e5 Tofter\u00f8y, opplyser redningsleder Bjarte Mong ved Hovedredningssentralen (HRS) til BA.<\/p>\n<p><b>Det skal v\u00e6re behov for helsehjelp, opplyser HRS, men skadeomfanget er uavklart.<\/b><\/p>\n<p>Ambulanse, luftambulanse og politi skal v\u00e6re p\u00e5 stedet. En ambulanseb\u00e5t og en b\u00e5t fra Kystverket er sendt ut for \u00e5 assistere, opplyser Mong.<\/p>\n<p>\u2013 Vi kan bekrefte at et av v\u00e5re fart\u00f8y ble brukt for \u00e5 assistere. Det er oljevernfart\u00f8yet \u00abOV\u00bb Utv\u00e6r, opplyser Kristin Marthinsen Ballantine i Kystverket.<\/p>\n<p>Det opplyses at personene om bord f\u00f8rst skal ha kommet seg opp p\u00e5 en holme, og senere brakt til en kai, trolig av en ambulanseb\u00e5t.<\/p>\n<p><b>I 1300-tiden tyder det p\u00e5 at denne ligger til kai ved Panorama hotell. <\/b><\/p>\n<p>Les mer om: artikkelemnene<\/p>\n","protected":false},"excerpt":{"rendered":"Politiet fikk klokken 1214 fredag melding om at en b\u00e5t med seks personer har kj\u00f8rt p\u00e5 et skj\u00e6r&hellip;\n","protected":false},"author":2,"featured_media":1615,"comment_status":"","ping_status":"","sticky":false,"template":"","format":"standard","meta":{"footnotes":""},"categories":[10],"tags":[36,903,20,21,24,25,15,22,23,13,30,28,29,14,16,2869,1510,26,27],"class_list":{"0":"post-15129","1":"post","2":"type-post","3":"status-publish","4":"format-standard","5":"has-post-thumbnail","7":"category-norge","8":"tag-art","9":"tag-bat","10":"tag-breaking-news","11":"tag-breakingnews","12":"tag-featured-news","13":"tag-featurednews","14":"tag-headlines","15":"tag-latest-news","16":"tag-latestnews","17":"tag-news","18":"tag-no","19":"tag-norge","20":"tag-norway","21":"tag-nyheter","22":"tag-overskrifter","23":"tag-oygarden","24":"tag-story","25":"tag-top-stories","26":"tag-topstories"},"share_on_mastodon":{"url":"","error":""},"_links":{"self":[{"href":"https:\/\/www.europesays.com\/no\/wp-json\/wp\/v2\/posts\/15129","targetHints":{"allow":["GET"]}}],"collection":[{"href":"https:\/\/www.europesays.com\/no\/wp-json\/wp\/v2\/posts"}],"about":[{"href":"https:\/\/www.europesays.com\/no\/wp-json\/wp\/v2\/types\/post"}],"author":[{"embeddable":true,"href":"https:\/\/www.europesays.com\/no\/wp-json\/wp\/v2\/users\/2"}],"replies":[{"embeddable":true,"href":"https:\/\/www.europesays.com\/no\/wp-json\/wp\/v2\/comments?post=15129"}],"version-history":[{"count":0,"href":"https:\/\/www.europesays.com\/no\/wp-json\/wp\/v2\/posts\/15129\/revisions"}],"wp:featuredmedia":[{"embeddable":true,"href":"https:\/\/www.europesays.com\/no\/wp-json\/wp\/v2\/media\/1615"}],"wp:attachment":[{"href":"https:\/\/www.europesays.com\/no\/wp-json\/wp\/v2\/media?parent=15129"}],"wp:term":[{"taxonomy":"category","embeddable":true,"href":"https:\/\/www.europesays.com\/no\/wp-json\/wp\/v2\/categories?post=15129"},{"taxonomy":"post_tag","embeddable":true,"href":"https:\/\/www.europesays.com\/no\/wp-json\/wp\/v2\/tags?post=15129"}],"curies":[{"name":"wp","href":"https:\/\/api.w.org\/{rel}","templated":true}]}}