{"id":15156,"date":"2025-08-22T13:04:10","date_gmt":"2025-08-22T13:04:10","guid":{"rendered":"https:\/\/www.europesays.com\/no\/15156\/"},"modified":"2025-08-22T13:04:10","modified_gmt":"2025-08-22T13:04:10","slug":"bilen-ble-dyttet-i-sjoen-pa-nesna","status":"publish","type":"post","link":"https:\/\/www.europesays.com\/no\/15156\/","title":{"rendered":"Bilen ble dyttet i sj\u00f8en p\u00e5 Nesna"},"content":{"rendered":"\n<p class=\"_lead_1bvmi_2 _lead_xtcu6_50 layout-component text-serif-m layout-normal text-serif-l layout-component layout-wide layout-padded _wide_17hqh_1 layout-padded\">En bilf\u00f8rer er siktet for \u00e5 ha kj\u00f8rt i rus, kj\u00f8rt p\u00e5 en syklist og utagert mot politiet. \u2013\u2060\u00a0Jeg tenkte bare \u00abherregud\u00bb, sier vitne. <\/p>\n<p> <img class=\"_image_qp4xg_65 layout-component layout-wide\" data-fullscreen- data-track-element-type=\"Article image fullscreen\" data-track-name=\"ImageFullscreen\" fetchpriority=\"high\" decoding=\"sync\" loading=\"eager\" height=\"181\" itemprop=\"image\"  src=\"https:\/\/www.europesays.com\/no\/wp-content\/uploads\/2025\/08\/554f934aaf4f303bdae2fd2917a90836.jpg\"  style=\"object-position:50% 50%;aspect-ratio:1.75;height:auto;object-fit:cover;width:100%\" width=\"102\"\/>  <\/p>\n<ul aria-hidden=\"true\" class=\"_images_1y6fe_106\">\n<li><a class=\"_link_1y6fe_111\" href=\"https:\/\/www.vg.no\/forfatter\/bendik-hansen\" style=\"z-index:2\" title=\"Bendik Hansen\" rel=\"nofollow noopener\" target=\"_blank\"><img alt=\"Bilde av Bendik Hansen\" class=\"_image_1y6fe_88\" fetchpriority=\"low\" loading=\"lazy\" decoding=\"async\" itemprop=\"image\"  src=\"https:\/\/www.europesays.com\/no\/wp-content\/uploads\/2025\/08\/1755867849_835_236bc5a3-2236-4046-b957-81f29d024aa6\"  width=\"480\"\/><\/a><\/li>\n<li><a class=\"_link_1y6fe_111\" href=\"https:\/\/www.vg.no\/forfatter\/espen-sjoelingstad-hoen-foto\" style=\"z-index:1\" title=\"Espen Sj\u00f8lingstad Hoen\" rel=\"nofollow noopener\" target=\"_blank\"><img alt=\"Bilde av Espen Sj\u00f8lingstad Hoen\" class=\"_image_1y6fe_88\" fetchpriority=\"low\" loading=\"lazy\" decoding=\"async\" itemprop=\"image\"  src=\"https:\/\/www.europesays.com\/no\/wp-content\/uploads\/2025\/08\/57c8a5b7-0b4f-4e0f-a651-c1d92d62db42\"  width=\"480\"\/><\/a><\/li>\n<\/ul>\n<p> Oppdatert fredag 22. august kl. 11:13    <\/p>\n<ul class=\"_list_1bvmi_3 _list_1flq1_85 _unordered_1bvmi_99 text-sans-m\">\n<li class=\"_item_1bvmi_30\">To menn dyttet en bil i sj\u00f8en ved fergekaien p\u00e5 Nesna torsdag kveld, noe VG-video viser.<\/li>\n<li class=\"_item_1bvmi_30\">F\u00f8reren er siktet for ruskj\u00f8ring, p\u00e5kj\u00f8rsel av en syklist og vold mot politiet; den andre mistenkes for skadeverk.<\/li>\n<li class=\"_item_1bvmi_30\">Et vitne reagerte: \u00abHerregud, g\u00e5r det an \u00e5 bli s\u00e5 dum!\u00bb<\/li>\n<\/ul>\n<p>Vis mer <\/p>\n<p class=\"_paragraph_1bvmi_4 _paragraph_xtcu6_10 layout-component text-serif-m layout-normal text-serif-m layout-padded\">Politiet fikk melding om at en bil hadde havnet i sj\u00f8en ved fergekaien p\u00e5 <a href=\"https:\/\/www.vg.no\/tag\/nesna?utm_source=vg-article&amp;utm_medium=auto-tagger&amp;utm_campaign=pPzA11\" class=\"_link_1bvmi_39\" rel=\"nofollow noopener\" target=\"_blank\">Nesna<\/a> i Nordland, torsdag kveld, klokken 21.35.<\/p>\n<p class=\"_paragraph_1bvmi_4 _paragraph_xtcu6_10 layout-component text-serif-m layout-normal text-serif-m layout-padded\">B\u00e5de politi og ambulanse rykket ut. <\/p>\n<p class=\"_paragraph_1bvmi_4 _paragraph_xtcu6_10 layout-component text-serif-m layout-normal text-serif-m layout-padded\">\u2013 F\u00f8reren og passasjeren som var i bilen, er ruset og utagerer mot politiet, skrev operasjonsleder Veronica Helen Nylund i politiloggen like f\u00f8r klokken 22, torsdag. <\/p>\n<p class=\"_paragraph_1bvmi_4 _paragraph_xtcu6_10 layout-component text-serif-m layout-normal text-serif-m layout-padded\"><strong class=\"_strong_1bvmi_25\">N\u00e5 kan VG vise en video som viser to menn dytte den aktuelle bilen utfor fergekaien. <\/strong><\/p>\n<p class=\"_paragraph_1bvmi_4 _paragraph_xtcu6_10 layout-component text-serif-m layout-normal text-serif-m layout-padded\">F\u00f8r bilen havnet p\u00e5 havets bunn skal kj\u00f8ret\u00f8yet ogs\u00e5 ha v\u00e6rt involvert i en syklist-p\u00e5kj\u00f8rsel, if\u00f8lge politiet. Syklisten skal ikke v\u00e6re alvorlig skadet. <\/p>\n<p>Aktiver kart<br \/>\nVitne: \u2013 G\u00e5r det an \u00e5 bli s\u00e5 dum?!<\/p>\n<p class=\"_paragraph_1bvmi_4 _paragraph_xtcu6_10 layout-component text-serif-m layout-normal text-serif-m layout-padded\">VG har snakket med 21 \u00e5r gamle Erik Schjelderup som var p\u00e5 jobb om bord p\u00e5 en charterb\u00e5t da han ble oppmerksom p\u00e5 bilen p\u00e5 fergekaia. <\/p>\n<p class=\"_paragraph_1bvmi_4 _paragraph_xtcu6_10 layout-component text-serif-m layout-normal text-serif-m layout-padded\">\u2013 Jeg s\u00e5 en som satt i bilen med d\u00f8ren \u00e5pen, og en som sto bak og dyttet. Plutselig kom han som satt i bilen ut for \u00e5 hjelpe til med \u00e5 dytte den i sj\u00f8en, forteller han. <\/p>\n<p class=\"_paragraph_1bvmi_4 _paragraph_xtcu6_10 layout-component text-serif-m layout-normal text-serif-m layout-padded\">21-\u00e5ringen rakk s\u00e5 vidt \u00e5 plukke opp telefonen og fange hendelsen p\u00e5 video. <\/p>\n<p class=\"_paragraph_1bvmi_4 _paragraph_xtcu6_10 layout-component text-serif-m layout-normal text-serif-m layout-padded\"><strong class=\"_strong_1bvmi_25\">\u2013 Jeg tenkte bare \u00abherregud, g\u00e5r det an \u00e5 bli s\u00e5 dum?!\u00bb Det var lyst og klokken var bare litt over ni da jeg tok videoen, sier han. <\/strong><\/p>\n<p class=\"_paragraph_1bvmi_4 _paragraph_xtcu6_10 layout-component text-serif-m layout-normal text-serif-m layout-padded\">If\u00f8lge Schjelderup s\u00e5 det ut som om bilen hadde en skade i front. <\/p>\n<p class=\"_paragraph_1bvmi_4 _paragraph_xtcu6_10 layout-component text-serif-m layout-normal text-serif-m layout-padded\">Han sier at vitner skal ha fulgt etter de to personene for \u00e5 v\u00e6re sikre p\u00e5 at politiet skulle f\u00e5 tak i dem. <\/p>\n<p>Politiet: Siktet for flere forhold<\/p>\n<p class=\"_paragraph_1bvmi_4 _paragraph_xtcu6_10 layout-component text-serif-m layout-normal text-serif-m layout-padded\">VG har v\u00e6rt i kontakt med politiet i Nordland, som sier at de forel\u00f8pig ikke kan si hvem som er registrert som eier av bilen. <\/p>\n<p class=\"_paragraph_1bvmi_4 _paragraph_xtcu6_10 layout-component text-serif-m layout-normal text-serif-m layout-padded\">\u2013 Men vi har ingen opplysninger forel\u00f8pig som tilsier at bilen var stj\u00e5let, sier politiadvokat Joachim Nymann. <\/p>\n<p class=\"_paragraph_1bvmi_4 _paragraph_xtcu6_10 layout-component text-serif-m layout-normal text-serif-m layout-padded\">Han sier at politiet fikk kontroll p\u00e5 to personer da de kom til stedet. Den ene skal ha v\u00e6rt aggressiv og voldelig mot politiet, og ble p\u00e5grepet og tatt med inn i arrest. <\/p>\n<p class=\"_paragraph_1bvmi_4 _paragraph_xtcu6_10 layout-component text-serif-m layout-normal text-serif-m layout-padded\">\u2013 Personen er siktet for kj\u00f8ring i rusvirket tilstand, uaktsom kj\u00f8ring ved \u00e5 ha for\u00e5rsaket trafikkuhell, kj\u00f8ring uten gyldig f\u00f8rerkort, skadeverk, samt \u00e5 ha ut\u00f8vd vold mot politipersonell, sier han. <\/p>\n<p class=\"_paragraph_1bvmi_4 _paragraph_xtcu6_10 layout-component text-serif-m layout-normal text-serif-m layout-padded\">Den andre personen er mistenkt for skadeverk. Ingen av personene har f\u00e5tt oppnevnt forsvarere. <\/p>\n<p class=\"_paragraph_1bvmi_4 _paragraph_xtcu6_10 layout-component text-serif-m layout-normal text-serif-m layout-padded\"><strong class=\"_strong_1bvmi_25\">\u2013 Begge de to involverte er kjent for politiet fra tidligere. <\/strong><\/p>\n<p class=\"_root_1xq52_1\" lang=\"no\" dir=\"auto\">I g\u00e5r kveld bisto <a href=\"https:\/\/x.com\/hashtag\/redningssk\u00f8yta\" class=\"_root_eihfa_1\" target=\"_blank\" rel=\"noopener noreferrer nofollow\">#redningssk\u00f8yta<\/a> \u00abOdd Fellow III\u00bb med <a href=\"https:\/\/x.com\/hashtag\/dykk\" class=\"_root_eihfa_1\" target=\"_blank\" rel=\"noopener noreferrer nofollow\">#dykk<\/a> da en bil havnet i vannet ved fergekaia ved <a href=\"https:\/\/x.com\/hashtag\/Nesna\" class=\"_root_eihfa_1\" target=\"_blank\" rel=\"noopener noreferrer nofollow\">#Nesna<\/a>. Ingen personer var involvert, og sk\u00f8yta var i beredskap til fergen kunne legge til igjen.<\/p>\n<p>  Fikk bistand av dykkere<\/p>\n<p class=\"_paragraph_1bvmi_4 _paragraph_xtcu6_10 layout-component text-serif-m layout-normal text-serif-m layout-padded\">Bilen hindret fergetrafikken i flere timer, skriver politiet. <\/p>\n<p class=\"_paragraph_1bvmi_4 _paragraph_xtcu6_10 layout-component text-serif-m layout-normal text-serif-m layout-padded\">Det skal ikke ha v\u00e6rt mistanke om at det befant seg andre i bilen, men politiet opplyser at de m\u00e5tte unders\u00f8ke dette da \u00abde ikke stolte p\u00e5 opplysningene fra f\u00f8rer\u00bb.<\/p>\n<p class=\"_paragraph_1bvmi_4 _paragraph_xtcu6_10 layout-component text-serif-m layout-normal text-serif-m layout-padded\">N\u00f8detatene fikk derfor bistand av dykkere fra redningssk\u00f8yten \u00abOdd Fellow III\u00bb, som bekreftet at bilen var tom. <\/p>\n<p class=\"_paragraph_1bvmi_4 _paragraph_xtcu6_10 layout-component text-serif-m layout-normal text-serif-m layout-padded\"><strong class=\"_strong_1bvmi_25\">Klokken 01.41 var bilen hentet opp av havet.<\/strong><\/p>\n<p>    <img decoding=\"async\" alt=\"Tips oss illustrasjon\" width=\"62px\" height=\"auto\" src=\"https:\/\/www.europesays.com\/no\/wp-content\/uploads\/2025\/08\/1754784428_95_W9avJzE.png\"\/>    <\/p>\n<p class=\"title-serif-s\">Har du tips til oss?<\/p>\n<p class=\"text-sans-m\">Send oss informasjon, bilder eller video<\/p>\n<p>  <a href=\"https:\/\/www.vg.no\/tips-oss\" rel=\"nofollow noopener\" target=\"_blank\"> Tips oss <\/a>      <\/p>\n","protected":false},"excerpt":{"rendered":"En bilf\u00f8rer er siktet for \u00e5 ha kj\u00f8rt i rus, kj\u00f8rt p\u00e5 en syklist og utagert mot politiet.&hellip;\n","protected":false},"author":2,"featured_media":15157,"comment_status":"","ping_status":"","sticky":false,"template":"","format":"standard","meta":{"footnotes":""},"categories":[5],"tags":[20,21,24,25,15,19,148,22,23,17,18,1781,13,30,28,29,14,16,468,26,27],"class_list":{"0":"post-15156","1":"post","2":"type-post","3":"status-publish","4":"format-standard","5":"has-post-thumbnail","7":"category-overskrifter","8":"tag-breaking-news","9":"tag-breakingnews","10":"tag-featured-news","11":"tag-featurednews","12":"tag-headlines","13":"tag-hovedoppslag","14":"tag-kriminalitet","15":"tag-latest-news","16":"tag-latestnews","17":"tag-main-news","18":"tag-mainnews","19":"tag-nesna","20":"tag-news","21":"tag-no","22":"tag-norge","23":"tag-norway","24":"tag-nyheter","25":"tag-overskrifter","26":"tag-politiet","27":"tag-top-stories","28":"tag-topstories"},"share_on_mastodon":{"url":"","error":""},"_links":{"self":[{"href":"https:\/\/www.europesays.com\/no\/wp-json\/wp\/v2\/posts\/15156","targetHints":{"allow":["GET"]}}],"collection":[{"href":"https:\/\/www.europesays.com\/no\/wp-json\/wp\/v2\/posts"}],"about":[{"href":"https:\/\/www.europesays.com\/no\/wp-json\/wp\/v2\/types\/post"}],"author":[{"embeddable":true,"href":"https:\/\/www.europesays.com\/no\/wp-json\/wp\/v2\/users\/2"}],"replies":[{"embeddable":true,"href":"https:\/\/www.europesays.com\/no\/wp-json\/wp\/v2\/comments?post=15156"}],"version-history":[{"count":0,"href":"https:\/\/www.europesays.com\/no\/wp-json\/wp\/v2\/posts\/15156\/revisions"}],"wp:featuredmedia":[{"embeddable":true,"href":"https:\/\/www.europesays.com\/no\/wp-json\/wp\/v2\/media\/15157"}],"wp:attachment":[{"href":"https:\/\/www.europesays.com\/no\/wp-json\/wp\/v2\/media?parent=15156"}],"wp:term":[{"taxonomy":"category","embeddable":true,"href":"https:\/\/www.europesays.com\/no\/wp-json\/wp\/v2\/categories?post=15156"},{"taxonomy":"post_tag","embeddable":true,"href":"https:\/\/www.europesays.com\/no\/wp-json\/wp\/v2\/tags?post=15156"}],"curies":[{"name":"wp","href":"https:\/\/api.w.org\/{rel}","templated":true}]}}