{"id":15164,"date":"2025-08-22T13:16:10","date_gmt":"2025-08-22T13:16:10","guid":{"rendered":"https:\/\/www.europesays.com\/no\/15164\/"},"modified":"2025-08-22T13:16:10","modified_gmt":"2025-08-22T13:16:10","slug":"fbi-agenter-stormer-inn-i-huset-til-tidligere-trump-sikkerhetsradgiver","status":"publish","type":"post","link":"https:\/\/www.europesays.com\/no\/15164\/","title":{"rendered":"FBI-agenter stormer inn i huset til tidligere Trump-sikkerhetsr\u00e5dgiver"},"content":{"rendered":"\n<p class=\"_lead_1bvmi_2 _lead_xtcu6_50 layout-component text-serif-m layout-normal text-serif-l layout-component layout-wide layout-padded _wide_17hqh_1 layout-padded\">Det melder flere amerikanske medier. \u2013\u2060\u00a0Ingen er hevet over loven, sier FBI-direkt\u00f8r. <\/p>\n<p><img alt=\"President Donald Trump i forgrunnen og hans tidligere sikkerhetsr\u00e5dgiver John Bolton i bakgrunnen.  Foto: NICHOLAS KAMM \/ AFP \/ NTB\" class=\"_image_qp4xg_65 layout-component layout-wide\" data-fullscreen- data-track-element-type=\"Article image fullscreen\" data-track-name=\"ImageFullscreen\" fetchpriority=\"high\" decoding=\"sync\" loading=\"eager\" height=\"3537\" itemprop=\"image\"  src=\"https:\/\/www.europesays.com\/no\/wp-content\/uploads\/2025\/08\/d0ced428-7b92-49fd-b487-fd9c58dc38ab\"  style=\"object-position:0% 0%\" width=\"5050\"\/>President Donald Trump i forgrunnen og hans tidligere sikkerhetsr\u00e5dgiver John Bolton i bakgrunnen.  Foto: NICHOLAS KAMM \/ AFP \/ NTB<\/p>\n<ul aria-hidden=\"true\" class=\"_images_1y6fe_106\">\n<li><a class=\"_link_1y6fe_111\" href=\"https:\/\/www.vg.no\/forfatter\/synne-eggum-myrvang\" style=\"z-index:2\" title=\"Synne Eggum Myrvang\" rel=\"nofollow noopener\" target=\"_blank\"><img alt=\"Bilde av Synne Eggum Myrvang\" class=\"_image_1y6fe_88\" fetchpriority=\"low\" loading=\"lazy\" decoding=\"async\" itemprop=\"image\"  src=\"https:\/\/www.europesays.com\/no\/wp-content\/uploads\/2025\/08\/1755868568_35_cb0de739-d6fc-42ac-b090-963b122bad0d\"  width=\"480\"\/><\/a><\/li>\n<li><a class=\"_link_1y6fe_111\" href=\"https:\/\/www.vg.no\/forfatter\/bendik-hansen\" style=\"z-index:1\" title=\"Bendik Hansen\" rel=\"nofollow noopener\" target=\"_blank\"><img alt=\"Bilde av Bendik Hansen\" class=\"_image_1y6fe_88\" fetchpriority=\"low\" loading=\"lazy\" decoding=\"async\" itemprop=\"image\"  src=\"https:\/\/www.europesays.com\/no\/wp-content\/uploads\/2025\/08\/1755868568_726_236bc5a3-2236-4046-b957-81f29d024aa6\"  width=\"480\"\/><\/a><\/li>\n<\/ul>\n<p> Oppdatert fredag 22. august kl. 14:28     <\/p>\n<p class=\"_paragraph_1bvmi_4 _paragraph_xtcu6_10 layout-component text-serif-m layout-normal text-serif-m layout-padded\">John Bolton er Trumps tidligere sikkerhetsr\u00e5dgiver.<\/p>\n<p class=\"_paragraph_1bvmi_4 _paragraph_xtcu6_10 layout-component text-serif-m layout-normal text-serif-m layout-padded\">F\u00f8derale agenter stormet inn i Boltons hus i Bethesda i Maryland klokken 07.00 i en etterforskning som if\u00f8lge den amerikanske avisen er bestilt av <a href=\"https:\/\/www.vg.no\/tag\/fbi-2?utm_source=vg-article&amp;utm_medium=auto-tagger&amp;utm_campaign=xmL4JX\" class=\"_link_1bvmi_39\" rel=\"nofollow noopener\" target=\"_blank\">FBI<\/a>-direkt\u00f8r Kash Patel. <\/p>\n<p class=\"_paragraph_1bvmi_4 _paragraph_xtcu6_10 layout-component text-serif-m layout-normal text-serif-m layout-padded\"><strong class=\"_strong_1bvmi_25\">\u2014 INGEN er hevet over loven. FBI-agenter p\u00e5 oppdrag, skriver Patel p\u00e5 <a href=\"https:\/\/twitter.com\/FBIDirectorKash\/status\/1958847495028584529\" class=\"_link_1bvmi_39\" rel=\"nofollow noopener\" target=\"_blank\">X<\/a>, fredag. <\/strong><\/p>\n<p class=\"_paragraph_1bvmi_4 _paragraph_xtcu6_10 layout-component text-serif-m layout-normal text-serif-m layout-padded\">Etterforskningen mot Bolton ble iverksatt for flere \u00e5r siden og gjelder h\u00e5ndtering av klassifiserte dokumenter, if\u00f8lge nyhetsbyr\u00e5et <a href=\"https:\/\/apnews.com\/live\/donald-trump-news-updates-8-22-2025\" class=\"_link_1bvmi_39\" rel=\"nofollow noopener\" target=\"_blank\">AP<\/a>. Patel har lovet \u00e5 sette en stopper for korrupsjon i regjeringen.<\/p>\n<p class=\"_paragraph_1bvmi_4 _paragraph_xtcu6_10 layout-component text-serif-m layout-normal text-serif-m layout-padded\">If\u00f8lge kilder til nyhetsbyr\u00e5et er ikke Bolton arrestert eller siktet for noen forbrytelser.<\/p>\n<p class=\"_paragraph_1bvmi_4 _paragraph_xtcu6_10 layout-component text-serif-m layout-normal text-serif-m layout-padded\">Det var <a href=\"https:\/\/nypost.com\/2025\/08\/22\/us-news\/patels-fbi-raids-john-boltons-home-in-high-profile-national-security-probe\/\" class=\"_link_1bvmi_39\" rel=\"nofollow noopener\" target=\"_blank\">New York Post<\/a> som f\u00f8rst omtalte aksjonen. <\/p>\n<p class=\"_root_1xq52_1\" lang=\"en\" dir=\"auto\">NO ONE is above the law\u2026 <a href=\"https:\/\/x.com\/FBI\" class=\"_root_eihfa_1\" target=\"_blank\" rel=\"noopener noreferrer nofollow\">@FBI<\/a> agents on mission<\/p>\n<p>  <img alt=\"Her er bilde av den tidligere sikkerhetsr\u00e5dgiverens hus fra desember i fjor.  Foto: Google Maps.\" class=\"_image_qp4xg_65 layout-component layout-normal\" data-fullscreen- data-track-element-type=\"Article image fullscreen\" data-track-name=\"ImageFullscreen\" decoding=\"async\" loading=\"lazy\" height=\"1004\" itemprop=\"image\"  src=\"https:\/\/www.europesays.com\/no\/wp-content\/uploads\/2025\/08\/c4ba460f-1468-42e0-846f-82abb5bfa04a\"  style=\"object-position:0% 0%\" width=\"1340\"\/>Her er bilde av den tidligere sikkerhetsr\u00e5dgiverens hus fra desember i fjor.  Foto: Google Maps.Hard Trump-motstand<\/p>\n<p class=\"_paragraph_1bvmi_4 _paragraph_xtcu6_10 layout-component text-serif-m layout-normal text-serif-m layout-padded\">John Bolton begynte sin politiske karriere under Ronald Reagen og hadde sentrale stillinger da far og s\u00f8nn George Bush var president. Han var USAs ambassad\u00f8r til FN fra 2005 til 2006, selv om han aldri ble formelt godkjent til stillingen av Senatet. <\/p>\n<p class=\"_paragraph_1bvmi_4 _paragraph_xtcu6_10 layout-component text-serif-m layout-normal text-serif-m layout-padded\"><strong class=\"_strong_1bvmi_25\">Bolton ble utnevnt til nasjonal sikkerhetsr\u00e5digver av president Donald Trump i mars 2018, men fikk sparken i 2019 og hevdet at han selv sa opp jobben. <\/strong><\/p>\n<p class=\"_paragraph_1bvmi_4 _paragraph_xtcu6_10 layout-component text-serif-m layout-normal text-serif-m layout-padded\">Siden dette har han v\u00e6rt en arg Trump-kritiker, blant annet gjennom boka \u00abThe Room Where it Happened: A White House Memoir\u00bb. Boken ble fors\u00f8kt stanset av Trump-administrasjonen. <\/p>\n<p class=\"_paragraph_1bvmi_4 _paragraph_xtcu6_10 layout-component text-serif-m layout-normal text-serif-m layout-padded\">Der hevdet han blant annet at Trump ba Kinas president Xi Jinping om hjelp til \u00e5 bli gjenvalgs som president. Han skrev ogs\u00e5 hvordan sin gamle sjef var uforberedt og mer opptatt av sine egne interesser enn nasjonens beste.<\/p>\n<p class=\"_paragraph_1bvmi_4 _paragraph_xtcu6_10 layout-component text-serif-m layout-normal text-serif-m layout-padded\"><strong class=\"_strong_1bvmi_25\">\u2013 Dessverre er Trumps presidentskap til fordel for Moskva, sa Bolton i et VG-intervju i desember i fjor, der han gikk hardt ut mot ham:<\/strong><\/p>\n<p class=\"_paragraph_1bvmi_4 _paragraph_xtcu6_10 layout-component text-serif-m layout-normal layout-padded\"><strong class=\"_strong_1bvmi_25\">Les ogs\u00e5:<\/strong> <a href=\"https:\/\/www.vg.no\/i\/RzlXxA\" data-track-element-type=\"Link\" data-track-id=\"link:RzlXxA\" class=\"_link_1bvmi_39\" rel=\"nofollow noopener\" target=\"_blank\">John Bolton med ny kritikk av Donald Trump<\/a><\/p>\n<p><img alt=\"I KULISSENE: John Bolton var sikkerhetsr\u00e5dgiver for Donald Trump i hans f\u00f8rste presidentperiode.   Foto: BRENDAN SMIALOWSKI \/ AFP \/ NTB\" class=\"_image_qp4xg_65 layout-component layout-normal\" data-fullscreen- data-track-element-type=\"Article image fullscreen\" data-track-name=\"ImageFullscreen\" decoding=\"async\" loading=\"lazy\" height=\"3000\" itemprop=\"image\"  src=\"https:\/\/www.europesays.com\/no\/wp-content\/uploads\/2025\/08\/6f86a03c-cb33-4063-98be-27672fdbbb50\"  style=\"object-position:0% 0%\" width=\"4500\"\/>I KULISSENE: John Bolton var sikkerhetsr\u00e5dgiver for Donald Trump i hans f\u00f8rste presidentperiode.   Foto: BRENDAN SMIALOWSKI \/ AFP \/ NTBFratatt sikkerhetsklarering<\/p>\n<p class=\"_paragraph_1bvmi_4 _paragraph_xtcu6_10 layout-component text-serif-m layout-normal text-serif-m layout-padded\">P\u00e5 sin f\u00f8rste dag som president i sin andre periode, tilbakekalte Donald Trump sikkerhetsklareringen til en rekke tidligere etterretningsoffiserer, blant annet Bolton. <\/p>\n<p class=\"_paragraph_1bvmi_4 _paragraph_xtcu6_10 layout-component text-serif-m layout-normal text-serif-m layout-padded\">Fredag er Trumps tidligere sikkerhetsr\u00e5dgiver aktiv i sosiale medier. <\/p>\n<p class=\"_paragraph_1bvmi_4 _paragraph_xtcu6_10 layout-component text-serif-m layout-normal text-serif-m layout-padded\">I en X-post publisert samtidig som FBI-agenter gjennoms\u00f8ker hjemmet hans, kommenterer han krigen i Ukraina:<\/p>\n<p class=\"_root_1xq52_1\" lang=\"en\" dir=\"auto\">Russia has not changed its goal:\u00a0drag Ukraine into a new Russian Empire. Moscow has demanded that Ukraine cede territory it already holds and the remainder of Donetsk, which it has been unable to conquer.\u00a0 Zelensky will never do so.\u00a0 Meanwhile, meetings will continue because<\/p>\n<p>      <img decoding=\"async\" alt=\"Tips oss illustrasjon\" width=\"62px\" height=\"auto\" src=\"https:\/\/www.europesays.com\/no\/wp-content\/uploads\/2025\/08\/1754784428_95_W9avJzE.png\"\/>    <\/p>\n<p class=\"title-serif-s\">Har du tips til oss?<\/p>\n<p class=\"text-sans-m\">Send oss informasjon, bilder eller video<\/p>\n<p>  <a href=\"https:\/\/www.vg.no\/tips-oss\" rel=\"nofollow noopener\" target=\"_blank\"> Tips oss <\/a>      <script async src=\"https:\/\/platform.twitter.com\/widgets.js\" charset=\"utf-8\"><\/script><\/p>\n","protected":false},"excerpt":{"rendered":"Det melder flere amerikanske medier. \u2013\u2060\u00a0Ingen er hevet over loven, sier FBI-direkt\u00f8r. President Donald Trump i forgrunnen og&hellip;\n","protected":false},"author":2,"featured_media":15165,"comment_status":"","ping_status":"","sticky":false,"template":"","format":"standard","meta":{"footnotes":""},"categories":[12],"tags":[31,20,21,55,2879,24,25,15,22,23,13,30,28,29,14,16,26,27,50,42,43,44,45],"class_list":{"0":"post-15164","1":"post","2":"type-post","3":"status-publish","4":"format-standard","5":"has-post-thumbnail","7":"category-verden","8":"tag-breaking","9":"tag-breaking-news","10":"tag-breakingnews","11":"tag-donald-trump","12":"tag-fbi","13":"tag-featured-news","14":"tag-featurednews","15":"tag-headlines","16":"tag-latest-news","17":"tag-latestnews","18":"tag-news","19":"tag-no","20":"tag-norge","21":"tag-norway","22":"tag-nyheter","23":"tag-overskrifter","24":"tag-top-stories","25":"tag-topstories","26":"tag-usa","27":"tag-verden","28":"tag-world","29":"tag-world-news","30":"tag-worldnews"},"share_on_mastodon":{"url":"","error":""},"_links":{"self":[{"href":"https:\/\/www.europesays.com\/no\/wp-json\/wp\/v2\/posts\/15164","targetHints":{"allow":["GET"]}}],"collection":[{"href":"https:\/\/www.europesays.com\/no\/wp-json\/wp\/v2\/posts"}],"about":[{"href":"https:\/\/www.europesays.com\/no\/wp-json\/wp\/v2\/types\/post"}],"author":[{"embeddable":true,"href":"https:\/\/www.europesays.com\/no\/wp-json\/wp\/v2\/users\/2"}],"replies":[{"embeddable":true,"href":"https:\/\/www.europesays.com\/no\/wp-json\/wp\/v2\/comments?post=15164"}],"version-history":[{"count":0,"href":"https:\/\/www.europesays.com\/no\/wp-json\/wp\/v2\/posts\/15164\/revisions"}],"wp:featuredmedia":[{"embeddable":true,"href":"https:\/\/www.europesays.com\/no\/wp-json\/wp\/v2\/media\/15165"}],"wp:attachment":[{"href":"https:\/\/www.europesays.com\/no\/wp-json\/wp\/v2\/media?parent=15164"}],"wp:term":[{"taxonomy":"category","embeddable":true,"href":"https:\/\/www.europesays.com\/no\/wp-json\/wp\/v2\/categories?post=15164"},{"taxonomy":"post_tag","embeddable":true,"href":"https:\/\/www.europesays.com\/no\/wp-json\/wp\/v2\/tags?post=15164"}],"curies":[{"name":"wp","href":"https:\/\/api.w.org\/{rel}","templated":true}]}}