{"id":15173,"date":"2025-08-22T13:24:10","date_gmt":"2025-08-22T13:24:10","guid":{"rendered":"https:\/\/www.europesays.com\/no\/15173\/"},"modified":"2025-08-22T13:24:10","modified_gmt":"2025-08-22T13:24:10","slug":"savnet-saken-i-kongsvinger-krim-finsk-drapssiktet-ble-pagrepet-av-politiet-pa-gardermoen-i-desember","status":"publish","type":"post","link":"https:\/\/www.europesays.com\/no\/15173\/","title":{"rendered":"Savnet-saken i Kongsvinger, Krim | Finsk drapssiktet ble p\u00e5grepet av politiet p\u00e5 Gardermoen i desember"},"content":{"rendered":"\n<p>Det var i forbindelse med opprullingen av cannabis-plantasjen p\u00e5 g\u00e5rden i Kongsvinger at politiet etterlyste den finske mannen.<\/p>\n<p>Da politiet rykket ut til en voldshendelse p\u00e5 en g\u00e5rd i Kongsvinger 20. november i fjor, oppdaget de ved en tilfeldighet en cannabis-plantasje.<\/p>\n<p>Tre menn ble siktet i forbindelse med plantasjen. De samme mennene er n\u00e5 siktet for drap eller medvirkning til drap p\u00e5 svenske Jerry Mikael Lemmetty.<\/p>\n<p>Politiet hadde raskt kontroll p\u00e5 mannen i 50-\u00e5rene som er bosatt p\u00e5 g\u00e5rden der plantasjen ble funnet, mens mannen i 20-\u00e5rene ble p\u00e5grepet i Kongsvinger dagen etter voldsepisoden og funnet av plantasjen.<\/p>\n<p>(Artikkelen fortsetter etter bildet.)<\/p>\n<p>   <img decoding=\"async\" width=\"952\" height=\"710\" fetchpriority=\"low\"  loading=\"lazy\"  src=\"https:\/\/www.europesays.com\/no\/wp-content\/uploads\/2025\/08\/image001.png\" alt=\"\" class=\"brick-c-cFOWSL\" style=\"--brick-image-ratio: 952 \/ 710;\"\/><\/p>\n<p>    GJORDE FUNN: Politiet rykket ut til en voldshendelse og fant ved en tilfeldighet en cannabis-plantasje med rundt 100 planter.<br \/>\n    Foto: Innlandet politidistrikt\n  <\/p>\n<p>  Etterlyst, p\u00e5grepet og l\u00f8slatt<\/p>\n<p>I forbindelse med saken kom ogs\u00e5 den finske mannen i 30-\u00e5rene i politiets s\u00f8kelys og han ble siktet i saken.<\/p>\n<p>\u2013 Han var ikke til stede da vi kom til g\u00e5rden og han ble etterlyst av politiet den 20. november, sier politiinspekt\u00f8r Henning Klauseie til Gl\u00e5mdalen.<\/p>\n<p>Men 17 dager senere, den 7. desember i fjor, blir den etterlyste finnen p\u00e5grepet av politiet p\u00e5 Gardermoen med en flybillett i h\u00e5nden.<\/p>\n<p>\u2013 Han var p\u00e5 vei ut av landet og  da han fanges opp i passkontrollen, forteller Klauseie.<\/p>\n<p>Mannen blir kj\u00f8rt til Hamar politistasjon etter p\u00e5gripelsen \u2013 der blir han dagen etter avh\u00f8rt om cannabis-plantasjen og l\u00f8slatt.<\/p>\n<p>\u2013 Hva forklarte han om sin rolle?<\/p>\n<p>\u2013 Han erkjente ikke straffskyld for noe, sier Klauseie, som legger til at mannen ikke ba om bistand fra forsvarer i forbindelse med avh\u00f8ret om cannabis-plantasjen.<\/p>\n<p>Reiste til S\u00f8r\u00f8st-Asia<\/p>\n<p>Etter l\u00f8slatelsen satte den finske mannen seg p\u00e5 et fly og forlot Norge, noe han sto fritt til \u00e5 gj\u00f8re da han ikke lenger var etterlyst av politiet.\u00a0<\/p>\n<p>Politiinspekt\u00f8r Henning Klauseie har tidligere uttalt til Gl\u00e5mdalen at det var funnet av cannabis-plantasjen, som bidro til \u00e5 f\u00e5 drapssaken opp i lyset.<\/p>\n<p>(Artikkelen fortsetter etter bildet.)<\/p>\n<p>   <img decoding=\"async\" width=\"4032\" height=\"3024\" fetchpriority=\"low\"  loading=\"lazy\"  src=\"https:\/\/www.europesays.com\/no\/wp-content\/uploads\/2025\/08\/IMG_9738.jpg\" alt=\"\" class=\"brick-c-cFOWSL\" style=\"--brick-image-ratio: 4032 \/ 3024;\"\/><\/p>\n<p>    FINNENS BIL: I forbindelse med drapsetterforskningen ble blant annet den finske mannens bil beslaglagt p\u00e5 g\u00e5rden i Kongsvinger.<br \/>\n    Foto: Johan Patrick Bredesen\n  <\/p>\n<p>I midten av mai startet politiet drapsetterforskning i Kongsvinger, og den finske mannen blir internasjonalt etterlyst via Interpol-samarbeidet.<\/p>\n<p>\u2013 Vi hadde informasjon om at han befant seg i S\u00f8r\u00f8st-Asia, sier Klauseie.\u00a0<\/p>\n<p>I slutten av juni g\u00e5r thailandsk immigrasjonspoliti til aksjon og p\u00e5griper den finske statsborgeren p\u00e5 et treningssenter i feriebyen Hua Hin. Politiet startet da utleveringsprosessen til Norge.<\/p>\n<p>Etter f\u00f8rst \u00e5 bli deportert til Finland, p\u00e5grepet og fengslet der, ble mannen utlevert til Norge mandag 18. august etter en runde i det finske rettsvesenet.\u00a0<\/p>\n<p>Tirsdag bestemte Hedmarken og \u00d8sterdal tingrett at han skal holdes varetektsfengslet i fire uker. Han undergis restriksjoner i form av brev- og bes\u00f8ksforbud hele perioden, samt medieforbud og fullstendig isolasjon i de to f\u00f8rste ukene.<\/p>\n<p>Politiet har tidligere sagt til Gl\u00e5mdalen at de tror at Jerry Mikael Lemmetty ble drept f\u00f8r de fant plantasjen med cannabis.<\/p>\n<p>\u2013 Hva vet dere om hvor den siktede finnen befant seg mellom den 20. november og 7. desember i fjor?<\/p>\n<p>\u2013 Vi vet ikke hvor han har oppholdt seg i denne perioden, og det er en ting vi \u00f8nsker \u00e5 finne ut av i drapsetterforskningen, sier Klauseie.<\/p>\n<p>      Ingen avh\u00f8r \u2013 enn\u00e5<\/p>\n<p>Politiinspekt\u00f8r Klauseie forteller til Gl\u00e5mdalen at det ikke er gjennomf\u00f8rt noen avh\u00f8r av den siktede finske mannen enn\u00e5.<\/p>\n<p>\u2013 Det er s\u00e5 vidt jeg vet heller ikke planlagt noen avh\u00f8r med det f\u00f8rste, sier han.<\/p>\n<p>(Artikkelen fortsetter etter bildet.)<\/p>\n<p>   <img decoding=\"async\" width=\"4896\" height=\"3264\" fetchpriority=\"low\"  loading=\"lazy\"  src=\"https:\/\/www.europesays.com\/no\/wp-content\/uploads\/2025\/08\/DT5F0464+%281%29.jpg\" alt=\"\" class=\"brick-c-cFOWSL\" style=\"--brick-image-ratio: 4896 \/ 3264;\"\/><\/p>\n<p>    LIKFUNN: Mandag denne uken fant politiet liket av Jerry Mikael Lemmetty i Glomma.<br \/>\n    Foto: Erik M\u00e6hlum\n  <\/p>\n<p>Mandag denne uken ble liket av Jerry Mikael Lemmetty (32) funnet av politi og dykkere i Glomma ved Brandval bru.\u00a0<\/p>\n<p>\u2013 Har dere gjennomf\u00f8rt rundsp\u00f8rringer i nabolaget p\u00e5 Brandval?<\/p>\n<p>\u2013 Nei, det er ikke gjennomf\u00f8rt enn\u00e5, sier Klauseie, som ikke utelukker at det kan v\u00e6re aktuelt for politiet \u00e5 snakke med de n\u00e6rmeste naboene til brua.<\/p>\n<p>Politiet har tidligere uttalt at de ser p\u00e5 brua som helt sentral i dumpingen av kroppen i Glomma.<\/p>\n<p>Politiinspekt\u00f8ren minner ogs\u00e5 om at politiet er interessert i tips og opplysninger fra publikum i drapssaken.<\/p>\n<p>\u2013 Innlandet politidistrikt kan kontaktes p\u00e5 telefon 940 16 555 dersom noen har opplysninger i saken, sier Henning Klauseie.<\/p>\n","protected":false},"excerpt":{"rendered":"Det var i forbindelse med opprullingen av cannabis-plantasjen p\u00e5 g\u00e5rden i Kongsvinger at politiet etterlyste den finske mannen.&hellip;\n","protected":false},"author":2,"featured_media":15174,"comment_status":"","ping_status":"","sticky":false,"template":"","format":"standard","meta":{"footnotes":""},"categories":[10],"tags":[36,20,21,377,24,25,15,551,983,22,23,13,30,28,29,14,16,218,254,2880,1510,26,27],"class_list":{"0":"post-15173","1":"post","2":"type-post","3":"status-publish","4":"format-standard","5":"has-post-thumbnail","7":"category-norge","8":"tag-art","9":"tag-breaking-news","10":"tag-breakingnews","11":"tag-drap","12":"tag-featured-news","13":"tag-featurednews","14":"tag-headlines","15":"tag-kongsvinger","16":"tag-krim","17":"tag-latest-news","18":"tag-latestnews","19":"tag-news","20":"tag-no","21":"tag-norge","22":"tag-norway","23":"tag-nyheter","24":"tag-overskrifter","25":"tag-pluss","26":"tag-politi","27":"tag-savnet-saken-i-kongsvinger","28":"tag-story","29":"tag-top-stories","30":"tag-topstories"},"share_on_mastodon":{"url":"","error":""},"_links":{"self":[{"href":"https:\/\/www.europesays.com\/no\/wp-json\/wp\/v2\/posts\/15173","targetHints":{"allow":["GET"]}}],"collection":[{"href":"https:\/\/www.europesays.com\/no\/wp-json\/wp\/v2\/posts"}],"about":[{"href":"https:\/\/www.europesays.com\/no\/wp-json\/wp\/v2\/types\/post"}],"author":[{"embeddable":true,"href":"https:\/\/www.europesays.com\/no\/wp-json\/wp\/v2\/users\/2"}],"replies":[{"embeddable":true,"href":"https:\/\/www.europesays.com\/no\/wp-json\/wp\/v2\/comments?post=15173"}],"version-history":[{"count":0,"href":"https:\/\/www.europesays.com\/no\/wp-json\/wp\/v2\/posts\/15173\/revisions"}],"wp:featuredmedia":[{"embeddable":true,"href":"https:\/\/www.europesays.com\/no\/wp-json\/wp\/v2\/media\/15174"}],"wp:attachment":[{"href":"https:\/\/www.europesays.com\/no\/wp-json\/wp\/v2\/media?parent=15173"}],"wp:term":[{"taxonomy":"category","embeddable":true,"href":"https:\/\/www.europesays.com\/no\/wp-json\/wp\/v2\/categories?post=15173"},{"taxonomy":"post_tag","embeddable":true,"href":"https:\/\/www.europesays.com\/no\/wp-json\/wp\/v2\/tags?post=15173"}],"curies":[{"name":"wp","href":"https:\/\/api.w.org\/{rel}","templated":true}]}}