{"id":15175,"date":"2025-08-22T13:25:22","date_gmt":"2025-08-22T13:25:22","guid":{"rendered":"https:\/\/www.europesays.com\/no\/15175\/"},"modified":"2025-08-22T13:25:22","modified_gmt":"2025-08-22T13:25:22","slug":"nyheter-camping-ma-forlate-campingen-vi-mener-det-er-ubegrunnet","status":"publish","type":"post","link":"https:\/\/www.europesays.com\/no\/15175\/","title":{"rendered":"Nyheter, Camping | M\u00e5 forlate campingen: \u2013 Vi mener det er ubegrunnet"},"content":{"rendered":"\n<p>Grethe T\u00f8rresvold og mannen har de siste to \u00e5rene feriert p\u00e5 Stav camping p\u00e5 Tretten.<\/p>\n<p>Der har de brukt mye penger p\u00e5 \u00e5 pusse opp et gammelt spikertelt.<\/p>\n<p>For kort tid siden fikk de imidlertid beskjeden om at de var u\u00f8nsket p\u00e5 campingplassen. De mottok en oppsigelse og en frist p\u00e5 en m\u00e5ned p\u00e5 \u00e5 forlate plassen.<\/p>\n<p>\u2013 Vi mener oppsigelsen er ubegrunnet, sier hun.<\/p>\n<p><b>\u2013 Reglene er klare, mener b\u00e5de NHO og campingdriveren.<\/b><\/p>\n<p>   <img decoding=\"async\" width=\"6048\" height=\"4024\" fetchpriority=\"low\"  loading=\"lazy\"  src=\"https:\/\/www.europesays.com\/no\/wp-content\/uploads\/2025\/08\/_DSC1576.jpg\" alt=\"\" class=\"brick-c-cFOWSL\" style=\"--brick-image-ratio: 6048 \/ 4024;\"\/><\/p>\n<p>    Slik ser spikerteltet ut. N\u00e5 m\u00e5 hele bygget flyttes, eller selges.<br \/>\n    Foto: Ole Martin Sjetne\n  <\/p>\n<p>  \u2013 U\u00f8nsket<\/p>\n<p>N\u00e5r GD bes\u00f8ker Stav camping har T\u00f8rresvold v\u00e6rt der hele sommeren. Vi setter oss utend\u00f8rs, selv om T\u00f8rresvold egentlig ikke vil det.<\/p>\n<p>\u2013 Jeg f\u00f8ler meg u\u00f8nsket og uglesett, sier hun.<\/p>\n<p>Konflikten g\u00e5r p\u00e5 klager mot ekteparet. Blant annet klager p\u00e5 en br\u00e5kete hund, en bod, en platting og en feilparkert trekkvogn, forklarer T\u00f8rresvold.<\/p>\n<p>\u2013 Vi mener det ikke stemmer og at vi har dokumentasjon p\u00e5 alt.<\/p>\n<p>Kort tid<\/p>\n<p>Partene har v\u00e6rt i flere m\u00f8ter for \u00e5 bli enige, men til slutt fikk ekteparet oppsigelsesbrevet. Fristen p\u00e5 en m\u00e5ned tror ikke T\u00f8rresvold mange er klar over.<\/p>\n<p>\u2013 Jeg tror mange i hele Norge ikke er klar over dem. Jeg m\u00e5tte hjem og lese meg opp p\u00e5 reglene.<\/p>\n<p>\u2013 En m\u00e5ned er kort tid. Du rekker knapt \u00e5 rive forteltet og vite hva du skal gj\u00f8re. De kan si opp folk uten grunn, trenger ikke dokumentere klager eller begrunne at plassen skal brukes til noe annet. S\u00e5nn jeg ser det kunne de sagt opp rubbel og bit her, og latt plassen st\u00e5 tom, sier T\u00f8rresvold.<\/p>\n<p>Therese Heramb er daglig leder for campingplassen p\u00e5 Stav. Hun \u00f8nsker ikke g\u00e5 inn p\u00e5 hva konflikten dreier seg om, men sier reglene er krystallklare.<\/p>\n<p>\u2013 P\u00e5 et generelt grunnlag er en campingplass et midlertidig leieforhold. Man kan si opp og be folk flytte p\u00e5 relativt kort varsel. Det gjelder i hele landet.<\/p>\n<p>   <img decoding=\"async\" width=\"6048\" height=\"4024\" fetchpriority=\"low\"  loading=\"lazy\"  src=\"https:\/\/www.europesays.com\/no\/wp-content\/uploads\/2025\/08\/_DSC1583.jpg\" alt=\"\" class=\"brick-c-cFOWSL\" style=\"--brick-image-ratio: 6048 \/ 4024;\"\/><\/p>\n<p>    Therese Heramb er leder for Stav camping.<br \/>\n    Foto: Ole Martin Sjetne\n  <\/p>\n<p>  Koster penger<\/p>\n<p>Fristen p\u00e5 en m\u00e5ned har blitt forlenget til ut oktober, etter dialogm\u00f8te mellom partene. Men konklusjonen er den samme. De m\u00e5 flytte.<\/p>\n<p>\u2013 Vi har brukt veldig mye penger her, og skulle vi solgt hadde vi tapt mye penger. Hvis vi flytter spikerteltet til en annen campingplass koster det ogs\u00e5 masse penger, sier T\u00f8rresvold.<\/p>\n<p>Heramb forst\u00e5r at det blir kronglete, uansett hva slags l\u00f8sning de velger.<\/p>\n<p>\u2013 Ja jeg ser den. Vi har ordensregler p\u00e5 hvor mye man kan bygge. Det g\u00e5r blant annet p\u00e5 avstander mellom enhetene, men det gj\u00f8r ogs\u00e5 at vi begrenser hvor mye penger folk legger ned i det. Vi har det alltid i bakhodet at det er et midlertidig leieforhold.<\/p>\n<p>\u2013 Men spikerteltet og vogna kan flyttes. Det er ikke st\u00f8pt i bakken. Det kan tas med eller selges slik det st\u00e5r, sier Heramb.<\/p>\n<p>   <img decoding=\"async\" width=\"6048\" height=\"4024\" fetchpriority=\"low\"  loading=\"lazy\"  src=\"https:\/\/www.europesays.com\/no\/wp-content\/uploads\/2025\/08\/_DSC1574.jpg\" alt=\"\" class=\"brick-c-cFOWSL\" style=\"--brick-image-ratio: 6048 \/ 4024;\"\/><\/p>\n<p>    T\u00f8rresvold f\u00e5r st\u00f8tte fra en av naboene p\u00e5 campingen.<br \/>\n    Foto: Ole Martin Sjetne\n  <\/p>\n<p>  F\u00e5r st\u00f8tte fra NHO<\/p>\n<p>Heramb f\u00e5r st\u00f8tte fra Jarle Buseth, som er bransjesjef for camping i NHO Reiseliv. Reglene er klare.<\/p>\n<p>\u2013 Camping er en type form for midlertidig eller langtidsferieplass. For at ikke camping skal g\u00e5 under fritidseiendom er det ikke lov til \u00e5 st\u00f8pe s\u00e5ler eller etablere faste installasjoner. Det er et midlertidig bygg som skal kunne fjernes innen rimelig tid. Helst et par dager, sier Buseth.<\/p>\n<p>Han ser at stadig flere sesongplass-gjester bygger st\u00f8rre og st\u00f8rre, som blir mer komplisert \u00e5 fjerne dersom man f\u00e5r en oppsigelse.<\/p>\n<p>\u2013 Vi mener campingeieren skal ha styringsrett over sin egen eiendom, og da er det muligheter for at man m\u00e5 flytte. Derfor skal det ikke investeres for mye n\u00e5r man etablerer seg. Jeg har sett plasser hvor folk har satt opp ordentlige boblebad p\u00e5 verandaen og bygget sammen store terasser. Det er et kjent problem at disse spikerteltene blir st\u00f8rre og st\u00f8rre.<\/p>\n<p>      Uforutsigbart<\/p>\n<p>T\u00f8rresvold har engasjert advokat for \u00e5 hjelpe i saken mot Stav camping.<\/p>\n<p>\u2013 Det jeg pr\u00f8ver \u00e5 finne ut av er om dette er lovlig forskjellsbehandling eller ikke. Slik jeg har f\u00e5tt opplyst har noen kontrakter og noen ikke. Det er en uforutsigbar m\u00e5te \u00e5 drive camping p\u00e5, som fort kan p\u00e5virke milj\u00f8et. Da m\u00e5 man ha et godt forhold til daglig leder hele tiden, for til enhver tid \u00e5 vite om du kan f\u00e5 bli der, sier advokat Hanne Wesche.<\/p>\n<p>Hun har akkurat startet arbeidet med saken, og kan ikke si for mye om konflikten eller jussen.<\/p>\n<p>\u2013 Jeg m\u00e5 f\u00f8rst finne ut hvilke regler som gjelder og om min klient faktisk har en kontrakt. Det er alltid vanskelig med slike saker fordi de rammer s\u00e5 hardt. Hva er juss og hva er f\u00f8lelser? Det er der saken ligger p\u00e5 n\u00e5.<\/p>\n<p>\u2013 D\u00e5rlig behandla<\/p>\n<p>Tilbake p\u00e5 terrassen foran spikerteltet er T\u00f8rresvold usikker p\u00e5 vegen videre.<\/p>\n<p>\u2013 Hvorfor \u00f8nsker du \u00e5 komme hit n\u00e5r du ikke er \u00f8nsket av campingledelsen?<\/p>\n<p>\u2013 Jeg f\u00f8ler meg uglesett og d\u00e5rlig behandla. Det setter spor i hjertet. Jeg har problemer med \u00e5 sove p\u00e5 natta og f\u00e5 i meg mat. Jeg mener konfliktene som har v\u00e6rt kunne v\u00e6rt l\u00f8st med dialog, men vi er lagt for hat, avslutter hun.<\/p>\n","protected":false},"excerpt":{"rendered":"Grethe T\u00f8rresvold og mannen har de siste to \u00e5rene feriert p\u00e5 Stav camping p\u00e5 Tretten. Der har de&hellip;\n","protected":false},"author":2,"featured_media":15176,"comment_status":"","ping_status":"","sticky":false,"template":"","format":"standard","meta":{"footnotes":""},"categories":[5],"tags":[36,20,21,2881,24,25,15,19,22,23,17,18,13,30,28,29,14,16,1429,218,1510,26,27,2882],"class_list":{"0":"post-15175","1":"post","2":"type-post","3":"status-publish","4":"format-standard","5":"has-post-thumbnail","7":"category-overskrifter","8":"tag-art","9":"tag-breaking-news","10":"tag-breakingnews","11":"tag-camping","12":"tag-featured-news","13":"tag-featurednews","14":"tag-headlines","15":"tag-hovedoppslag","16":"tag-latest-news","17":"tag-latestnews","18":"tag-main-news","19":"tag-mainnews","20":"tag-news","21":"tag-no","22":"tag-norge","23":"tag-norway","24":"tag-nyheter","25":"tag-overskrifter","26":"tag-oyer","27":"tag-pluss","28":"tag-story","29":"tag-top-stories","30":"tag-topstories","31":"tag-tretten"},"share_on_mastodon":{"url":"","error":""},"_links":{"self":[{"href":"https:\/\/www.europesays.com\/no\/wp-json\/wp\/v2\/posts\/15175","targetHints":{"allow":["GET"]}}],"collection":[{"href":"https:\/\/www.europesays.com\/no\/wp-json\/wp\/v2\/posts"}],"about":[{"href":"https:\/\/www.europesays.com\/no\/wp-json\/wp\/v2\/types\/post"}],"author":[{"embeddable":true,"href":"https:\/\/www.europesays.com\/no\/wp-json\/wp\/v2\/users\/2"}],"replies":[{"embeddable":true,"href":"https:\/\/www.europesays.com\/no\/wp-json\/wp\/v2\/comments?post=15175"}],"version-history":[{"count":0,"href":"https:\/\/www.europesays.com\/no\/wp-json\/wp\/v2\/posts\/15175\/revisions"}],"wp:featuredmedia":[{"embeddable":true,"href":"https:\/\/www.europesays.com\/no\/wp-json\/wp\/v2\/media\/15176"}],"wp:attachment":[{"href":"https:\/\/www.europesays.com\/no\/wp-json\/wp\/v2\/media?parent=15175"}],"wp:term":[{"taxonomy":"category","embeddable":true,"href":"https:\/\/www.europesays.com\/no\/wp-json\/wp\/v2\/categories?post=15175"},{"taxonomy":"post_tag","embeddable":true,"href":"https:\/\/www.europesays.com\/no\/wp-json\/wp\/v2\/tags?post=15175"}],"curies":[{"name":"wp","href":"https:\/\/api.w.org\/{rel}","templated":true}]}}