{"id":15177,"date":"2025-08-22T13:26:10","date_gmt":"2025-08-22T13:26:10","guid":{"rendered":"https:\/\/www.europesays.com\/no\/15177\/"},"modified":"2025-08-22T13:26:10","modified_gmt":"2025-08-22T13:26:10","slug":"sarpsborg-08-fotball-michelsen-har-folt-tillit-i-spillergruppa-hele-veien","status":"publish","type":"post","link":"https:\/\/www.europesays.com\/no\/15177\/","title":{"rendered":"Sarpsborg 08, Fotball | Michelsen: \u2013 Har f\u00f8lt tillit i spillergruppa hele veien"},"content":{"rendered":"\n<p>Klubben offentliggjorde onsdag morgen at Christian Michelsen og assistenttrener Joakim Kl\u00e6boe er ferdige i Sarpsborg 08 etter en helhetsvurdering.<\/p>\n<p>\u2013 Det var ikke dette jeg hadde h\u00e5pet p\u00e5 eller sett for meg. Jeg hadde et sterkt \u00f8nske om \u00e5 snu den korte perioden vi hadde med tap. Vi skulle opp p\u00e5 riktig niv\u00e5 og riktig kurs igjen, og sikte oss inn p\u00e5 en god h\u00f8st som skulle krones med en fantastisk dr\u00f8mmedag i cupfinalen 6. desember. Jeg hadde alt fokus p\u00e5 det, og ble overrasket over det som skjedde tirsdag. Jeg er lei meg for at jeg ikke f\u00e5r v\u00e6re med videre, sier Michelsen til Sarpsborg Arbeiderblad.<\/p>\n<p>Avgj\u00f8relsen var t\u00f8ff for Michelsen, men han har ingenting \u00e5 utsette p\u00e5 klubbledelsen.<\/p>\n<p>\u2013 Sarpsborg 08 kj\u00f8rte en veldig god prosess. Menneskene i klubben, med Raymond (Fjeld) i spissen, har v\u00e6rt up\u00e5klagelige fra f\u00f8rste stund. Jeg har f\u00f8lt at jeg har blitt tatt h\u00e5nd om i en vanskelig situasjon, og det gir en bedre f\u00f8lelse enn om jeg ikke hadde v\u00e6rt \u00f8nsket. Det er mange som har hatt en fin og lang periode med meg, Joakim og det \u00f8vrige trenerteamet i S08. Vi har f\u00e5tt til mye sammen og mange er forn\u00f8yd med det, sier han.<\/p>\n<p>      Klar for \u00e5 snu trenden<\/p>\n<p>Michelsen er ikke enig i beslutningen om at det var riktig \u00e5 bytte trener.<\/p>\n<p>\u2013 En trener vil aldri erkjenne at dette er en riktig avgj\u00f8relse. Jeg var veldig giret p\u00e5 \u00e5 snu den perioden vi var inne i og komme oss p\u00e5 rett spor igjen. Vi skulle peile oss p\u00e5 \u00e5 ha toppform til h\u00f8stsesongen og cupfinalen. Jeg var veldig klar for at vi ville snu trenden, sier han.<\/p>\n<p>Han forteller at han ikke s\u00e5 noen signaler p\u00e5 at det var misn\u00f8ye med trenerteamet f\u00f8r n\u00e5 p\u00e5 tirsdag.<\/p>\n<p>\u2013 Vi fikk ingen signaler p\u00e5 at noen ting var ute av kurs, bortsett fra at vi hadde tapt fire kamper p\u00e5 rad. Alt i inngangen til V\u00e5lerenga-kampen tydet p\u00e5 at det var en hevngjerrig og revansjesugen gjeng som ville vise seg fra en mye bedre side enn mot Haugesund (2\u20133) kampen f\u00f8r. Vi \u00f8nsket \u00e5 vise supporterne at vi bl\u00f8dde for drakta og ha den innsatsen som kreves for \u00e5 vinne fotballkamper, sier han.<\/p>\n<p>Og fortsetter:<\/p>\n<p>\u2013 F\u00f8rst etter litt m\u00f8tevirksomhet etter V\u00e5lerenga-kampen fikk jeg tilbakemeldinger om at noen var misforn\u00f8yde \u2013 naturlig nok. For meg var det et skjerpende signal som vi skulle h\u00e5ndtere omg\u00e5ende. Jeg hadde st\u00e5ltro p\u00e5 at vi skulle snu dette, men da m\u00e5 vi v\u00e6re sammen om det, sier Michelsen.<\/p>\n<p>Stolt over tiden i S08<\/p>\n<p>\u2013 Du har f\u00f8lt tillit i spillergruppa hele veien?<\/p>\n<p>\u2013 Ja, jeg har f\u00f8lt tillit hele veien. Vi i trenerteamet har daglig kontakt med spillerne og er opptatt av \u00e5 ha et felles m\u00e5l \u00e5 jobbe mot, og jeg har f\u00f8lt tillit helt til m\u00f8tene etter V\u00e5lerenga-kampen, sier han.<\/p>\n<p>Michelsen ble hentet til Sarpsborg 08 i fjor sommer da klubben l\u00e5 sv\u00e6rt utsatt til p\u00e5 tabellen i eliteserien.<\/p>\n<p>\u2013 Jeg er stolt over at jeg har f\u00e5tt satt mitt preg p\u00e5 utviklingen av klubben. Vi klarte \u00e5 f\u00e5 fram energien og skape et godt kollektiv, og det har v\u00e6rt et privilegium \u00e5 v\u00e6re med p\u00e5. Vi gikk fra en sesong i fjor der vi slapp inn to m\u00e5l i gjennomsnitt, til at vi hadde ett baklengsm\u00e5l i snitt denne sesongen dersom vi ser bort fra de siste fire kampene. Vi halverte antall baklengsm\u00e5l og fikk p\u00e5 plass et godt defensivt fundament som forteller mye om soliditeten og det gode kollektivet vi har hatt. Dette klarer man ikke alene, men alle m\u00e5 bidra, sier han.<\/p>\n<p>Og fortsetter:<\/p>\n<p>\u2013 Vi vant p\u00e5 bortebane mot Bod\u00f8\/Glimt, Molde og Rosenborg, vi tok oss til cupfinalen, vi tapte lenge f\u00e6rrest kamper i eliteserien og vi skapte mange sjanser. Det var s\u00e5 mye som var bra lenge, og det er jeg stolt over. Jeg har v\u00e6rt med p\u00e5 \u00e5 selge spillere for 250 millioner kroner som setter Sarpsborg 08 i en enda sterkere posisjon for framtiden. Det er veldig mye positivt, og jeg skulle gjerne v\u00e6rt med resten av sesongen som kommer til \u00e5 bli bra. Det hadde v\u00e6rt fantastisk \u00e5 kunne krone det med et eventuelt cupgull i desember. Det eneste vi ikke klarte var \u00e5 ta tilbake hjemmebanen, og det irriterer meg, sier han.<\/p>\n<p>Michelsen regner med \u00e5 bli enige med klubben om en sluttavtale.<\/p>\n<p>\u2013 Vi er i en veldig ryddig prosess, og det er ingen grunn til at vi ikke skal komme til en snarlig avklaring p\u00e5 dette, sier han.<\/p>\n<p>      Videre trenerkarriere<\/p>\n<p>Michelsen understreker at han ikke er noen bitter mann og tok et hyggelig farvel med alle p\u00e5 Sarpsborg stadion.<\/p>\n<p>\u2013 Det er gledelig for meg at jeg har f\u00e5tt veldig mange positive tilbakemeldinger. Da jeg gikk rundt og takket for meg onsdag, var det ekte f\u00f8lelser som kom fram og det tyder p\u00e5 at vi var glade i hverandre. Jeg har f\u00e5tt utrolig mange meldinger fra folk rundt i Fotball-Norge. Det kanskje hyggeligste er at jeg har f\u00e5tt mange meldinger fra spillerne om at vi har gjort en god jobb sammen, og det betyr mye for meg, sier han.<\/p>\n<p>\u2013 Hva skjer videre med din trenerkarriere n\u00e5? <\/p>\n<p>\u2013 N\u00e5 skal jeg puste litt. Jeg skal kose meg sammen med familien. Vi har v\u00e6rt mye fra hverandre det siste \u00e5ret, og det blir godt \u00e5 kjenne p\u00e5 hverdagen sammen med dem igjen. Jeg kommer ikke til \u00e5 stresse med \u00e5 finne en ny jobb. Jeg skal gj\u00f8re det samme som f\u00f8r jeg kom til Sarpsborg 08. Men ogs\u00e5 l\u00e6re og ta erfaring fra den prosessen som vi kom i n\u00e5. Jeg skal v\u00e6re veldig bevisst p\u00e5 den neste jobben jeg skal ha. Sarpsborg er en fantastisk by med fantastiske folk, og jeg trivdes fra f\u00f8rste dag. Jeg har lyst til \u00e5 gj\u00f8re det samme ogs\u00e5 ved neste jobb, sier Michelsen.<\/p>\n<p>  <a href=\"https:\/\/www.sa.no\/5-46-1871363\" class=\"related-teaser has-image default-story-teaser article--c-eRUmMG article--c-eRUmMG-jKCPdD-design-default\" rel=\"nofollow noopener\" target=\"_blank\"><\/p>\n<p>    <img decoding=\"async\" loading=\"lazy\"  src=\"https:\/\/www.europesays.com\/no\/wp-content\/uploads\/2025\/08\/Uten+navn-1.jpg\" alt=\"\" class=\"brick-c-cFOWSL\" style=\"\"\/><\/p>\n<p>\n            Les ogs\u00e5<\/p>\n<p>              Michelsen og Kl\u00e6boe ferdig i Sarpsborg 08\n        <\/p>\n<p>  <\/a><\/p>\n<p>  <a href=\"https:\/\/www.sa.no\/5-46-1872391\" class=\"related-teaser has-image default-story-teaser article--c-eRUmMG article--c-eRUmMG-jKCPdD-design-default\" rel=\"nofollow noopener\" target=\"_blank\"><\/p>\n<p>    <img decoding=\"async\" loading=\"lazy\"  src=\"https:\/\/www.europesays.com\/no\/wp-content\/uploads\/2025\/08\/1755869169_672_cueres_scp-mangler_navn_uzVNDqDBp-Y.jpg\" alt=\"\" class=\"brick-c-cFOWSL\" style=\"\"\/><\/p>\n<p>\n            Les ogs\u00e5<\/p>\n<p>              Bekreftet: Midtstopperbauta klar for Sarpsborg 08\n        <\/p>\n<p>  <\/a><\/p>\n<p>  <a href=\"https:\/\/www.sa.no\/5-46-1871825\" class=\"related-teaser has-image default-story-teaser article--c-eRUmMG article--c-eRUmMG-jKCPdD-design-default\" rel=\"nofollow noopener\" target=\"_blank\"><\/p>\n<p>    <img decoding=\"async\" loading=\"lazy\"  src=\"https:\/\/www.europesays.com\/no\/wp-content\/uploads\/2025\/08\/1755869170_728_Aimar+Sher+hjemme+%285%29.jpg\" alt=\"\" class=\"brick-c-cFOWSL\" style=\"\"\/><\/p>\n<p>\n            Les ogs\u00e5<\/p>\n<p>              Signerte ny S08-kontrakt: \u2013 Har blitt som et hjem for meg\n        <\/p>\n<p>  <\/a><\/p>\n","protected":false},"excerpt":{"rendered":"Klubben offentliggjorde onsdag morgen at Christian Michelsen og assistenttrener Joakim Kl\u00e6boe er ferdige i Sarpsborg 08 etter en&hellip;\n","protected":false},"author":2,"featured_media":15178,"comment_status":"","ping_status":"","sticky":false,"template":"","format":"standard","meta":{"footnotes":""},"categories":[59],"tags":[36,1237,92,30,28,29,218,133,83,82,1510],"class_list":{"0":"post-15177","1":"post","2":"type-post","3":"status-publish","4":"format-standard","5":"has-post-thumbnail","7":"category-sport","8":"tag-art","9":"tag-christian-michelsen","10":"tag-fotball","11":"tag-no","12":"tag-norge","13":"tag-norway","14":"tag-pluss","15":"tag-sarpsborg-08","16":"tag-sport","17":"tag-sports","18":"tag-story"},"share_on_mastodon":{"url":"","error":""},"_links":{"self":[{"href":"https:\/\/www.europesays.com\/no\/wp-json\/wp\/v2\/posts\/15177","targetHints":{"allow":["GET"]}}],"collection":[{"href":"https:\/\/www.europesays.com\/no\/wp-json\/wp\/v2\/posts"}],"about":[{"href":"https:\/\/www.europesays.com\/no\/wp-json\/wp\/v2\/types\/post"}],"author":[{"embeddable":true,"href":"https:\/\/www.europesays.com\/no\/wp-json\/wp\/v2\/users\/2"}],"replies":[{"embeddable":true,"href":"https:\/\/www.europesays.com\/no\/wp-json\/wp\/v2\/comments?post=15177"}],"version-history":[{"count":0,"href":"https:\/\/www.europesays.com\/no\/wp-json\/wp\/v2\/posts\/15177\/revisions"}],"wp:featuredmedia":[{"embeddable":true,"href":"https:\/\/www.europesays.com\/no\/wp-json\/wp\/v2\/media\/15178"}],"wp:attachment":[{"href":"https:\/\/www.europesays.com\/no\/wp-json\/wp\/v2\/media?parent=15177"}],"wp:term":[{"taxonomy":"category","embeddable":true,"href":"https:\/\/www.europesays.com\/no\/wp-json\/wp\/v2\/categories?post=15177"},{"taxonomy":"post_tag","embeddable":true,"href":"https:\/\/www.europesays.com\/no\/wp-json\/wp\/v2\/tags?post=15177"}],"curies":[{"name":"wp","href":"https:\/\/api.w.org\/{rel}","templated":true}]}}