{"id":151852,"date":"2026-01-31T05:14:10","date_gmt":"2026-01-31T05:14:10","guid":{"rendered":"https:\/\/www.europesays.com\/no\/151852\/"},"modified":"2026-01-31T05:14:10","modified_gmt":"2026-01-31T05:14:10","slug":"advarer-mot-bombesyklon","status":"publish","type":"post","link":"https:\/\/www.europesays.com\/no\/151852\/","title":{"rendered":"Advarer mot \u00abbombesyklon\u00bb"},"content":{"rendered":"<p class=\"kicker \" style=\"\">USA:<\/p>\n<p>    28 millioner amerikanere er i faresonen n\u00e5r nok en vinterstorm n\u00e6rmer seg USAs s\u00f8r\u00f8stkyst denne helga.<\/p>\n<p>\n    UV\u00c6R: Kraftig vind og store sn\u00f8mengder ventes langs s\u00f8r\u00f8stkysten av USA de kommende dagene. Foto: Skjermbilde \/ Windy.com\n  <\/p>\n<p> En kraftig vinterstorm ventes \u00e5 ramme det \u00f8stlige USA denne helga, med store sn\u00f8mengder, kraftig vind og farlig flom langs kysten.<\/p>\n<p class=\"font-weight-bold m-font-weight-bold\" data-lab-font_weight=\"font-weight-bold\">Flere amerikanske medier omtaler uv\u00e6ret som en\u00a0\u00abbombesyklon\u00bb &#8211; en raskt intensiverende vinterstorm.\u00a0<\/p>\n<p> If\u00f8lge\u00a0<a href=\"https:\/\/edition.cnn.com\/2026\/01\/29\/weather\/tracking-the-bomb-cyclone\" target=\"_blank\" rel=\"nofollow noopener\">CNN\u00a0<\/a>er mer enn 28 millioner mennesker p\u00e5 \u00f8stkysten underlagt vinterstormvarsler.<\/p>\n<p>De verste forholdene er\u00a0ventet i deler av Georgia, North Carolina, South Carolina, Virginia og Tennessee. Flere av disse omr\u00e5dene sliter fortsatt etter den <a href=\"https:\/\/www.dagbladet.no\/nyheter\/advarer-om-historisk-uvaer\/84142006\" target=\"_blank\" rel=\"nofollow noopener\">d\u00f8delige vinterstormen forrige helg<\/a>.<\/p>\n<p>        <img loading=\"lazy\" decoding=\"async\" src=\"https:\/\/www.europesays.com\/no\/wp-content\/uploads\/2026\/01\/84170228.webp.webp\" width=\"980\" height=\"559\" title=\"BOMBESYKLON: Et satelittbilde av en bombesyklon, som rammet nordvestkysten av USA i november 2024. Foto: CIRA \/ NOAA \/ Reuters\" alt=\"\" class=\"\" style=\"--aspect-ratio-image: 1.75; \"\/><\/p>\n<p>\n        BOMBESYKLON: Et satelittbilde av en bombesyklon, som rammet nordvestkysten av USA i november 2024. Foto: CIRA \/ NOAA \/ Reuters\n    <\/p>\n<p>Fire d\u00f8de\t<\/p>\n<p> Fredag kveld bekreftet S\u00f8r-Carolinas folkehelsedepartement to nye d\u00f8dsfall knyttet til vinterstorm i regionen. Totalt har fire personer n\u00e5 mistet livet som f\u00f8lge av uv\u00e6ret, melder Reuters.<\/p>\n<p> Myndighetene advarer mot at stormen kan intensivere raskt, og vindene kan skape sn\u00f8stormforhold med d\u00e5rlig sikt og farlige kj\u00f8reforhold.\u00a0<\/p>\n<p> Det er likevel usikkerhet knyttet til hvilken bane stormen vil ta. <\/p>\n<blockquote class=\"twitter-tweet\">\n<p lang=\"en\" dir=\"ltr\">Here are the latest Key Messages regarding the impending major winter storm set to produce significant impacts this weekend across eastern Georgia, much of the Carolinas, the southern Appalachians, &amp; southern Virginia. Travel in will be dangerous or even impossible in some areas. <a href=\"https:\/\/t.co\/4BzLNWlF2K\" rel=\"nofollow\">pic.twitter.com\/4BzLNWlF2K<\/a><\/p>\n<p>\u2014 NWS Weather Prediction Center (@NWSWPC) <a href=\"https:\/\/twitter.com\/NWSWPC\/status\/2017327711543259534?ref_src=twsrc%5Etfw\" rel=\"nofollow noopener\" target=\"_blank\">January 30, 2026<\/a><\/p><\/blockquote>\n<p class=\"font-weight-bold m-font-weight-bold\" data-lab-font_weight=\"font-weight-bold\"> Guvern\u00f8r Josh Stein i Nord-Carolina har erkl\u00e6rt unntakstilstand i forbindelse med uv\u00e6ret, if\u00f8lge <a href=\"https:\/\/www.foxweather.com\/weather-news\/powerful-noreaster-bomb-out-slam-carolinas-just-days-after-deadly-storm-raged-across-us\" target=\"_blank\" rel=\"nofollow noopener\">Fox Weather<\/a>.\u00a0<\/p>\n<p>&#8211; N\u00e5r nok en runde med vinterv\u00e6r beveger seg inn i Nord-Carolina, denne gangen muligens med sn\u00f8, oppfordrer jeg alle til \u00e5 v\u00e6re \u00e5rv\u00e5kne og ta forholdsregler, sier guvern\u00f8ren if\u00f8lge avisa.\u00a0<\/p>\n<p>    <a itemprop=\"url\" href=\"https:\/\/www.dagbladet.no\/nyheter\/nesten-90-grader-skiller\/84161007\" rel=\"nofollow noopener\" target=\"_blank\"><\/p>\n<p>        <img loading=\"lazy\" decoding=\"async\" src=\"https:\/\/www.europesays.com\/no\/wp-content\/uploads\/2026\/01\/1769836449_987_84163196.webp.webp\" width=\"980\" height=\"441\" title=\"Nesten 90 grader skiller\" alt=\"\" class=\"lazyload\" style=\"--aspect-ratio-image: 2.22; \"\/><\/p>\n<p>        Nesten 90 grader skiller<\/p>\n<p>    <\/a><\/p>\n<p>Stormen ventes \u00e5 f\u00f8re med seg vindkast p\u00e5 rundt 64 km\/t fra nord\u00f8st langs kysten, med h\u00f8ye b\u00f8lger. Uv\u00e6ret sammenfaller ogs\u00e5 med fullm\u00e5ne, noe som forverrer trusselen ytterligere, skriver\u00a0<a href=\"https:\/\/www.nbcnewyork.com\/weather\/nyc-snow-forecast-weekend-storm\/6451612\/\" target=\"_blank\" rel=\"nofollow noopener\">NBC News<\/a>. <\/p>\n<p>    Hva er en syklon?<\/p>\n<p>En syklon er et stort v\u00e6rsystem med kraftig vind som roterer i en spiral rundt et senter med lavt lufttrykk.<\/p>\n<p>Sykloner kan variere i st\u00f8rrelse og intensitet, fra milde lavtrykk til voldsomme tropiske stormer.<\/p>\n<p>De kjennetegnes ofte av sterk vind, mye nedb\u00f8r og kan f\u00f8re til farlige v\u00e6rforhold over store omr\u00e5der.<\/p>\n<p>Kilde:\u00a0<a href=\"https:\/\/snl.no\/syklon\" target=\"_blank\" rel=\"nofollow noopener\">Store norske leksikon<\/a><\/p>\n<p>      Vis mer<br \/>\n      Vis mindre<\/p>\n<p>Rammet igjen\t<\/p>\n<p>Forrige uke <a href=\"https:\/\/www.dagbladet.no\/nyheter\/advarer-om-historisk-uvaer\/84142006\" target=\"_blank\" rel=\"nofollow noopener\">rammet den historiske vinterstormen\u00a0\u00abFern\u00bb <\/a>mer enn halvparten av USA.\u00a0<\/p>\n<p> Flere delstater var rammet av kraftig sn\u00f8fall, isregn og vind, og l\u00f8rdag ble tre personer funnet d\u00f8de p\u00e5 gatene i New York i bitende kulde.<\/p>\n<p>    <a itemprop=\"url\" href=\"https:\/\/www.dagbladet.no\/nyheter\/advarer-om-historisk-uvaer\/84142006\" rel=\"nofollow noopener\" target=\"_blank\"><\/p>\n<p>        <img loading=\"lazy\" decoding=\"async\" src=\"https:\/\/www.europesays.com\/no\/wp-content\/uploads\/2026\/01\/84142010.webp.webp\" width=\"980\" height=\"441\" title=\"Advarer om historisk uv\u00e6r\" alt=\"\" class=\"lazyload\" style=\"--aspect-ratio-image: 2.22; \"\/><\/p>\n<p>        Advarer om historisk uv\u00e6r<\/p>\n<p>    <\/a><\/p>\n<p>\u00a0\u00abFern\u00bb f\u00f8rte med seg kraftig sn\u00f8fall og rammet millioner av amerikanere langs s\u00f8rlige deler av Rocky Mountains til New England i nord.\u00a0<\/p>\n<p>De forel\u00f8pige prognosene tilsier at denne helgas uv\u00e6r hovedsakelig vil merkes langs s\u00f8r\u00f8stkysten av USA, spesielt rundt Carolina-regionen. <\/p>\n<p><script async src=\"https:\/\/platform.twitter.com\/widgets.js\" charset=\"utf-8\"><\/script><\/p>\n","protected":false},"excerpt":{"rendered":"USA: 28 millioner amerikanere er i faresonen n\u00e5r nok en vinterstorm n\u00e6rmer seg USAs s\u00f8r\u00f8stkyst denne helga. UV\u00c6R:&hellip;\n","protected":false},"author":2,"featured_media":151853,"comment_status":"","ping_status":"","sticky":false,"template":"","format":"standard","meta":{"footnotes":"","_share_on_mastodon":"0"},"categories":[12],"tags":[20,21,24,25,15,22,23,13,30,28,29,14,16,8129,26,27,50,412,387,42,43,44,45],"class_list":["post-151852","post","type-post","status-publish","format-standard","has-post-thumbnail","category-verden","tag-breaking-news","tag-breakingnews","tag-featured-news","tag-featurednews","tag-headlines","tag-latest-news","tag-latestnews","tag-news","tag-no","tag-norge","tag-norway","tag-nyheter","tag-overskrifter","tag-snostorm","tag-top-stories","tag-topstories","tag-usa","tag-utenriks","tag-vaeret","tag-verden","tag-world","tag-world-news","tag-worldnews"],"share_on_mastodon":{"url":"https:\/\/pubeurope.com\/@no\/115988009025035523","error":""},"_links":{"self":[{"href":"https:\/\/www.europesays.com\/no\/wp-json\/wp\/v2\/posts\/151852","targetHints":{"allow":["GET"]}}],"collection":[{"href":"https:\/\/www.europesays.com\/no\/wp-json\/wp\/v2\/posts"}],"about":[{"href":"https:\/\/www.europesays.com\/no\/wp-json\/wp\/v2\/types\/post"}],"author":[{"embeddable":true,"href":"https:\/\/www.europesays.com\/no\/wp-json\/wp\/v2\/users\/2"}],"replies":[{"embeddable":true,"href":"https:\/\/www.europesays.com\/no\/wp-json\/wp\/v2\/comments?post=151852"}],"version-history":[{"count":0,"href":"https:\/\/www.europesays.com\/no\/wp-json\/wp\/v2\/posts\/151852\/revisions"}],"wp:featuredmedia":[{"embeddable":true,"href":"https:\/\/www.europesays.com\/no\/wp-json\/wp\/v2\/media\/151853"}],"wp:attachment":[{"href":"https:\/\/www.europesays.com\/no\/wp-json\/wp\/v2\/media?parent=151852"}],"wp:term":[{"taxonomy":"category","embeddable":true,"href":"https:\/\/www.europesays.com\/no\/wp-json\/wp\/v2\/categories?post=151852"},{"taxonomy":"post_tag","embeddable":true,"href":"https:\/\/www.europesays.com\/no\/wp-json\/wp\/v2\/tags?post=151852"}],"curies":[{"name":"wp","href":"https:\/\/api.w.org\/{rel}","templated":true}]}}