{"id":15194,"date":"2025-08-22T13:41:27","date_gmt":"2025-08-22T13:41:27","guid":{"rendered":"https:\/\/www.europesays.com\/no\/15194\/"},"modified":"2025-08-22T13:41:27","modified_gmt":"2025-08-22T13:41:27","slug":"lil-nas-x-arrestert-etter-a-ha-gatt-naken-i-gatene-2","status":"publish","type":"post","link":"https:\/\/www.europesays.com\/no\/15194\/","title":{"rendered":"Lil Nas X arrestert etter \u00e5 ha g\u00e5tt naken i gatene"},"content":{"rendered":"\n<p class=\"_lead_1bvmi_2 _lead_xtcu6_50 layout-component text-serif-m layout-normal text-serif-l layout-component layout-wide layout-padded _wide_17hqh_1 layout-padded\">Rapperen skal ha v\u00e6rt voldelig mot en politibejtent.<\/p>\n<p><img alt=\"Lil Nas X Foto: Jordan Strauss \/ AP \/ NTB\" class=\"_image_qp4xg_65 layout-component layout-wide\" data-fullscreen- data-track-element-type=\"Article image fullscreen\" data-track-name=\"ImageFullscreen\" fetchpriority=\"high\" decoding=\"sync\" loading=\"eager\" height=\"2464\" itemprop=\"image\"  src=\"https:\/\/www.europesays.com\/no\/wp-content\/uploads\/2025\/08\/1755870086_766_f645dd57-4dce-4aaf-8fdd-a24226f9f1ca\"  style=\"object-position:0% 0%\" width=\"3696\"\/>Lil Nas X Foto: Jordan Strauss \/ AP \/ NTB<\/p>\n<ul aria-hidden=\"true\" class=\"_images_1y6fe_106\">\n<li><a class=\"_link_1y6fe_111\" href=\"https:\/\/www.vg.no\/forfatter\/ingrid-storeboe\" style=\"z-index:1\" title=\"Ingrid Storeb\u00f8\" rel=\"nofollow noopener\" target=\"_blank\"><img alt=\"Bilde av Ingrid Storeb\u00f8\" class=\"_image_1y6fe_88\" fetchpriority=\"low\" loading=\"lazy\" decoding=\"async\" itemprop=\"image\"  src=\"https:\/\/www.europesays.com\/no\/wp-content\/uploads\/2025\/08\/1755870087_160_b3fc896d-536d-4041-8257-79b6b2cd3323\"  width=\"480\"\/><\/a><\/li>\n<\/ul>\n<p> Oppdatert torsdag 21. august kl. 23:39     <\/p>\n<p class=\"_paragraph_1bvmi_4 _paragraph_xtcu6_10 layout-component text-serif-m layout-normal text-serif-m layout-padded\">Rapperen Lil Nas X skal ha blitt arrestert og innlagt p\u00e5 sykehus torsdag morgen etter at han ble sett g\u00e5ende i gatene i <a href=\"https:\/\/www.vg.no\/tag\/los-angeles?utm_source=vg-article&amp;utm_medium=auto-tagger&amp;utm_campaign=gwo7pB\" class=\"_link_1bvmi_39\" rel=\"nofollow noopener\" target=\"_blank\">Los Angeles<\/a> kun if\u00f8rt undert\u00f8y og cowboyst\u00f8vler, melder flere amerikanske medier. <\/p>\n<p class=\"_paragraph_1bvmi_4 _paragraph_xtcu6_10 layout-component text-serif-m layout-normal text-serif-m layout-padded\">If\u00f8lge TMZ skal rapperen f\u00f8rst ha blitt innlagt p\u00e5 sykehus grunnet mistanke om overdose. Senere ble han satt i varetekt etter at han skal ha ut\u00f8vet vold mot en politibetjent.<\/p>\n<p class=\"_paragraph_1bvmi_4 _paragraph_xtcu6_10 layout-component text-serif-m layout-normal text-serif-m layout-padded\">Los Angeles-politiet bekrefter overfor <a href=\"https:\/\/variety.com\/2025\/music\/news\/lil-nas-x-hospitalized-overdose-arrested-battery-police-officer-1236495311\/\" class=\"_link_1bvmi_39\" rel=\"nofollow noopener\" target=\"_blank\">Variety <\/a>at en forvirret og naken mann ble p\u00e5grepet og fraktet til sykehus rundt klokken 05:50. Dette skjedde p\u00e5 samme tidspunkt og sted som artisten Montero Hill, kjent under artistnavnet Lil Nas X, if\u00f8lge TMZ ble fanget p\u00e5 video.<\/p>\n<p class=\"_paragraph_1bvmi_4 _paragraph_xtcu6_10 layout-component text-serif-m layout-normal text-serif-m layout-padded\">Politiet har ikke bekreftet identiteten p\u00e5 den p\u00e5grepne.<\/p>\n<p class=\"_paragraph_1bvmi_4 _paragraph_xtcu6_10 layout-component text-serif-m layout-normal text-serif-m layout-padded\">Tidligere i \u00e5r skal den kjente artisten ha blitt innlagt: <\/p>\n<p class=\"_paragraph_1bvmi_4 _paragraph_xtcu6_10 layout-component text-serif-m layout-normal layout-padded\"><strong class=\"_strong_1bvmi_25\">Les ogs\u00e5:<\/strong> <a href=\"https:\/\/www.vg.no\/i\/5E4XzW\" data-track-element-type=\"Link\" data-track-id=\"link:5E4XzW\" class=\"_link_1bvmi_39\" rel=\"nofollow noopener\" target=\"_blank\">Lil Nas X innlagt \u2013 mistet kontroll over ansiktet<\/a><\/p>\n<p class=\"_paragraph_1bvmi_4 _paragraph_xtcu6_10 layout-component text-serif-m layout-normal text-serif-m layout-padded\">Flere videoklipp viser at han gikk langs det samme handleomr\u00e5det p\u00e5 Ventura Boulevard i minst 15 minutter.<\/p>\n","protected":false},"excerpt":{"rendered":"Rapperen skal ha v\u00e6rt voldelig mot en politibejtent. Lil Nas X Foto: Jordan Strauss \/ AP \/ NTB&hellip;\n","protected":false},"author":2,"featured_media":14630,"comment_status":"","ping_status":"","sticky":false,"template":"","format":"standard","meta":{"footnotes":""},"categories":[58],"tags":[71,2811,721,30,28,29,72,46],"class_list":{"0":"post-15194","1":"post","2":"type-post","3":"status-publish","4":"format-standard","5":"has-post-thumbnail","7":"category-underholdning","8":"tag-entertainment","9":"tag-lil-nas-x","10":"tag-los-angeles","11":"tag-no","12":"tag-norge","13":"tag-norway","14":"tag-underholdning","15":"tag-vgai"},"share_on_mastodon":{"url":"","error":""},"_links":{"self":[{"href":"https:\/\/www.europesays.com\/no\/wp-json\/wp\/v2\/posts\/15194","targetHints":{"allow":["GET"]}}],"collection":[{"href":"https:\/\/www.europesays.com\/no\/wp-json\/wp\/v2\/posts"}],"about":[{"href":"https:\/\/www.europesays.com\/no\/wp-json\/wp\/v2\/types\/post"}],"author":[{"embeddable":true,"href":"https:\/\/www.europesays.com\/no\/wp-json\/wp\/v2\/users\/2"}],"replies":[{"embeddable":true,"href":"https:\/\/www.europesays.com\/no\/wp-json\/wp\/v2\/comments?post=15194"}],"version-history":[{"count":0,"href":"https:\/\/www.europesays.com\/no\/wp-json\/wp\/v2\/posts\/15194\/revisions"}],"wp:featuredmedia":[{"embeddable":true,"href":"https:\/\/www.europesays.com\/no\/wp-json\/wp\/v2\/media\/14630"}],"wp:attachment":[{"href":"https:\/\/www.europesays.com\/no\/wp-json\/wp\/v2\/media?parent=15194"}],"wp:term":[{"taxonomy":"category","embeddable":true,"href":"https:\/\/www.europesays.com\/no\/wp-json\/wp\/v2\/categories?post=15194"},{"taxonomy":"post_tag","embeddable":true,"href":"https:\/\/www.europesays.com\/no\/wp-json\/wp\/v2\/tags?post=15194"}],"curies":[{"name":"wp","href":"https:\/\/api.w.org\/{rel}","templated":true}]}}