{"id":152004,"date":"2026-01-31T10:32:10","date_gmt":"2026-01-31T10:32:10","guid":{"rendered":"https:\/\/www.europesays.com\/no\/152004\/"},"modified":"2026-01-31T10:32:10","modified_gmt":"2026-01-31T10:32:10","slug":"vei-og-vaer-nordkapp-disse-veiene-er-stengt-eller-kolonnekjort-lordag-morgen","status":"publish","type":"post","link":"https:\/\/www.europesays.com\/no\/152004\/","title":{"rendered":"Vei og v\u00e6r, Nordkapp | Disse veiene er stengt eller kolonnekj\u00f8rt l\u00f8rdag morgen"},"content":{"rendered":"\n<p>Meteorologene sendte fredag ut gult farevarsel for store deler av fylket, med beskjed om at vind og sn\u00f8fokk ville gj\u00f8re det vanskelig \u00e5 ferdes veiene b\u00e5de i \u00f8st og vest.<\/p>\n<p>V\u00e6ret er ventet \u00e5 vare gjennom helgen.<\/p>\n<p><b>Disse strekningene er stengt l\u00f8rdag formiddag: <\/b><\/p>\n<p>E69 H\u00f8nsa \u2013 Repv\u00e5g<\/p>\n<p>E69 Repv\u00e5g \u2013 Nordkapptunnelen<\/p>\n<p>E69 Skarsv\u00e5g \u2013 Nordkapp<\/p>\n<p><b>I tillegg er disse strekningene kolonnekj\u00f8rt: <\/b><\/p>\n<p>E69 Skipsfjordh\u00f8yda \u2013 Skarsv\u00e5g kryss<\/p>\n<p>Fv. 8046 Skarsv\u00e5g kryss \u2013 Skarsv\u00e5g<\/p>\n<p>Fv. 98 Ifjordfjellet<\/p>\n<p>Fv. 890 Kongsfjordfjellet<\/p>\n<p>Fv. 891 B\u00e5tsfjordfjellet<\/p>\n<p>Fv. 8038 Gjesv\u00e6rveien<\/p>\n<p>Flere strekninger st\u00e5r i fare for \u00e5 bli kolonnekj\u00f8rt utover dagen.<\/p>\n<p>            Er du usikker p\u00e5 hvordan man kj\u00f8rer kolonne? Her er noen tips fra Statens vegvesen:<\/p>\n<p><b>Slik forbereder du deg til turen:<\/b><\/p>\n<p>\u2022 Ha lykt, slepetau og sn\u00f8spade lett tilgjengelig.<\/p>\n<p>\u2022 Det er lurt \u00e5 ha med mat og varm drikke.<\/p>\n<p>\u2022 Ta med varme kl\u00e6r og vintersko.<\/p>\n<p><b>Underveis p\u00e5 turen:<\/b><\/p>\n<p>\u2022 Bruk n\u00f8dblink.<\/p>\n<p>\u2022 Har du t\u00e5kelys, bruk dem.<\/p>\n<p>\u2022 Pass p\u00e5 at du alltid kan se bilen foran deg.<\/p>\n<p>\u2022 Hold jevnest mulig hastighet og f\u00f8lg kolonnen.<\/p>\n<p>\u2022 Ikke kj\u00f8r ut av kolonnen eller fors\u00f8k \u00e5 snu.<\/p>\n","protected":false},"excerpt":{"rendered":"Meteorologene sendte fredag ut gult farevarsel for store deler av fylket, med beskjed om at vind og sn\u00f8fokk&hellip;\n","protected":false},"author":2,"featured_media":11753,"comment_status":"","ping_status":"","sticky":false,"template":"","format":"standard","meta":{"footnotes":"","_share_on_mastodon":"0"},"categories":[10],"tags":[36,5965,3838,20,21,24,25,5522,15,22,23,5046,13,30,6432,28,29,14,16,1510,1833,26,27,16746],"class_list":["post-152004","post","type-post","status-publish","format-standard","has-post-thumbnail","category-norge","tag-art","tag-batsfjord","tag-berlevag","tag-breaking-news","tag-breakingnews","tag-featured-news","tag-featurednews","tag-gamvik","tag-headlines","tag-latest-news","tag-latestnews","tag-lebesby","tag-news","tag-no","tag-nordkapp","tag-norge","tag-norway","tag-nyheter","tag-overskrifter","tag-story","tag-tana","tag-top-stories","tag-topstories","tag-vei-og-vaer"],"share_on_mastodon":{"url":"https:\/\/pubeurope.com\/@no\/115989259394206186","error":""},"_links":{"self":[{"href":"https:\/\/www.europesays.com\/no\/wp-json\/wp\/v2\/posts\/152004","targetHints":{"allow":["GET"]}}],"collection":[{"href":"https:\/\/www.europesays.com\/no\/wp-json\/wp\/v2\/posts"}],"about":[{"href":"https:\/\/www.europesays.com\/no\/wp-json\/wp\/v2\/types\/post"}],"author":[{"embeddable":true,"href":"https:\/\/www.europesays.com\/no\/wp-json\/wp\/v2\/users\/2"}],"replies":[{"embeddable":true,"href":"https:\/\/www.europesays.com\/no\/wp-json\/wp\/v2\/comments?post=152004"}],"version-history":[{"count":0,"href":"https:\/\/www.europesays.com\/no\/wp-json\/wp\/v2\/posts\/152004\/revisions"}],"wp:featuredmedia":[{"embeddable":true,"href":"https:\/\/www.europesays.com\/no\/wp-json\/wp\/v2\/media\/11753"}],"wp:attachment":[{"href":"https:\/\/www.europesays.com\/no\/wp-json\/wp\/v2\/media?parent=152004"}],"wp:term":[{"taxonomy":"category","embeddable":true,"href":"https:\/\/www.europesays.com\/no\/wp-json\/wp\/v2\/categories?post=152004"},{"taxonomy":"post_tag","embeddable":true,"href":"https:\/\/www.europesays.com\/no\/wp-json\/wp\/v2\/tags?post=152004"}],"curies":[{"name":"wp","href":"https:\/\/api.w.org\/{rel}","templated":true}]}}