{"id":15227,"date":"2025-08-22T14:35:08","date_gmt":"2025-08-22T14:35:08","guid":{"rendered":"https:\/\/www.europesays.com\/no\/15227\/"},"modified":"2025-08-22T14:35:08","modified_gmt":"2025-08-22T14:35:08","slug":"na-bommet-du-harald-eia","status":"publish","type":"post","link":"https:\/\/www.europesays.com\/no\/15227\/","title":{"rendered":"N\u00e5 bommet du, Harald Eia"},"content":{"rendered":"<p>   <img decoding=\"async\" alt=\"Bilde av Av: MARIA STEEN SYDOW\" class=\"_image_ygndg_42\" height=\"48\" itemprop=\"image\" loading=\"lazy\"  src=\"https:\/\/www.europesays.com\/no\/wp-content\/uploads\/2025\/08\/1a6c7032-f02b-4b45-b125-4f9a3d121f9d\"  width=\"40\"\/><strong class=\"_name_ygndg_51 title-serif-xs\">Av: MARIA STEEN SYDOW<\/strong><\/p>\n<p class=\"_paragraph_1bvmi_4 text-sans-m _description_ygndg_56\">Samfunnsdebattant<\/p>\n<p class=\"_paragraph_1bvmi_4 _paragraph_xtcu6_10 layout-component text-serif-m layout-normal text-serif-m layout-padded\">Nylig gjestet <a href=\"https:\/\/www.vg.no\/tag\/harald-eia?utm_source=vg-article&amp;utm_medium=auto-tagger&amp;utm_campaign=bmAnw3\" class=\"_link_1bvmi_39\" rel=\"nofollow noopener\" target=\"_blank\">Harald Eia<\/a> podkasten \u00abWolfgang Wee\u00bb, der han benyttet anledningen til \u00e5 prate om kvinner og deres forhold til helse og sykdom.<\/p>\n<p class=\"_paragraph_1bvmi_4 _paragraph_xtcu6_10 layout-component text-serif-m layout-normal text-serif-m layout-padded\"><strong class=\"_strong_1bvmi_25\">Han ytret at kvinner fokuserer mye p\u00e5 egen helse, men at baksiden med dette er \u00abdyrkingen\u00bb av sykdom.<\/strong><\/p>\n<p class=\"_paragraph_1bvmi_4 _paragraph_xtcu6_10 layout-component text-serif-m layout-normal text-serif-m layout-padded\">Dette segmentet i podkasten, kalt \u00abDyrker sykdom\u00bb er ikke bare ignorant, men ogs\u00e5 skuffende historiel\u00f8st for en sosiolog \u00e5 v\u00e6re.<\/p>\n<p><img alt=\"GJESTET PODDEN: Harald Eia skaper debatt \u00e5 ha v\u00e6rt podkast-gjest hos Wolfgang Wee, der han diskuterte kvinners forhold til helse.  Foto: Skjermdump fra Wolfgang Wee\/Facebook\" class=\"_image_qp4xg_65 layout-component layout-normal\" data-fullscreen- data-track-element-type=\"Article image fullscreen\" data-track-name=\"ImageFullscreen\" decoding=\"async\" loading=\"lazy\" height=\"730\" itemprop=\"image\"  src=\"https:\/\/www.europesays.com\/no\/wp-content\/uploads\/2025\/08\/e675c610-6ea8-48c4-8c40-20c22affba48\"  style=\"object-position:55.16224188790561% 31.232876712328768%\" width=\"678\"\/>GJESTET PODDEN: Harald Eia skaper debatt \u00e5 ha v\u00e6rt podkast-gjest hos Wolfgang Wee, der han diskuterte kvinners forhold til helse.  Foto: Skjermdump fra Wolfgang Wee\/Facebook<\/p>\n<p class=\"_paragraph_1bvmi_4 _paragraph_xtcu6_10 layout-component text-serif-m layout-normal text-serif-m layout-padded\">Kvinner har i mye st\u00f8rre grad enn menn v\u00e6rt\u00a0tvunget\u00a0til \u00e5 overv\u00e5ke egne plager og f\u00f8lge opp egen helse, nettopp fordi kvinnekroppen gjennom \u00e5rhundrer ikke har v\u00e6rt tilstrekkelig reflektert i medisinsk forskning og praksis.<\/p>\n<p class=\"_paragraph_1bvmi_4 _paragraph_xtcu6_10 layout-component text-serif-m layout-normal text-serif-m layout-padded\"><strong class=\"_strong_1bvmi_25\">Mannekroppen har blitt ansett som normen og prototypen for\u00a0alt \u2013\u00a0alt fra medisiner vi\u00a0alle\u00a0tar, til symptomer ved et hjerteinfarkt.<\/strong><\/p>\n<p class=\"_paragraph_1bvmi_4 _paragraph_xtcu6_10 layout-component text-serif-m layout-normal text-serif-m layout-padded\">At samfunnet har brukt mannen som\u00a0standard\u00a0har hatt\u00a0<a href=\"https:\/\/www.forskningsetikk.no\/ressurser\/fbib\/uavhengighet\/kjonnsperspektiver-i-forskning\/\" class=\"_link_1bvmi_39\" rel=\"nofollow noopener\" target=\"_blank\">fatale<\/a>\u00a0konsekvenser for helsen til milliarder av kvinner.<\/p>\n<p class=\"_paragraph_1bvmi_4 _paragraph_xtcu6_10 layout-component text-serif-m layout-normal text-serif-m layout-padded\">Det er derfor ikke uten grunn at kvinner har m\u00e5ttet ha mye fokus p\u00e5 helse.<\/p>\n<p class=\"_paragraph_1bvmi_4 _paragraph_xtcu6_10 layout-component text-serif-m layout-normal text-serif-m layout-padded\">Kvinner har m\u00e5ttet observere, diskutere og sparre om egne kropper fordi plagene de har hatt har falt utenfor det som er vanlig for standard-kroppen, alts\u00e5 mannekroppen, og har dermed ikke blitt rettmessig anerkjent, diagnostisert og behandlet.<\/p>\n<p class=\"_paragraph_1bvmi_4 _paragraph_xtcu6_10 layout-component text-serif-m layout-normal text-serif-m layout-padded\">Det er derfor noe foruroligende ved to menn som diskuterer kvinner og sykdom mens de smiler og flirer anerkjennende til hverandre, mellom gloser\u00a0<a href=\"https:\/\/www.youtube.com\/watch?v=vvG-G3NlpPA\" class=\"_link_1bvmi_39\" rel=\"nofollow noopener\" target=\"_blank\">som<\/a>\u00a0\u00abDamer synes det er j\u00e6vlig interessant \u00e5 snakke om helse\u00bb og \u00abkanskje g\u00e5r de litt for ofte til legen, og kanskje blir de sykere av den helsepraten\u00bb.<\/p>\n<p class=\"_paragraph_1bvmi_4 _paragraph_xtcu6_10 layout-component text-serif-m layout-normal text-serif-m layout-padded\">Jeg vil p\u00e5st\u00e5 at \u00abhelsepraten\u00bb til kvinner heller har gjort kvinner friskere, nettopp fordi praten har v\u00e6rt en n\u00f8dvendighet i en verden der kvinnelige plager og symptomer aldri n\u00e5dde pensum.<\/p>\n<p class=\"_paragraph_1bvmi_4 _paragraph_xtcu6_10 layout-component text-serif-m layout-normal text-serif-m layout-padded\"><strong class=\"_strong_1bvmi_25\">Vi la dessverre ikke fra oss dette p\u00e5 90-tallet, denne tendensen lever fortsatt i beste velg\u00e5ende.<\/strong><\/p>\n<p class=\"_paragraph_1bvmi_4 _paragraph_xtcu6_10 layout-component text-serif-m layout-normal text-serif-m layout-padded\">Min venninne og tidligere partikollega i SV Areli Urtubias historie er et eksempel p\u00e5 det.<\/p>\n<p class=\"_paragraph_1bvmi_4 _paragraph_xtcu6_10 layout-component text-serif-m layout-normal text-serif-m layout-padded\">Hun fortalte tidligere i \u00e5r denne historien i\u00a0<a href=\"https:\/\/klassekampen.no\/artikkel\/2025-03-08\/mens-vi-venter-pa-en-diagnose\" class=\"_link_1bvmi_39\" rel=\"nofollow noopener\" target=\"_blank\">Klassekampen<\/a>.<\/p>\n<p class=\"_paragraph_1bvmi_4 _paragraph_xtcu6_10 layout-component text-serif-m layout-normal text-serif-m layout-padded\">Areli har v\u00e6rt hos 30 gynekologer og brukt mer enn 100.000 kroner av egen lomme for helsen sin de siste fire \u00e5rene.<\/p>\n<p class=\"_paragraph_1bvmi_4 _paragraph_xtcu6_10 layout-component text-serif-m layout-normal text-serif-m layout-padded\">Areli har endometriose og vulvodyni.<\/p>\n<p class=\"_paragraph_1bvmi_4 _paragraph_xtcu6_10 layout-component text-serif-m layout-normal text-serif-m layout-padded\">Vulvodyni er kroniske smerter i de ytre kj\u00f8nnsorganene.<\/p>\n<p class=\"_paragraph_1bvmi_4 _paragraph_xtcu6_10 layout-component text-serif-m layout-normal text-serif-m layout-padded\">Forskningen p\u00e5 lidelsen er sv\u00e6rt begrenset.<\/p>\n<p class=\"_paragraph_1bvmi_4 _paragraph_xtcu6_10 layout-component text-serif-m layout-normal text-serif-m layout-padded\"><strong class=\"_strong_1bvmi_25\">\u00abSmerten er s\u00e5 sterk at den er altoppslukende. Det kjennes ut som at noen har skj\u00e6rt meg opp nedentil med en kniv dyppa i chili\u00bb, forteller Areli.<\/strong><\/p>\n<p class=\"_paragraph_1bvmi_4 _paragraph_xtcu6_10 layout-component text-serif-m layout-normal text-serif-m layout-padded\">\u00abJeg har g\u00e5tt i minst fire \u00e5r med alvorlig endometriose uten diagnose. Og jeg har v\u00e6rt hos minst 30 gynekologer siden 2020.\u00bb<\/p>\n<p class=\"_paragraph_1bvmi_4 _paragraph_xtcu6_10 layout-component text-serif-m layout-normal text-serif-m layout-padded\">S\u00e5 mye som 1 av 5 kvinner opplever underlivssmerter i l\u00f8pet av livet.<\/p>\n<p class=\"_paragraph_1bvmi_4 _paragraph_xtcu6_10 layout-component text-serif-m layout-normal text-serif-m layout-padded\">At kvinner snakker om smertene og opps\u00f8ker lege er\u00a0ikke\u00a0\u00e5rsaken til at de blir sykere.<\/p>\n<p class=\"_paragraph_1bvmi_4 _paragraph_xtcu6_10 layout-component text-serif-m layout-normal text-serif-m layout-padded\">De blir sykere fordi forskning og helsevesen til den dag i dag ikke har riktig kunnskap, diagnose eller behandling for smertene.<\/p>\n<p class=\"_paragraph_1bvmi_4 _paragraph_xtcu6_10 layout-component text-serif-m layout-normal text-serif-m layout-padded\">\u00c5 p\u00e5st\u00e5 noe annet er umyndiggj\u00f8rende.<\/p>\n<p class=\"_paragraph_1bvmi_4 _paragraph_xtcu6_10 layout-component text-serif-m layout-normal text-serif-m layout-padded\">Areli er blitt m\u00f8tt med lite oppf\u00f8lging og feilbehandlinger, som har gitt henne skader de er usikre p\u00e5 om kan gj\u00f8re henne uf\u00f8r livet ut.<\/p>\n<p class=\"_paragraph_1bvmi_4 _paragraph_xtcu6_10 layout-component text-serif-m layout-normal text-serif-m layout-padded\">Jo lenger man g\u00e5r med slike smerter, jo vanskeligere er de \u00e5 bli kvitt.<\/p>\n<p class=\"_paragraph_1bvmi_4 _paragraph_xtcu6_10 layout-component text-serif-m layout-normal text-serif-m layout-padded\">I intervjuet deler hun at enkelte smerte-episoder har v\u00e6rt s\u00e5 vonde at hun har kjent p\u00e5 at hun ikke vil leve.<\/p>\n<p class=\"_paragraph_1bvmi_4 _paragraph_xtcu6_10 layout-component text-serif-m layout-normal text-serif-m layout-padded\">\u00abHele livet mitt er jo p\u00e5 pause. Doktorgraden er p\u00e5 pause. Bryllupet er p\u00e5 pause\u00bb, sier Areli.<\/p>\n<p class=\"_paragraph_1bvmi_4 _paragraph_xtcu6_10 layout-component text-serif-m layout-normal text-serif-m layout-padded\">Den private akt\u00f8ren Aleris sin administrerende direkt\u00f8r Anita Tunold\u00a0<a href=\"https:\/\/klassekampen.no\/artikkel\/2025-03-08\/mens-vi-venter-pa-en-diagnose\" class=\"_link_1bvmi_39\" rel=\"nofollow noopener\" target=\"_blank\">forteller<\/a>\u00a0at kvinnehelselidelser ofte tar tid \u00e5 finne ut av, nettopp fordi fagfeltet generelt sett er underprioritert.<\/p>\n<p class=\"_paragraph_1bvmi_4 _paragraph_xtcu6_10 layout-component text-serif-m layout-normal text-serif-m layout-padded\">Dette betyr helt enkelt at vi m\u00e5 prate\u00a0mer\u00a0og f\u00e5\u00a0mer\u00a0oppf\u00f8lging fra helsevesenet, heller enn\u00a0mindre.<\/p>\n<p class=\"_paragraph_1bvmi_4 _paragraph_xtcu6_10 layout-component text-serif-m layout-normal text-serif-m layout-padded\">Areli er en ressurssterk kvinne som selv er helsepersonell med mye kunnskap og engasjement for kvinnehelse.<\/p>\n<p class=\"_paragraph_1bvmi_4 _paragraph_xtcu6_10 layout-component text-serif-m layout-normal text-serif-m layout-padded\">Likevel ble det selv i henne s\u00e5dd tvil om hun virkelig hadde endometriose, da hun lenge ble fortalt at hun ikke hadde det.<\/p>\n<p class=\"_paragraph_1bvmi_4 _paragraph_xtcu6_10 layout-component text-serif-m layout-normal text-serif-m layout-padded\"><strong class=\"_strong_1bvmi_25\">Jeg frykter at uttalelser som Eia sine kun bidrar til at kvinner fortsetter \u00e5 tvile p\u00e5 egne opplevelser av reelle, fysiologiske smerter og plager.<\/strong><\/p>\n<p class=\"_paragraph_1bvmi_4 _paragraph_xtcu6_10 layout-component text-serif-m layout-normal text-serif-m layout-padded\">At to menn som er s\u00e5 heldige \u00e5 ha kropper som medisinsk anses \u00e5 v\u00e6re selve \u00abprototypen\u00bb av menneskekroppen, og alle privilegiene som kommer med det, sitter og flirer og prater bagatelliserende om kvinner p\u00e5 ymse legekontor, er b\u00e5de uheldig og historiel\u00f8st.<\/p>\n<p class=\"_paragraph_1bvmi_4 _paragraph_xtcu6_10 layout-component text-serif-m layout-normal text-serif-m layout-padded\">Jeg vil minne Harald Eia p\u00e5 at alt menn gj\u00f8r i sine daglige liv \u2013 jobbe, trene, klippe plenen, hjelpe bestemor \u2013 det gj\u00f8r kvinner ogs\u00e5, men i smerte og bl\u00f8dende.<\/p>\n<p class=\"_paragraph_1bvmi_4 _paragraph_xtcu6_10 layout-component text-serif-m layout-normal text-serif-m layout-padded\">Om han tenkte mer over dette, tror jeg samtalen ville blitt utf\u00f8rt med mindre arroganse og st\u00f8rre anerkjennelse av sitt mannlige privilegium.<\/p>\n<p>   Dette er en kronikk. Kronikken gir uttrykk for skribentens holdning. Du kan sende inn kronikker og debattinnlegg til <a class=\"_link_jv5ak_10\" href=\"https:\/\/www.vg.no\/nyheter\/i\/bmAnw3\/mailto:debatt@vg.no\" rel=\"nofollow noopener\" target=\"_blank\">debatt@vg.no<\/a>. Unge meninger-prosjektet er finansiert med st\u00f8tte av Stiftelsen Tinius. <a class=\"_link_jv5ak_10\" href=\"https:\/\/www.vg.no\/informasjon\/redaksjonelle-avgjorelser\/240\" rel=\"nofollow noopener\" target=\"_blank\">Les mer<\/a>. <\/p>\n","protected":false},"excerpt":{"rendered":"Av: MARIA STEEN SYDOW Samfunnsdebattant Nylig gjestet Harald Eia podkasten \u00abWolfgang Wee\u00bb, der han benyttet anledningen til \u00e5&hellip;\n","protected":false},"author":2,"featured_media":15228,"comment_status":"","ping_status":"","sticky":false,"template":"","format":"standard","meta":{"footnotes":""},"categories":[5],"tags":[20,21,2883,24,25,2885,2429,15,19,2888,2887,22,23,17,18,13,30,28,29,14,16,2886,2884,1185,26,27,103],"class_list":{"0":"post-15227","1":"post","2":"type-post","3":"status-publish","4":"format-standard","5":"has-post-thumbnail","7":"category-overskrifter","8":"tag-breaking-news","9":"tag-breakingnews","10":"tag-endometriose","11":"tag-featured-news","12":"tag-featurednews","13":"tag-forskning","14":"tag-harald-eia","15":"tag-headlines","16":"tag-hovedoppslag","17":"tag-kropp","18":"tag-kvinner","19":"tag-latest-news","20":"tag-latestnews","21":"tag-main-news","22":"tag-mainnews","23":"tag-news","24":"tag-no","25":"tag-norge","26":"tag-norway","27":"tag-nyheter","28":"tag-overskrifter","29":"tag-pcos","30":"tag-smerter","31":"tag-sykdom","32":"tag-top-stories","33":"tag-topstories","34":"tag-vgmeninger"},"share_on_mastodon":{"url":"","error":""},"_links":{"self":[{"href":"https:\/\/www.europesays.com\/no\/wp-json\/wp\/v2\/posts\/15227","targetHints":{"allow":["GET"]}}],"collection":[{"href":"https:\/\/www.europesays.com\/no\/wp-json\/wp\/v2\/posts"}],"about":[{"href":"https:\/\/www.europesays.com\/no\/wp-json\/wp\/v2\/types\/post"}],"author":[{"embeddable":true,"href":"https:\/\/www.europesays.com\/no\/wp-json\/wp\/v2\/users\/2"}],"replies":[{"embeddable":true,"href":"https:\/\/www.europesays.com\/no\/wp-json\/wp\/v2\/comments?post=15227"}],"version-history":[{"count":0,"href":"https:\/\/www.europesays.com\/no\/wp-json\/wp\/v2\/posts\/15227\/revisions"}],"wp:featuredmedia":[{"embeddable":true,"href":"https:\/\/www.europesays.com\/no\/wp-json\/wp\/v2\/media\/15228"}],"wp:attachment":[{"href":"https:\/\/www.europesays.com\/no\/wp-json\/wp\/v2\/media?parent=15227"}],"wp:term":[{"taxonomy":"category","embeddable":true,"href":"https:\/\/www.europesays.com\/no\/wp-json\/wp\/v2\/categories?post=15227"},{"taxonomy":"post_tag","embeddable":true,"href":"https:\/\/www.europesays.com\/no\/wp-json\/wp\/v2\/tags?post=15227"}],"curies":[{"name":"wp","href":"https:\/\/api.w.org\/{rel}","templated":true}]}}